{"id":198828,"date":"2025-06-23T18:35:10","date_gmt":"2025-06-23T18:35:10","guid":{"rendered":"https:\/\/www.europesays.com\/fr\/198828\/"},"modified":"2025-06-23T18:35:10","modified_gmt":"2025-06-23T18:35:10","slug":"a-quoi-va-ressembler-la-saison-2025-2026-pour-tours-et-lalterna-stade-poitevin","status":"publish","type":"post","link":"https:\/\/www.europesays.com\/fr\/198828\/","title":{"rendered":"\u00e0 quoi va ressembler la saison 2025-2026 pour Tours et l\u2019Alterna Stade Poitevin ?"},"content":{"rendered":"<p>La MSL va vivre une petite r\u00e9volution lors de la saison 2025-2026. Ou du moins une \u00e9volution. Le pr\u00e9sident de la Ligue nationale de Volley, Jean Az\u00e9ma, a fait le point sur les nouveaut\u00e9s du prochain exercice sur le site internet de la LNV. R\u00e9sum\u00e9.<\/p>\n<p><strong>&gt;\u00a0Retour \u00e0 quatorze \u00e9quipes\u00a0?<\/strong><\/p>\n<p>Apr\u00e8s les probl\u00e8mes financiers v\u00e9cus par Nantes-Rez\u00e9 lors de la derni\u00e8re intersaison, la MSL avait red\u00e9marr\u00e9 la saison pass\u00e9e avec seulement treize clubs. Sauf sanction de la DNCG, qui a notamment frapp\u00e9 l\u2019AS Cannes de r\u00e9trogradation administrative en division f\u00e9d\u00e9rale en 1re\u00a0instance, ils devraient quand m\u00eame \u00eatre quatorze pour d\u00e9buter le futur exercice \u00e0 partir du 23\u00a0octobre prochain, avec la mont\u00e9e programm\u00e9e du GFC Ajaccio.<\/p>\n<p>Le club azur\u00e9en, qui s\u2019est rapproch\u00e9 de l\u2019entit\u00e9 f\u00e9minine du RC Cannes, a fait appel de la d\u00e9cision et se veut confiant apr\u00e8s avoir transmis les pi\u00e8ces administratives demand\u00e9es par la commission d\u2019aide et de contr\u00f4le des clubs professionnels.<\/p>\n<p>\u00c0 noter \u00e9galement que la saison s\u2019\u00e9tendra d\u00e9sormais sur sept mois et il n\u2019y aura pas de matchs de MSL programm\u00e9s en d\u00e9but de semaine en janvier, f\u00e9vrier et mars. Enfin, il n\u2019y aura qu\u2019une rel\u00e9gation \u00e0 l\u2019issue de la saison r\u00e9guli\u00e8re.<\/p>\n<p><strong>&gt;\u00a0L\u2019apparition du play-in<\/strong><\/p>\n<p>La NBA fait des \u00e9mules. Et pas seulement en Betclic \u00c9lite ou en Pro B qui ont c\u00e9d\u00e9 \u00e0 la mode du play-in d\u00e8s la saison pass\u00e9e. Ce sera \u00e9galement le cas en MSL lors du prochain exercice. Si les six premiers du classement \u00e0 l\u2019issue de la saison r\u00e9guli\u00e8re seront assur\u00e9s de participer aux play-offs, ce ne sera plus forc\u00e9ment le cas des 7e\u00a0et 8e. Ils devront passer par un play-in pour les deux derniers tickets des phases finales face aux \u00e9quipes class\u00e9es 10e\u00a0et 9e. Les deux duels se disputeront en matchs aller-retour avec golden set si besoin.<\/p>\n<p><strong>&gt;\u00a0La formule des play-offs change<\/strong><\/p>\n<p>Fini les quarts de finale au meilleur des cinq matchs, les demi-finales au meilleur des trois et cette finale en aller-retour avec golden set. Cette formule tant d\u00e9cri\u00e9e va laisser la place \u00e0 un syst\u00e8me plus traditionnel puisque c\u2019est le retour des duels en deux matchs gagnants, avec match d\u2019appui \u00e9ventuel. La premi\u00e8re rencontre se jouera chez le moins bien class\u00e9, le retour chez le mieux class\u00e9, tout comme la belle \u00e9ventuelle qui se disputera deux jours plus tard.<\/p>\n<p>Nous avons bloqu\u00e9 l&rsquo;affichage de ce contenu pour respecter vos choix en mati\u00e8re de cookies. En cliquant sur \u00ab\u00a0Accepter\u00a0\u00bb,\u00a0vous acceptez le d\u00e9p\u00f4t de cookies. Vous pouvez modifier vos choix \u00e0 tout moment en vous rendant sur <a class=\"blocSansConsentement_lien__m9THN\" href=\"https:\/\/www.lanouvellerepublique.fr\/politique-de-confidentialite\" target=\"_blank\" rel=\"noopener\">cette page<\/a>.<\/p>\n<p>Accepter<\/p>\n<p><strong>&gt;\u00a0Le match avanc\u00e9 d\u00e9sormais le jeudi<\/strong><\/p>\n<p>BeIN Sport sera toujours le diffuseur de la MSL la saison prochaine. Une bonne nouvelle qui va entra\u00eener un changement puisque le match avanc\u00e9 de chaque journ\u00e9e ne sera plus programm\u00e9 le vendredi mais avanc\u00e9 au jeudi soir sur les antennes. Cela laissera donc la latitude, ensuite, aux clubs de programmer des rencontres le vendredi, le samedi voire le dimanche.<\/p>\n<p>\u00a0<\/p>\n<p>\u00a0<\/p>\n","protected":false},"excerpt":{"rendered":"La MSL va vivre une petite r\u00e9volution lors de la saison 2025-2026. Ou du moins une \u00e9volution. Le&hellip;\n","protected":false},"author":2,"featured_media":198829,"comment_status":"","ping_status":"","sticky":false,"template":"","format":"standard","meta":{"footnotes":""},"categories":[1417],"tags":[1654,1011,27,1387,1655,1653,60,1390,1471,2767,1584,1470,1469],"class_list":{"0":"post-198828","1":"post","2":"type-post","3":"status-publish","4":"format-standard","5":"has-post-thumbnail","7":"category-volley","8":"tag-alterna-stade-poitevin-volley-ball","9":"tag-fr","10":"tag-france","11":"tag-indre-et-loire","12":"tag-ligue-a","13":"tag-poitiers","14":"tag-sports","15":"tag-tours","16":"tag-tours-volley-ball","17":"tag-tvb-37","18":"tag-vienne","19":"tag-volley","20":"tag-volleyball"},"share_on_mastodon":{"url":"https:\/\/pubeurope.com\/@fr\/114734126595326001","error":""},"_links":{"self":[{"href":"https:\/\/www.europesays.com\/fr\/wp-json\/wp\/v2\/posts\/198828","targetHints":{"allow":["GET"]}}],"collection":[{"href":"https:\/\/www.europesays.com\/fr\/wp-json\/wp\/v2\/posts"}],"about":[{"href":"https:\/\/www.europesays.com\/fr\/wp-json\/wp\/v2\/types\/post"}],"author":[{"embeddable":true,"href":"https:\/\/www.europesays.com\/fr\/wp-json\/wp\/v2\/users\/2"}],"replies":[{"embeddable":true,"href":"https:\/\/www.europesays.com\/fr\/wp-json\/wp\/v2\/comments?post=198828"}],"version-history":[{"count":0,"href":"https:\/\/www.europesays.com\/fr\/wp-json\/wp\/v2\/posts\/198828\/revisions"}],"wp:featuredmedia":[{"embeddable":true,"href":"https:\/\/www.europesays.com\/fr\/wp-json\/wp\/v2\/media\/198829"}],"wp:attachment":[{"href":"https:\/\/www.europesays.com\/fr\/wp-json\/wp\/v2\/media?parent=198828"}],"wp:term":[{"taxonomy":"category","embeddable":true,"href":"https:\/\/www.europesays.com\/fr\/wp-json\/wp\/v2\/categories?post=198828"},{"taxonomy":"post_tag","embeddable":true,"href":"https:\/\/www.europesays.com\/fr\/wp-json\/wp\/v2\/tags?post=198828"}],"curies":[{"name":"wp","href":"https:\/\/api.w.org\/{rel}","templated":true}]}}