{"id":198834,"date":"2025-06-23T18:38:11","date_gmt":"2025-06-23T18:38:11","guid":{"rendered":"https:\/\/www.europesays.com\/fr\/198834\/"},"modified":"2025-06-23T18:38:11","modified_gmt":"2025-06-23T18:38:11","slug":"les-finales-en-direct-sur-la-chaine-lequipe","status":"publish","type":"post","link":"https:\/\/www.europesays.com\/fr\/198834\/","title":{"rendered":"Les finales en direct sur la Cha\u00eene L&rsquo;\u00c9quipe"},"content":{"rendered":"<p>                            <img decoding=\"async\" class=\"img-fluid thumbnail__news\" src=\"https:\/\/www.europesays.com\/fr\/wp-content\/uploads\/2025\/06\/ab22a58a-c4bf-4b46-b77d-1f2546a48fcc.jpg\" alt=\"Les finales en direct sur la Cha\u00eene L'\u00c9quipe\"\/><br \/>\n                                                        Le samedi 26 avril, rendez-vous \u00e0 partir de 15h10 sur la Cha\u00eene L&rsquo;\u00c9quipe pour vivre les finales pros de la Coupe de France 2025 : Bourges &#8211; Charleville-M\u00e9zi\u00e8res et Le Mans &#8211; Paris. Les finales des Troph\u00e9es et de la Coupe de France jeunes sera \u00e0 suivre la chaine Youtube de la FFBB.<\/p>\n<p><strong>Programme Finale Coupe de France 2025* :<\/strong><br \/>Vendredi 25\u00a0avril 2025<br \/>18h00 &#8211; Finale du Troph\u00e9e f\u00e9minin &#8211; <a href=\"https:\/\/www.youtube.com\/@FFBB_officiel\" target=\"_blank\" rel=\"noopener\">en direct sur YouTube FFBB<\/a><br \/><strong>Monaco\u00a0(NF1) &#8211; Rouen Bihorel (NF1)<\/strong><br \/>20h30 &#8211; Finale du Troph\u00e9e masculin &#8211; <a href=\"https:\/\/www.youtube.com\/@FFBB_officiel\" target=\"_blank\" rel=\"noopener\">en direct sur YouTube FFBB<\/a><br \/><strong>Beyssac Beaupuy Marmande (NM2) &#8211; Gravenchon (NM2)<\/strong><\/p>\n<p>Samedi 26\u00a0avril 2025<br \/>10h00 &#8211; Finale U18 F\u00e9minines &#8211; <a href=\"https:\/\/www.youtube.com\/@FFBB_officiel\" target=\"_blank\" rel=\"noopener\">en direct sur YouTube FFBB<\/a><br \/><strong>Bourges &#8211; Lyon<\/strong><br \/>12h45 &#8211; Finale U18 masculins &#8211; <a href=\"https:\/\/www.youtube.com\/@FFBB_officiel\" target=\"_blank\" rel=\"noopener\">en direct sur YouTube FFBB<\/a><br \/><strong>Le Mans &#8211; Antibes<\/strong><br \/>15h30\u00a0&#8211; Finale Pros f\u00e9minines\u00a0(Troph\u00e9e Jo\u00e9 Jaunay) &#8211; <a href=\"https:\/\/www.lequipe.fr\/tv\/\" target=\"_blank\" rel=\"noopener\">en direct sur la Cha\u00eene L&rsquo;\u00c9quipe<\/a><br \/><strong>Bourges (LBWL) &#8211;\u00a0Charleville-M\u00e9zi\u00e8res (LBWL)<\/strong><br \/>18h15\u00a0&#8211; Finale Pros masculins\u00a0(Troph\u00e9e Robert Busnel) &#8211; <a href=\"https:\/\/www.lequipe.fr\/tv\/\" target=\"_blank\" rel=\"noopener\">en direct sur la Cha\u00eene L&rsquo;\u00c9quipe<\/a><br \/><strong>Le Mans (Betclic Elite) &#8211; Paris (Betclic Elite)<\/strong><\/p>\n<p>*sous r\u00e9serve de modifications<\/p>\n","protected":false},"excerpt":{"rendered":"Le samedi 26 avril, rendez-vous \u00e0 partir de 15h10 sur la Cha\u00eene L&rsquo;\u00c9quipe pour vivre les finales pros&hellip;\n","protected":false},"author":2,"featured_media":198835,"comment_status":"","ping_status":"","sticky":false,"template":"","format":"standard","meta":{"footnotes":""},"categories":[1414],"tags":[1465,1464,1011,27,60],"class_list":{"0":"post-198834","1":"post","2":"type-post","3":"status-publish","4":"format-standard","5":"has-post-thumbnail","7":"category-basket","8":"tag-basket","9":"tag-basketball","10":"tag-fr","11":"tag-france","12":"tag-sports"},"share_on_mastodon":{"url":"https:\/\/pubeurope.com\/@fr\/114734137751147358","error":""},"_links":{"self":[{"href":"https:\/\/www.europesays.com\/fr\/wp-json\/wp\/v2\/posts\/198834","targetHints":{"allow":["GET"]}}],"collection":[{"href":"https:\/\/www.europesays.com\/fr\/wp-json\/wp\/v2\/posts"}],"about":[{"href":"https:\/\/www.europesays.com\/fr\/wp-json\/wp\/v2\/types\/post"}],"author":[{"embeddable":true,"href":"https:\/\/www.europesays.com\/fr\/wp-json\/wp\/v2\/users\/2"}],"replies":[{"embeddable":true,"href":"https:\/\/www.europesays.com\/fr\/wp-json\/wp\/v2\/comments?post=198834"}],"version-history":[{"count":0,"href":"https:\/\/www.europesays.com\/fr\/wp-json\/wp\/v2\/posts\/198834\/revisions"}],"wp:featuredmedia":[{"embeddable":true,"href":"https:\/\/www.europesays.com\/fr\/wp-json\/wp\/v2\/media\/198835"}],"wp:attachment":[{"href":"https:\/\/www.europesays.com\/fr\/wp-json\/wp\/v2\/media?parent=198834"}],"wp:term":[{"taxonomy":"category","embeddable":true,"href":"https:\/\/www.europesays.com\/fr\/wp-json\/wp\/v2\/categories?post=198834"},{"taxonomy":"post_tag","embeddable":true,"href":"https:\/\/www.europesays.com\/fr\/wp-json\/wp\/v2\/tags?post=198834"}],"curies":[{"name":"wp","href":"https:\/\/api.w.org\/{rel}","templated":true}]}}