{"id":19884,"date":"2025-04-12T13:42:09","date_gmt":"2025-04-12T13:42:09","guid":{"rendered":"https:\/\/www.europesays.com\/fr\/19884\/"},"modified":"2025-04-12T13:42:09","modified_gmt":"2025-04-12T13:42:09","slug":"la-russie-pourrait-deployer-des-armes-nucleaires-dans-lespace-selon-lotan-voici-en-quoi-cela-est-tres-preoccupant","status":"publish","type":"post","link":"https:\/\/www.europesays.com\/fr\/19884\/","title":{"rendered":"La Russie pourrait d\u00e9ployer des armes nucl\u00e9aires dans l&rsquo;espace, selon l&rsquo;Otan: voici en quoi cela est tr\u00e8s pr\u00e9occupant"},"content":{"rendered":"<p class=\"ap-StoryElement ap-StoryElement--mb ap-StoryText\">La Russie \u00e9tudie la possibilit\u00e9 de d\u00e9ployer des armes nucl\u00e9aires dans l&rsquo;espace afin de frapper des satellites de t\u00e9l\u00e9communication, a indiqu\u00e9 le secr\u00e9taire g\u00e9n\u00e9ral de <a href=\"https:\/\/www.dhnet.be\/actu\/monde\/2025\/03\/24\/un-expert-militaire-allemand-alerte-lotan-a-propos-dune-possible-attaque-russe-dici-lautomne-la-menace-est-grande-3LNRC7CAXNBTZB67P6NWB3QNGA\/\" target=\"_blank\" rel=\"noopener\">l&rsquo;Otan<\/a>, Mark Rutte, dans l&rsquo;\u00e9dition dominicale du journal allemand Die Welt.<\/p>\n<p class=\"ap-StoryElement ap-StoryElement--mb ap-StoryText\">Selon le chef de l&rsquo;Alliance atlantique, le d\u00e9veloppement de ces armes antisatellites est tr\u00e8s pr\u00e9occupant. La destruction de satellites provoquerait en effet le chaos sur Terre, de nombreux syst\u00e8mes d\u00e9pendant d&rsquo;eux pour leur fonctionnement. Cela affecterait non seulement le domaine commercial, mais aussi la d\u00e9fense et donc la s\u00e9curit\u00e9 de mani\u00e8re g\u00e9n\u00e9rale, a pr\u00e9cis\u00e9 Mark Rutte.<\/p>\n","protected":false},"excerpt":{"rendered":"La Russie \u00e9tudie la possibilit\u00e9 de d\u00e9ployer des armes nucl\u00e9aires dans l&rsquo;espace afin de frapper des satellites de&hellip;\n","protected":false},"author":2,"featured_media":19885,"comment_status":"","ping_status":"","sticky":false,"template":"","format":"standard","meta":{"footnotes":""},"categories":[1591],"tags":[11,386,1887,12,136,1885,1886,132],"class_list":{"0":"post-19884","1":"post","2":"type-post","3":"status-publish","4":"format-standard","5":"has-post-thumbnail","7":"category-russie","8":"tag-actualites","9":"tag-espace","10":"tag-federation-de-russie","11":"tag-news","12":"tag-otan","13":"tag-russia","14":"tag-russian-federation","15":"tag-russie"},"share_on_mastodon":{"url":"https:\/\/pubeurope.com\/@fr\/114325287340639231","error":""},"_links":{"self":[{"href":"https:\/\/www.europesays.com\/fr\/wp-json\/wp\/v2\/posts\/19884","targetHints":{"allow":["GET"]}}],"collection":[{"href":"https:\/\/www.europesays.com\/fr\/wp-json\/wp\/v2\/posts"}],"about":[{"href":"https:\/\/www.europesays.com\/fr\/wp-json\/wp\/v2\/types\/post"}],"author":[{"embeddable":true,"href":"https:\/\/www.europesays.com\/fr\/wp-json\/wp\/v2\/users\/2"}],"replies":[{"embeddable":true,"href":"https:\/\/www.europesays.com\/fr\/wp-json\/wp\/v2\/comments?post=19884"}],"version-history":[{"count":0,"href":"https:\/\/www.europesays.com\/fr\/wp-json\/wp\/v2\/posts\/19884\/revisions"}],"wp:featuredmedia":[{"embeddable":true,"href":"https:\/\/www.europesays.com\/fr\/wp-json\/wp\/v2\/media\/19885"}],"wp:attachment":[{"href":"https:\/\/www.europesays.com\/fr\/wp-json\/wp\/v2\/media?parent=19884"}],"wp:term":[{"taxonomy":"category","embeddable":true,"href":"https:\/\/www.europesays.com\/fr\/wp-json\/wp\/v2\/categories?post=19884"},{"taxonomy":"post_tag","embeddable":true,"href":"https:\/\/www.europesays.com\/fr\/wp-json\/wp\/v2\/tags?post=19884"}],"curies":[{"name":"wp","href":"https:\/\/api.w.org\/{rel}","templated":true}]}}