{"id":198840,"date":"2025-06-23T18:41:10","date_gmt":"2025-06-23T18:41:10","guid":{"rendered":"https:\/\/www.europesays.com\/fr\/198840\/"},"modified":"2025-06-23T18:41:10","modified_gmt":"2025-06-23T18:41:10","slug":"cyclisme-transfert-une-pepite-francaise-de-18-ans-signe-a-la-conti-groupama-fdj","status":"publish","type":"post","link":"https:\/\/www.europesays.com\/fr\/198840\/","title":{"rendered":"Cyclisme. Transfert &#8211; Une p\u00e9pite fran\u00e7aise de 18 ans signe \u00e0 la Conti Groupama-FDJ"},"content":{"rendered":"<p><strong>Johan Blanc<\/strong> a sign\u00e9 pour deux ans au sein de la <strong>Conti Groupama-FDJ<\/strong> (\u00e9quipe r\u00e9serve de la WorldTour). D\u00e9j\u00e0 membre du programme Juniors de l&rsquo;\u00e9quipe fran\u00e7aise, tout en \u00e9tant licenci\u00e9 au <strong>Stade Toulousain Cyclisme Acad\u00e9mie<\/strong>, le coureur de tout juste 18 ans (n\u00e9 en 2007), poursuivra sa formation au sein de la structure de <strong>Marc Madiot <\/strong>au moins en 2026 et 2027. 2e de <strong>La Classique des Alpes<\/strong>, 5e de la <strong>Gipuzkoa Klasikoa<\/strong>, 6e du <strong>Tour de Pays de Vaud<\/strong>, 6e de la <strong>Course de la Paix Juniors<\/strong>, 3e de la <strong>Bernaudeau Junior<\/strong>&#8230; <strong>Blanc <\/strong>s&rsquo;est d\u00e9j\u00e0 montr\u00e9 \u00e0 son avantage sur les meilleures courses U19, mettant en avant notamment ses belles qualit\u00e9s de grimpeur. 5e de <a href=\"https:\/\/www.cyclismactu.net\/..\/news-route-les-top-10-des-talents-suivre-classements-de-cyclism-actu-83849.html\" target=\"_blank\" rel=\"nofollow noopener\">notre classement des talents \u00e0 suivre de la g\u00e9n\u00e9ration 2007<\/a>, 4e du classement Juniors de <a href=\"https:\/\/firstcycling.com\/ranking.php?k=fc&amp;rank=jr&amp;y=2025\" target=\"_blank\" rel=\"nofollow noopener\">FirstCycling<\/a>&#8230; de grosses attentes sont plac\u00e9s sur le Fran\u00e7ais !<\/p>\n<p>Vid\u00e9o &#8211; Romain Gr\u00e9goire est lui aussi pass\u00e9 par la Conti Lire la suite de l&rsquo;article&#13;<\/p>\n<p>\u00a0<\/p>\n<p>&#13;<br \/>\n\u00ab\u00a0J\u2019ai envie de passer un nouveau cap avec La Conti\u00a0\u00bb&#13;<\/p>\n<p>\u00ab\u00a0Apr\u00e8s avoir arr\u00eat\u00e9 le triathlon, j\u2019ai surtout fait du VTT et du cyclo-cross. Je ne me suis mis \u00e0 la route s\u00e9rieusement que depuis ma premi\u00e8re ann\u00e9e junior. J\u2019ai toujours aim\u00e9 les trois disciplines, mais au fur et \u00e0 mesure, il s\u2019est av\u00e9r\u00e9 que je pr\u00e9f\u00e9rais la route\u00a0\u00bb, a d\u00e9clar\u00e9 <strong>Blanc<\/strong>.\u00a0\u00ab\u00a0J\u2019ai beaucoup appris et progress\u00e9 ces derni\u00e8res ann\u00e9es, notamment en rejoignant le Programme Juniors de l\u2019\u00e9quipe. J\u2019ai vraiment d\u00e9couvert ce qu\u2019\u00e9tait le cyclisme sur route, ce furent deux ann\u00e9es riches en apprentissage et en \u00e9volution.\u00a0J\u2019ai envie de passer un nouveau cap avec La Conti.\u00a0Je suis surtout satisfait de ma r\u00e9gularit\u00e9. Il n\u2019y a pas beaucoup de courses o\u00f9 j\u2019ai moins perform\u00e9.\u00a0\u00bb<\/p>\n<p>&#13;<\/p>\n<p>\u00ab\u00a0J\u2019ai eu la chance d\u2019\u00eatre s\u00e9lectionn\u00e9 dans le Programme Juniors, et \u00e7a s\u2019est vraiment bien pass\u00e9 jusque-l\u00e0. On est super bien encadr\u00e9s et je prends du plaisir avec l\u2019\u00e9quipe sur les courses, sur les stages, donc j\u2019ai vraiment envie de continuer avec elle et de passer un nouveau cap avec La Conti. C\u2019est un processus qui a fait ses preuves, et \u00e7a donne d\u2019autant plus envie de suivre ce chemin. Avec La Conti, j\u2019aimerais continuer de progresser, \u00e0 l\u2019image de ces deux derni\u00e8res ann\u00e9es, et \u00e9videmment gagner des courses ! Ensuite, le but sera de franchir l\u2019autre cap, celui de La Conti \u00e0 la WorldTour. Le fait que mon avenir proche soit d\u00e9j\u00e0 statu\u00e9 est une preuve de confiance, et cela me permet aussi de ne penser qu\u2019aux courses en m\u2019enlevant une certaine pression\u00a0\u00bb, poursuit-il.\u00a0\u00ab\u00a0Ce que je pr\u00e9f\u00e8re, en tout cas, ce sont les longues mont\u00e9es. Je pense \u00eatre plut\u00f4t un grimpeur, mais gr\u00e2ce \u00e0 mon pass\u00e9 dans le cyclo-cross et le VTT, je suis aussi assez polyvalent.\u00a0\u00bb<\/p>\n","protected":false},"excerpt":{"rendered":"Johan Blanc a sign\u00e9 pour deux ans au sein de la Conti Groupama-FDJ (\u00e9quipe r\u00e9serve de la WorldTour).&hellip;\n","protected":false},"author":2,"featured_media":198841,"comment_status":"","ping_status":"","sticky":false,"template":"","format":"standard","meta":{"footnotes":""},"categories":[1411],"tags":[1154,207,211,1011,27,209,60,210,969,212,208,213],"class_list":{"0":"post-198840","1":"post","2":"type-post","3":"status-publish","4":"format-standard","5":"has-post-thumbnail","7":"category-cyclisme","8":"tag-cycling","9":"tag-cyclisme","10":"tag-ffc","11":"tag-fr","12":"tag-france","13":"tag-route","14":"tag-sports","15":"tag-tour-de-france","16":"tag-transfert","17":"tag-uci","18":"tag-velo","19":"tag-world-tour"},"share_on_mastodon":{"url":"https:\/\/pubeurope.com\/@fr\/114734149421194088","error":""},"_links":{"self":[{"href":"https:\/\/www.europesays.com\/fr\/wp-json\/wp\/v2\/posts\/198840","targetHints":{"allow":["GET"]}}],"collection":[{"href":"https:\/\/www.europesays.com\/fr\/wp-json\/wp\/v2\/posts"}],"about":[{"href":"https:\/\/www.europesays.com\/fr\/wp-json\/wp\/v2\/types\/post"}],"author":[{"embeddable":true,"href":"https:\/\/www.europesays.com\/fr\/wp-json\/wp\/v2\/users\/2"}],"replies":[{"embeddable":true,"href":"https:\/\/www.europesays.com\/fr\/wp-json\/wp\/v2\/comments?post=198840"}],"version-history":[{"count":0,"href":"https:\/\/www.europesays.com\/fr\/wp-json\/wp\/v2\/posts\/198840\/revisions"}],"wp:featuredmedia":[{"embeddable":true,"href":"https:\/\/www.europesays.com\/fr\/wp-json\/wp\/v2\/media\/198841"}],"wp:attachment":[{"href":"https:\/\/www.europesays.com\/fr\/wp-json\/wp\/v2\/media?parent=198840"}],"wp:term":[{"taxonomy":"category","embeddable":true,"href":"https:\/\/www.europesays.com\/fr\/wp-json\/wp\/v2\/categories?post=198840"},{"taxonomy":"post_tag","embeddable":true,"href":"https:\/\/www.europesays.com\/fr\/wp-json\/wp\/v2\/tags?post=198840"}],"curies":[{"name":"wp","href":"https:\/\/api.w.org\/{rel}","templated":true}]}}