{"id":198844,"date":"2025-06-23T18:43:09","date_gmt":"2025-06-23T18:43:09","guid":{"rendered":"https:\/\/www.europesays.com\/fr\/198844\/"},"modified":"2025-06-23T18:43:09","modified_gmt":"2025-06-23T18:43:09","slug":"laeticia-hallyday-on-sait-combien-elle-a-vendu-marnes-la-coquette-elle-a-brade-la-maison-de-johnny","status":"publish","type":"post","link":"https:\/\/www.europesays.com\/fr\/198844\/","title":{"rendered":"Laeticia Hallyday : on sait combien elle a vendu Marnes-la-Coquette, elle a brad\u00e9 la maison de Johnny !"},"content":{"rendered":"<p class=\"p1\">Il s\u2019agit de la derni\u00e8re demeure du Taulier. Le 5<br \/>\nd\u00e9cembre 2017, <strong>Johnny Hallyday est mort<\/strong> des suites<br \/>\nd\u2019un cancer du poumon, dans sa maison de Marnes-la-Coquette<br \/>\n(Hauts-de-Seine). Peu apr\u00e8s, sa veuve Laeticia Hallyday a d\u00e9cid\u00e9 de<br \/>\nmettre la propri\u00e9t\u00e9 en vente afin de <strong>rembourser ses<br \/>\ndettes<\/strong>.<\/p>\n<p class=\"p1\">Plus de sept ans apr\u00e8s la mort du rockeur, \u201cLa<br \/>\nSavannah\u201d a enfin trouv\u00e9 preneur. En effet, jeudi 19 juin,<br \/>\nCloser a r\u00e9v\u00e9l\u00e9 en exclusivit\u00e9 <a href=\"https:\/\/www.closermag.fr\/people\/exclu-laeticia-hallyday-fin-dune-ere-a-marnes-la-coquette-elle-a-enfin-vendu-la-maison-de-johnny-3556277\" target=\"_blank\" rel=\"noopener\"><br \/>\nla vente de la villa<\/a>. Les nouveaux propri\u00e9taires vont ainsi<br \/>\npouvoir profiter des <strong>5000 m\u00e8tres carr\u00e9s de terrain<\/strong><br \/>\net des <strong>1000 m\u00e8tres carr\u00e9s habitables<\/strong> de la maison.<br \/>\nCelle-ci poss\u00e8de plusieurs installations dont une salle de sport,<br \/>\nune piscine, une cave \u00e0 vin, un court de tennis ou encore une salle<br \/>\nde cin\u00e9ma priv\u00e9e.<\/p>\n<p>La villa de Marnes-la-Coquette a \u00e9t\u00e9 vendue pour 8<br \/>\nmillions d\u2019euros<\/p>\n<p class=\"p1\">Quatre jours apr\u00e8s l\u2019annonce de la vente de <a href=\"https:\/\/www.closermag.fr\/people\/johnny-hallyday-a-quoi-ressemble-sa-maison-de-marnes-la-coquette-vendue-par-laeticia-3556643\" target=\"_blank\" rel=\"noopener\"><br \/>\nla maison de Marnes-la-Coquette<\/a>, son prix de vente a \u00e9t\u00e9<br \/>\nd\u00e9voil\u00e9. Selon les informations de M6, Laeticia Hallyday a accept\u00e9<br \/>\nde vendre la propri\u00e9t\u00e9 pour un montant d\u2019environ <strong>8 millions<br \/>\nd\u2019euros<\/strong>. Une source proche du dossier a d\u2019ailleurs<br \/>\nconfirm\u00e9 qu\u2019\u201cune partie de l\u2019argent a d\u00e9j\u00e0 \u00e9t\u00e9<br \/>\nremise\u201d.<\/p>\n<p>Gr\u00e2ce \u00e0 cette vente, la veuve de Johnny Hallyday devrait enfin<br \/>\npouvoir souffler. \u201cCette somme servira \u00e0 rembourser les imp\u00f4ts<br \/>\nqui r\u00e9clamaient au chanteur plusieurs millions d\u2019arri\u00e9r\u00e9s<br \/>\nfiscaux\u201d, a pr\u00e9cis\u00e9 M6. \u00c0 l\u2019heure actuelle, <strong>l\u2019identit\u00e9<br \/>\ndu nouveau propri\u00e9taire<\/strong> n\u2019est pas encore connue.<\/p>\n<blockquote class=\"twitter-tweet\"><p><a class=\"twitter-link\" rel=\"noindex, nofollow noopener\" href=\"https:\/\/twitter.com\/frvignolle\/status\/1937156069287211129\" target=\"_blank\"><\/p><\/blockquote>\n<p>Laeticia Hallyday a divis\u00e9 par trois<br \/>\nle prix de vente<\/p>\n<p class=\"p1\">Johnny et Laeticia Hallyday avaient acquis la maison<br \/>\nde Marnes-la-Coquette en 1999. Le couple y avait ensuite v\u00e9cu<br \/>\ndurant 18 ans, jusqu\u2019\u00e0 la disparition du chanteur. Apr\u00e8s sa mort,<br \/>\nla m\u00e8re de Jade et Joy avait mis la propri\u00e9t\u00e9 en vente pour<br \/>\n<strong>26 millions d\u2019euros<\/strong>.<\/p>\n<p class=\"p1\">Pendant plus de sept ans, plusieurs mandataires se<br \/>\nsont succ\u00e9d\u00e9 pour tenter de vendre la villa, sans succ\u00e8s. En<br \/>\nnovembre dernier, <a href=\"https:\/\/www.closermag.fr\/people\/exclu-laeticia-hallyday-plombee-par-les-dettes-de-johnny-decision-radicale-pour-sa-maison-de-marnes-la-coquette-3539483\" target=\"_blank\" rel=\"noopener\"><br \/>\nLaeticia Hallyday<\/a> avait accept\u00e9 de <strong>r\u00e9duire son prix \u00e0<br \/>\n10,5 millions<\/strong>. Finalement, elle a donc brad\u00e9 la maison<br \/>\npuisque son prix de d\u00e9part a \u00e9t\u00e9 <strong>divis\u00e9 par trois<\/strong>.<br \/>\nUne vente qui devrait d\u00e9sormais lui permettre de tourner la<br \/>\npage.<\/p>\n<p><script async src=\"https:\/\/platform.twitter.com\/widgets.js\" charset=\"utf-8\"><\/script><\/p>\n","protected":false},"excerpt":{"rendered":"Il s\u2019agit de la derni\u00e8re demeure du Taulier. Le 5 d\u00e9cembre 2017, Johnny Hallyday est mort des suites&hellip;\n","protected":false},"author":2,"featured_media":198845,"comment_status":"","ping_status":"","sticky":false,"template":"","format":"standard","meta":{"footnotes":""},"categories":[1359],"tags":[548,58,59,1011,27,1304,7648,973],"class_list":{"0":"post-198844","1":"post","2":"type-post","3":"status-publish","4":"format-standard","5":"has-post-thumbnail","7":"category-people","8":"tag-article-simple","9":"tag-divertissement","10":"tag-entertainment","11":"tag-fr","12":"tag-france","13":"tag-johnny-hallyday","14":"tag-laeticia-hallyday","15":"tag-people"},"share_on_mastodon":{"url":"https:\/\/pubeurope.com\/@fr\/114734157386172232","error":""},"_links":{"self":[{"href":"https:\/\/www.europesays.com\/fr\/wp-json\/wp\/v2\/posts\/198844","targetHints":{"allow":["GET"]}}],"collection":[{"href":"https:\/\/www.europesays.com\/fr\/wp-json\/wp\/v2\/posts"}],"about":[{"href":"https:\/\/www.europesays.com\/fr\/wp-json\/wp\/v2\/types\/post"}],"author":[{"embeddable":true,"href":"https:\/\/www.europesays.com\/fr\/wp-json\/wp\/v2\/users\/2"}],"replies":[{"embeddable":true,"href":"https:\/\/www.europesays.com\/fr\/wp-json\/wp\/v2\/comments?post=198844"}],"version-history":[{"count":0,"href":"https:\/\/www.europesays.com\/fr\/wp-json\/wp\/v2\/posts\/198844\/revisions"}],"wp:featuredmedia":[{"embeddable":true,"href":"https:\/\/www.europesays.com\/fr\/wp-json\/wp\/v2\/media\/198845"}],"wp:attachment":[{"href":"https:\/\/www.europesays.com\/fr\/wp-json\/wp\/v2\/media?parent=198844"}],"wp:term":[{"taxonomy":"category","embeddable":true,"href":"https:\/\/www.europesays.com\/fr\/wp-json\/wp\/v2\/categories?post=198844"},{"taxonomy":"post_tag","embeddable":true,"href":"https:\/\/www.europesays.com\/fr\/wp-json\/wp\/v2\/tags?post=198844"}],"curies":[{"name":"wp","href":"https:\/\/api.w.org\/{rel}","templated":true}]}}