{"id":198846,"date":"2025-06-23T18:44:12","date_gmt":"2025-06-23T18:44:12","guid":{"rendered":"https:\/\/www.europesays.com\/fr\/198846\/"},"modified":"2025-06-23T18:44:12","modified_gmt":"2025-06-23T18:44:12","slug":"peur-de-la-polemique-ou-simple-cafouillage","status":"publish","type":"post","link":"https:\/\/www.europesays.com\/fr\/198846\/","title":{"rendered":"peur de la pol\u00e9mique ou simple cafouillage\u00a0?"},"content":{"rendered":"<p>      L\u2019Assembl\u00e9e nationale vient de r\u00e9v\u00e9ler quelques images et une maquette de ce nouveau b\u00e2timent d\u2019accueil, qui doit ouvrir en\u00a02028\u00a0: une fa\u00e7ade de verre suppos\u00e9e \u00e9voquer la transparence. Alors m\u00eame que la presse n\u2019a pas \u00e9t\u00e9 inform\u00e9e\u2026              <a href=\"https:\/\/www.europesays.com\/fr\/wp-content\/uploads\/2025\/06\/54ad4ce_upload-1-naani2ukzi46-080-hl-lboyer-2109213.jpg\" data-pswp-width=\"\" data-pswp-height=\"\" class=\"media__hd\" target=\"_blank\">      <img decoding=\"async\" fetchpriority=\"high\" src=\"https:\/\/www.europesays.com\/fr\/wp-content\/uploads\/2025\/06\/54ad4ce_upload-1-naani2ukzi46-080-hl-lboyer-2109213.jpg\" class=\"media__picture js-media-zoom-main \" alt=\"En venant du pont de la Concorde, le futur pavillon se situera \u00e0 droite du fronton \u00e0 colonnes dessin\u00e9 en\u00a01806, et qui fait \u00e9cho \u00e0 celui de l\u2019\u00e9glise de la Madeleine.\" title=\"Photo Laure Boyer\/Hans Lucas via AFP\"\/>      <\/p>\n<p class=\"media__legend\"> En venant du pont de la Concorde, le futur pavillon se situera \u00e0 droite du fronton \u00e0 colonnes dessin\u00e9 en\u00a01806, et qui fait \u00e9cho \u00e0 celui de l\u2019\u00e9glise de la Madeleine.  Photo Laure Boyer\/Hans Lucas via AFP  <\/p>\n<p>     <\/a>                    <\/p>\n<p class=\"author author--simple\">Par  <a class=\"author author--link\" href=\"https:\/\/www.telerama.fr\/recherche\/articles?q=Xavier+de+Jarcy\" rel=\"nofollow noopener\" target=\"_blank\"> Xavier de Jarcy <\/a>    <\/p>\n<p class=\"publication__date\">Publi\u00e9 le 23 juin 2025 \u00e0 17h20<\/p>\n<p>   Partager   <\/p>\n<ul class=\"sharing-popin--results\">\n<li class=\"sharing-popin--item sharing-popin--item-container\"> Partage  <\/li>\n<li data-share=\"linkedin\" class=\"sharing-popin--item\">  LinkedIn <\/li>\n<li data-share=\"facebook\" class=\"sharing-popin--item\">  Facebook <\/li>\n<li data-share=\"mail\" data-social=\"mail\" class=\"sharing-popin--item\">  Envoyer par email <\/li>\n<li data-share=\"copy\" class=\"sharing-popin--item\">  Copier le lien <\/li>\n<\/ul>\n<p>        Favoris       <\/p>\n<p>                <a class=\"openapp__link\" data-event=\"click-open-app\">  Lire dans l&rsquo;application<br \/>\n  <\/a>                              <\/p>\n<p class=\"paragraph\">Encore une de ces pol\u00e9miques architecturales dont Paris a le secret. L\u2019Assembl\u00e9e nationale vient de d\u00e9voiler, \u00e0 l\u2019occasion d\u2019un \u00ab\u00a0week-end portes ouvertes\u00a0\u00bb, quelques images et la maquette de son futur pavillon d\u2019accueil, qui doit \u00eatre construit d\u2019ici \u00e0 2028. Propos\u00e9 par sa pr\u00e9sidente, Ya\u00ebl Braun-Pivet, ce b\u00e2timent a \u00e9t\u00e9 approuv\u00e9 \u00e0 l\u2019unanimit\u00e9 par le bureau du Palais-Bourbon. Mais la presse n\u2019a pas \u00e9t\u00e9 inform\u00e9e. Pour un projet devant symboliser la transparence, \u00e7a tombe mal.<\/p>\n<p class=\"edito__prefixe\">   \u00c0 lire aussi :   <\/p>\n<p class=\"edito__text-container\">   <a alt=\"Lire aussi\" href=\"https:\/\/www.telerama.fr\/debats-reportages\/assemblee-spectacle-monde-ou-l-on-catche-ce-que-l-analyse-des-discours-des-deputes-dit-de-la-vie-politique-7023890.php\" class=\"article__title--edito\" rel=\"nofollow noopener\" target=\"_blank\">\u201cAssembl\u00e9e spectacle\u201d, \u201cmonde o\u00f9 l\u2019on catche\u201d\u00a0: ce que l\u2019analyse des discours des d\u00e9put\u00e9s dit de la vie politique<\/a>  <\/p>\n<p class=\"paragraph\">En venant du pont de la Concorde, le pavillon se situera \u00e0 droite du fronton \u00e0 colonnes dessin\u00e9 en\u00a01806, et qui fait \u00e9cho \u00e0 celui de l\u2019\u00e9glise de la Madeleine. \u00c0 l\u2019int\u00e9rieur, une surface importante \u2014 plus de 4\u00a0000\u00a0m\u00e8tres carr\u00e9s \u2014 contiendra, dit une brochure sur les journ\u00e9es portes ouvertes, \u00ab\u00a0un parcours citoyen, immersif, participatif et p\u00e9dagogique\u00a0\u00bb sur l\u2019histoire et le fonctionnement de cette maison des citoyens. Le projet a \u00e9t\u00e9 confi\u00e9 sur concours \u00e0 l\u2019agence Moatti-Rivi\u00e8re, qui a d\u00e9j\u00e0 sign\u00e9 la sc\u00e9nographie de l\u2019H\u00f4tel de la Marine, de l\u2019autre c\u00f4t\u00e9 de la place de la Concorde. Mais l\u2019agence ignorait que la r\u00e9v\u00e9lation du projet aurait lieu ce week-end. Et elle pr\u00e9cise en \u00eatre seulement \u00e0 la phase d\u2019\u00e9tude.<\/p>\n<p>                Des courbures qui \u00e9voquent plut\u00f4t\u2026 la Samaritaine                       <\/p>\n<p class=\"paragraph\">\u00c0 en croire les rares images disponibles, de mauvaise qualit\u00e9, les architectes ont dessin\u00e9 une fa\u00e7ade vitr\u00e9e en quatre \u00e9l\u00e9ments bomb\u00e9s verticaux \u00e9voquant des colonnes de verre. \u00ab\u00a0Ce nouvel accueil, qui respectera l\u2019identit\u00e9 du site et les dimensions du pavillon actuel, s\u2019ouvrira sur la ville et mettra en valeur l\u2019embl\u00e9matique colonnade, comme un message de bienvenue\u00a0\u00bb, affirme le document de l\u2019Assembl\u00e9e.<\/p>\n<p>                              <a href=\"https:\/\/www.europesays.com\/fr\/wp-content\/uploads\/2025\/06\/7b0058f_upload-1-x7ketzkks8eb-dp2025-visites-assemblee-nationale-18.jpg\" data-pswp-width=\"\" data-pswp-height=\"\" class=\"media__hd\" target=\"_blank\">      <img decoding=\"async\" loading=\"lazy\" src=\"https:\/\/www.europesays.com\/fr\/wp-content\/uploads\/2025\/06\/7b0058f_upload-1-x7ketzkks8eb-dp2025-visites-assemblee-nationale-18.jpg\" class=\"media__picture js-media-zoom  media__size--large\" alt=\"Projet de nouvel accueil du public de l\u2019Assembl\u00e9e nationale, par le cabinet d\u2019architecture Moatti-Rivi\u00e8re.\" title=\"Moatti-Rivi\u00e8re\"\/>      <\/p>\n<p class=\"media__legend\"> Projet de nouvel accueil du public de l\u2019Assembl\u00e9e nationale, par le cabinet d\u2019architecture Moatti-Rivi\u00e8re.  Moatti-Rivi\u00e8re  <\/p>\n<p>     <\/a>                          <\/p>\n<p class=\"paragraph\">Mais les courbures vitr\u00e9es \u00e9voquent plut\u00f4t la fa\u00e7ade de la Samaritaine, rue de Rivoli. Et leur style n\u00e9oclassique rappelle les grosses colonnes doriques qu\u2019affectionnait l\u2019architecte Ricardo Bofill dans les ann\u00e9es\u00a01980. Si l\u2019intention d\u2019\u00ab\u00a0ouvrir encore plus grand les portes de la d\u00e9mocratie\u00a0\u00bb est louable, ce projet risque donc de susciter une forte opposition. Et la mani\u00e8re cafouilleuse dont il est r\u00e9v\u00e9l\u00e9 laisse songeur. La Tribune de l\u2019art annonce d\u00e9j\u00e0 <a target=\"_blank\" href=\"https:\/\/x.com\/ltdla\/status\/1936864204407107591\" rel=\"nofollow\">sur son compte X<\/a> un \u00ab\u00a0scandale de premi\u00e8re cat\u00e9gorie\u00a0\u00bb. Nul doute que les associations de d\u00e9fense du patrimoine vont s\u2019en m\u00ealer.<\/p>\n","protected":false},"excerpt":{"rendered":"L\u2019Assembl\u00e9e nationale vient de r\u00e9v\u00e9ler quelques images et une maquette de ce nouveau b\u00e2timent d\u2019accueil, qui doit ouvrir&hellip;\n","protected":false},"author":2,"featured_media":198847,"comment_status":"","ping_status":"","sticky":false,"template":"","format":"standard","meta":{"footnotes":""},"categories":[1358],"tags":[1348,1384,1385,1386,58,59,1011,27],"class_list":{"0":"post-198846","1":"post","2":"type-post","3":"status-publish","4":"format-standard","5":"has-post-thumbnail","7":"category-arts-et-design","8":"tag-arts","9":"tag-arts-and-design","10":"tag-arts-et-design","11":"tag-design","12":"tag-divertissement","13":"tag-entertainment","14":"tag-fr","15":"tag-france"},"share_on_mastodon":{"url":"https:\/\/pubeurope.com\/@fr\/114734161314446721","error":""},"_links":{"self":[{"href":"https:\/\/www.europesays.com\/fr\/wp-json\/wp\/v2\/posts\/198846","targetHints":{"allow":["GET"]}}],"collection":[{"href":"https:\/\/www.europesays.com\/fr\/wp-json\/wp\/v2\/posts"}],"about":[{"href":"https:\/\/www.europesays.com\/fr\/wp-json\/wp\/v2\/types\/post"}],"author":[{"embeddable":true,"href":"https:\/\/www.europesays.com\/fr\/wp-json\/wp\/v2\/users\/2"}],"replies":[{"embeddable":true,"href":"https:\/\/www.europesays.com\/fr\/wp-json\/wp\/v2\/comments?post=198846"}],"version-history":[{"count":0,"href":"https:\/\/www.europesays.com\/fr\/wp-json\/wp\/v2\/posts\/198846\/revisions"}],"wp:featuredmedia":[{"embeddable":true,"href":"https:\/\/www.europesays.com\/fr\/wp-json\/wp\/v2\/media\/198847"}],"wp:attachment":[{"href":"https:\/\/www.europesays.com\/fr\/wp-json\/wp\/v2\/media?parent=198846"}],"wp:term":[{"taxonomy":"category","embeddable":true,"href":"https:\/\/www.europesays.com\/fr\/wp-json\/wp\/v2\/categories?post=198846"},{"taxonomy":"post_tag","embeddable":true,"href":"https:\/\/www.europesays.com\/fr\/wp-json\/wp\/v2\/tags?post=198846"}],"curies":[{"name":"wp","href":"https:\/\/api.w.org\/{rel}","templated":true}]}}