{"id":198848,"date":"2025-06-23T18:45:12","date_gmt":"2025-06-23T18:45:12","guid":{"rendered":"https:\/\/www.europesays.com\/fr\/198848\/"},"modified":"2025-06-23T18:45:12","modified_gmt":"2025-06-23T18:45:12","slug":"mornas-decouverte-du-nouveau-livre-du-mornassien-yves-chicouene","status":"publish","type":"post","link":"https:\/\/www.europesays.com\/fr\/198848\/","title":{"rendered":"Mornas. D\u00e9couverte du nouveau livre du Mornassien Yves Chicou\u00e8ne"},"content":{"rendered":"<p>L\u2019auteur mornassien Yves Chicou\u00e8ne a pr\u00e9sent\u00e9 son nouveau livre, La Moisson des ombres (Elan Sud), vendredi 20\u00a0juin \u00e0 l\u2019Annexe. Une vingtaine de personnes ont partag\u00e9 ce moment de lecture et de rencontre. L\u2019histoire\u00a0: une intrigue o\u00f9 se m\u00ealent la grande histoire et la vie paysanne. Parfois, ce que la terre a englouti revient\u2026 au moment de la moisson. L\u2019auteur a aussi d\u00e9dicac\u00e9 son livre.<\/p>\n","protected":false},"excerpt":{"rendered":"L\u2019auteur mornassien Yves Chicou\u00e8ne a pr\u00e9sent\u00e9 son nouveau livre, La Moisson des ombres (Elan Sud), vendredi 20\u00a0juin \u00e0&hellip;\n","protected":false},"author":2,"featured_media":198849,"comment_status":"","ping_status":"","sticky":false,"template":"","format":"standard","meta":{"footnotes":""},"categories":[1357],"tags":[1379,1687,58,3859,59,1011,27,1380,2410,33857,33858],"class_list":{"0":"post-198848","1":"post","2":"type-post","3":"status-publish","4":"format-standard","5":"has-post-thumbnail","7":"category-livres","8":"tag-books","9":"tag-culture-loisirs","10":"tag-divertissement","11":"tag-edition-provencale","12":"tag-entertainment","13":"tag-fr","14":"tag-france","15":"tag-livres","16":"tag-livres-bd","17":"tag-mornas","18":"tag-pays-dorange"},"share_on_mastodon":{"url":"https:\/\/pubeurope.com\/@fr\/114734165149159226","error":""},"_links":{"self":[{"href":"https:\/\/www.europesays.com\/fr\/wp-json\/wp\/v2\/posts\/198848","targetHints":{"allow":["GET"]}}],"collection":[{"href":"https:\/\/www.europesays.com\/fr\/wp-json\/wp\/v2\/posts"}],"about":[{"href":"https:\/\/www.europesays.com\/fr\/wp-json\/wp\/v2\/types\/post"}],"author":[{"embeddable":true,"href":"https:\/\/www.europesays.com\/fr\/wp-json\/wp\/v2\/users\/2"}],"replies":[{"embeddable":true,"href":"https:\/\/www.europesays.com\/fr\/wp-json\/wp\/v2\/comments?post=198848"}],"version-history":[{"count":0,"href":"https:\/\/www.europesays.com\/fr\/wp-json\/wp\/v2\/posts\/198848\/revisions"}],"wp:featuredmedia":[{"embeddable":true,"href":"https:\/\/www.europesays.com\/fr\/wp-json\/wp\/v2\/media\/198849"}],"wp:attachment":[{"href":"https:\/\/www.europesays.com\/fr\/wp-json\/wp\/v2\/media?parent=198848"}],"wp:term":[{"taxonomy":"category","embeddable":true,"href":"https:\/\/www.europesays.com\/fr\/wp-json\/wp\/v2\/categories?post=198848"},{"taxonomy":"post_tag","embeddable":true,"href":"https:\/\/www.europesays.com\/fr\/wp-json\/wp\/v2\/tags?post=198848"}],"curies":[{"name":"wp","href":"https:\/\/api.w.org\/{rel}","templated":true}]}}