{"id":198856,"date":"2025-06-23T18:49:10","date_gmt":"2025-06-23T18:49:10","guid":{"rendered":"https:\/\/www.europesays.com\/fr\/198856\/"},"modified":"2025-06-23T18:49:10","modified_gmt":"2025-06-23T18:49:10","slug":"dans-le-meilleur-des-cas-les-neurotechnologies-servent-a-accroitre-votre-autonomie-dans-le-pire-a-tenter-de-vous-controler","status":"publish","type":"post","link":"https:\/\/www.europesays.com\/fr\/198856\/","title":{"rendered":"\u00ab\u00a0Dans le meilleur des cas, les neurotechnologies servent \u00e0 accro\u00eetre votre autonomie, dans le pire, \u00e0 tenter de vous contr\u00f4ler\u00a0\u00bb"},"content":{"rendered":"\n<p class=\"article__paragraph  \">Dop\u00e9es par l\u2019intelligence artificielle (IA) et la micro\u00e9lectronique, les neurotechnologies connaissent un essor consid\u00e9rable. Ces dispositifs enregistrent l\u2019activit\u00e9 c\u00e9r\u00e9brale gr\u00e2ce \u00e0 des implants intracr\u00e2niens ou \u00e0 l\u2019aide de capteurs non invasifs, souvent maintenus sur la t\u00eate par un bandeau. Les informations ainsi recueillies, appel\u00e9es \u00ab\u00a0donn\u00e9es neurales\u00a0\u00bb, sont traduites en mouvements de bras robotis\u00e9s, en paroles et m\u00eame en images, y compris anim\u00e9es, retranscrites par des ordinateurs. Des appareils peuvent aussi stimuler et moduler l\u2019activit\u00e9 de l\u2019enc\u00e9phale et de la moelle \u00e9pini\u00e8re. Pas une semaine ou presque ne passe sans annonces sur ces interfaces entre le syst\u00e8me nerveux central et la machine.<\/p>\n<p>                       <img loading=\"lazy\" decoding=\"async\" src=\"https:\/\/www.europesays.com\/fr\/wp-content\/uploads\/2025\/06\/72d43b4_upload-1-yg5lgthifyo2-rea9964543.jpg\" alt=\"Le 29\u00a0novembre 2022, l\u2019Am\u00e9ricain Austin\u202fBeggin, paralys\u00e9 \u00e0 partir des \u00e9paules, se repose apr\u00e8s avoir tent\u00e9, par la pens\u00e9e, d\u2019amener un bretzel \u00e0 sa bouche.\u00a0Ces recherches, dirig\u00e9es par le docteur Bolu Ajiboye \u00e0 la Case Western Reserve University (Cleveland) sont rendues possible par un \u00e9quipement d\u2019implants c\u00e9r\u00e9braux connect\u00e9s \u00e0 des \u00e9lectrodes et des appareillages externes. \"  width=\"664\" height=\"443\"\/>    Le 29\u00a0novembre 2022, l\u2019Am\u00e9ricain Austin\u202fBeggin, paralys\u00e9 \u00e0 partir des \u00e9paules, se repose apr\u00e8s avoir tent\u00e9, par la pens\u00e9e, d\u2019amener un bretzel \u00e0 sa bouche.\u00a0Ces recherches, dirig\u00e9es par le docteur Bolu Ajiboye \u00e0 la Case Western Reserve University (Cleveland) sont rendues possible par un \u00e9quipement d\u2019implants c\u00e9r\u00e9braux connect\u00e9s \u00e0 des \u00e9lectrodes et des appareillages externes.  DANIEL LOZADA\/NYT-REDUX-REA                <\/p>\n<p class=\"article__paragraph  \">Derni\u00e8re prouesse en date, <a href=\"https:\/\/www.nature.com\/articles\/s41586-025-09127-3\" target=\"_blank\" rel=\"noopener nofollow\" title=\"Nouvelle fen\u00eatre\">une neuroproth\u00e8se, d\u00e9crite le 12\u00a0juin dans la revue Nature<\/a>, synth\u00e9tise la parole de fa\u00e7on quasi instantan\u00e9e \u2013\u00a010 millisecondes de d\u00e9calage. Un patient atteint de la maladie de Charcot, priv\u00e9 d\u2019\u00e9locution, a ainsi pu s\u2019exprimer, gr\u00e2ce \u00e0 256\u00a0micro-\u00e9lectrodes implant\u00e9es dans son cerveau. Au fil d\u2019un long entra\u00eenement, une IA a appris \u00e0 d\u00e9coder ses signaux c\u00e9r\u00e9braux lorsqu\u2019il lisait int\u00e9rieurement des phrases, et a ensuite pu transcrire ce qu\u2019il souhaitait dire, y compris en y mettant l\u2019intonation. La voix artificielle a en outre \u00e9t\u00e9 con\u00e7ue pour reproduire la sienne, \u00e0 partir d\u2019enregistrements audio datant d\u2019avant sa maladie. Ces travaux r\u00e9alis\u00e9s par une \u00e9quipe de l\u2019universit\u00e9 de Californie \u00e0 Davis condensent deux d\u00e9cennies de progr\u00e8s dans les neuroproth\u00e8ses.<\/p>\n<p class=\"reading-mode-only \"><strong>Il vous reste 91.17% de cet article \u00e0 lire. La suite est r\u00e9serv\u00e9e aux abonn\u00e9s.<\/strong><\/p>\n","protected":false},"excerpt":{"rendered":"Dop\u00e9es par l\u2019intelligence artificielle (IA) et la micro\u00e9lectronique, les neurotechnologies connaissent un essor consid\u00e9rable. Ces dispositifs enregistrent l\u2019activit\u00e9&hellip;\n","protected":false},"author":2,"featured_media":198857,"comment_status":"","ping_status":"","sticky":false,"template":"","format":"standard","meta":{"footnotes":""},"categories":[10],"tags":[1011,27,72,71],"class_list":{"0":"post-198856","1":"post","2":"type-post","3":"status-publish","4":"format-standard","5":"has-post-thumbnail","7":"category-sante","8":"tag-fr","9":"tag-france","10":"tag-health","11":"tag-sante"},"share_on_mastodon":{"url":"https:\/\/pubeurope.com\/@fr\/114734180929430514","error":""},"_links":{"self":[{"href":"https:\/\/www.europesays.com\/fr\/wp-json\/wp\/v2\/posts\/198856","targetHints":{"allow":["GET"]}}],"collection":[{"href":"https:\/\/www.europesays.com\/fr\/wp-json\/wp\/v2\/posts"}],"about":[{"href":"https:\/\/www.europesays.com\/fr\/wp-json\/wp\/v2\/types\/post"}],"author":[{"embeddable":true,"href":"https:\/\/www.europesays.com\/fr\/wp-json\/wp\/v2\/users\/2"}],"replies":[{"embeddable":true,"href":"https:\/\/www.europesays.com\/fr\/wp-json\/wp\/v2\/comments?post=198856"}],"version-history":[{"count":0,"href":"https:\/\/www.europesays.com\/fr\/wp-json\/wp\/v2\/posts\/198856\/revisions"}],"wp:featuredmedia":[{"embeddable":true,"href":"https:\/\/www.europesays.com\/fr\/wp-json\/wp\/v2\/media\/198857"}],"wp:attachment":[{"href":"https:\/\/www.europesays.com\/fr\/wp-json\/wp\/v2\/media?parent=198856"}],"wp:term":[{"taxonomy":"category","embeddable":true,"href":"https:\/\/www.europesays.com\/fr\/wp-json\/wp\/v2\/categories?post=198856"},{"taxonomy":"post_tag","embeddable":true,"href":"https:\/\/www.europesays.com\/fr\/wp-json\/wp\/v2\/tags?post=198856"}],"curies":[{"name":"wp","href":"https:\/\/api.w.org\/{rel}","templated":true}]}}