{"id":198866,"date":"2025-06-23T18:54:10","date_gmt":"2025-06-23T18:54:10","guid":{"rendered":"https:\/\/www.europesays.com\/fr\/198866\/"},"modified":"2025-06-23T18:54:10","modified_gmt":"2025-06-23T18:54:10","slug":"donald-trump-tente-par-un-renversement-du-regime-des-mollahs","status":"publish","type":"post","link":"https:\/\/www.europesays.com\/fr\/198866\/","title":{"rendered":"Donald Trump tent\u00e9 par un renversement du r\u00e9gime des mollahs"},"content":{"rendered":"<p><strong>R\u00c9CIT <\/strong>&#8211; Au lendemain des frappes contre les installations nucl\u00e9aires en Iran, le pr\u00e9sident am\u00e9ricain n\u2019a pas exclu cette hypoth\u00e8se.<\/p>\n<p class=\"fig-paragraph\">Quelques heures apr\u00e8s l\u2019attaque surprise contre trois sites nucl\u00e9aires iraniens,\u00a0<a href=\"http:\/\/www.lefigaro.fr\/international\/dossier\/donald-trump-investi-47e-president-des-etats-unis-notre-dossier-pour-tout-comprendre\" data-fig-type=\"Topic\" data-gtm-custom-categorie=\"navigation\" data-gtm-custom-action=\"crossclick\" data-gtm-custom-label=\"Contextuel\" data-gtm-event=\"customEventSPE\" data-fig-domain=\"LEFIGARO\" target=\"_blank\" rel=\"noopener\">le pr\u00e9sident Donald Trump<\/a>, apparemment enhardi par son op\u00e9ration militaire massive, a \u00e9voqu\u00e9 dimanche soir un nouveau sc\u00e9nario. \u00ab\u00a0Ce n\u2019est pas politiquement correct d\u2019utiliser ce terme \u201cchangement de r\u00e9gime\u201d, mais si le r\u00e9gime iranien actuel est incapable de rendre sa grandeur \u00e0 l\u2019Iran, pourquoi n\u2019y aurait-il pas un changement de r\u00e9gime\u00a0?\u00a0\u00bb, a-t-il lanc\u00e9 sur son r\u00e9seau social.<\/p>\n<p class=\"fig-paragraph\">Un message en totale contradiction avec les d\u00e9clarations visiblement coordonn\u00e9es de son Administration dans la matin\u00e9e. \u00c0 la suite des frappes am\u00e9ricaines en Iran, ses ministres et le vice-pr\u00e9sident se sont relay\u00e9s sur les cha\u00eenes de t\u00e9l\u00e9vision pour rassurer la base trumpiste, tr\u00e8s isolationniste. La \u00ab\u00a0mission n\u2019\u00e9tait pas un changement de r\u00e9gime\u00a0\u00bb, a affirm\u00e9 le ministre de la D\u00e9fense,\u00a0<a href=\"http:\/\/www.lefigaro.fr\/international\/pete-hegseth-le-secretaire-a-la-defense-de-trump-fragilise-par-un-deuxieme-signalgate-20250421\" data-fig-type=\"Article\" data-gtm-custom-categorie=\"navigation\" data-gtm-custom-action=\"crossclick\" data-gtm-custom-label=\"Contextuel\" data-gtm-event=\"customEventSPE\" data-fig-domain=\"LEFIGARO\" target=\"_blank\" rel=\"noopener\">Pete Hegseth<\/a>, lors d\u2019un point presse au Pentagone, ajoutant que l\u2019ampleur des frappes \u00e9tait \u00ab\u00a0intentionnellement limit\u00e9e\u00a0\u00bb. \u00ab\u00a0Nous ne voulons\u2026<\/p>\n<p class=\"fig-premium-paywall__infos\">\n        Cet article est r\u00e9serv\u00e9 aux abonn\u00e9s.        Il vous reste 86% \u00e0 d\u00e9couvrir.\n    <\/p>\n<p>                <img  data- alt=\"Le Figaro\" class=\"fig-img--complete fig-img\"\/><\/p>\n<p class=\"fig-premium-paywall__title\">Vente Flash<\/p>\n<p class=\"fig-premium-paywall__subtitle\">3,99\u20ac par mois pendant 12 mois. Sans engagement.<\/p>\n<p class=\"fig-premium-paywall__connect\">\n                D\u00e9j\u00e0 abonn\u00e9\u00a0?                <a class=\"fig-premium-paywall__connect-link\" href=\"https:\/\/connect.lefigaro.fr\/login?client=horizon_web&amp;type=main&amp;redirect_uri=https%3A%2F%2Fwww.lefigaro.fr%2Finternational%2Ffrappes-americaines-en-iran-donald-trump-tente-par-un-renversement-du-regime-des-mollahs-20250623\" data-js-gtm=\"{&quot;customCategorie&quot;: &quot;conversion&quot;, &quot;customAction&quot;: &quot;before_Landing_Connexion_paywall_auto&quot;, &quot;customLabel&quot;: &quot;bGVmaWdhcm8uZnJfXzFmMDUwNGYwLTVlNTYtNmIwZS1hOTgyLTFiNWRhZjQwMjM4M19fQXJ0aWNsZQ==_Frappes am\u00e9ricaines en Iran\u00a0: Donald Trump tent\u00e9 par un renversement du r\u00e9gime des mollahs_530&quot;, &quot;customIDSPE&quot;: &quot;bGVmaWdhcm8uZnJfXzFmMDUwNGYwLTVlNTYtNmIwZS1hOTgyLTFiNWRhZjQwMjM4M19fQXJ0aWNsZQ==&quot;, &quot;event&quot;: &quot;customEventSPE&quot;}\" target=\"_blank\" rel=\"noopener\"><br \/>\n                    Connectez-vous<br \/>\n                <\/a>\n            <\/p>\n","protected":false},"excerpt":{"rendered":"R\u00c9CIT &#8211; Au lendemain des frappes contre les installations nucl\u00e9aires en Iran, le pr\u00e9sident am\u00e9ricain n\u2019a pas exclu&hellip;\n","protected":false},"author":2,"featured_media":198867,"comment_status":"","ping_status":"","sticky":false,"template":"","format":"standard","meta":{"footnotes":""},"categories":[5],"tags":[259,11,260,75,73,1011,27,14,3019,261,12,262,28],"class_list":{"0":"post-198866","1":"post","2":"type-post","3":"status-publish","4":"format-standard","5":"has-post-thumbnail","7":"category-international","8":"tag-actualite-internationale","9":"tag-actualites","10":"tag-affaires-etrangeres","11":"tag-donald-trump","12":"tag-etats-unis","13":"tag-fr","14":"tag-france","15":"tag-international","16":"tag-iran","17":"tag-ministere-des-affaires-etrangeres","18":"tag-news","19":"tag-politique-etrangere","20":"tag-world"},"share_on_mastodon":{"url":"https:\/\/pubeurope.com\/@fr\/114734200560396004","error":""},"_links":{"self":[{"href":"https:\/\/www.europesays.com\/fr\/wp-json\/wp\/v2\/posts\/198866","targetHints":{"allow":["GET"]}}],"collection":[{"href":"https:\/\/www.europesays.com\/fr\/wp-json\/wp\/v2\/posts"}],"about":[{"href":"https:\/\/www.europesays.com\/fr\/wp-json\/wp\/v2\/types\/post"}],"author":[{"embeddable":true,"href":"https:\/\/www.europesays.com\/fr\/wp-json\/wp\/v2\/users\/2"}],"replies":[{"embeddable":true,"href":"https:\/\/www.europesays.com\/fr\/wp-json\/wp\/v2\/comments?post=198866"}],"version-history":[{"count":0,"href":"https:\/\/www.europesays.com\/fr\/wp-json\/wp\/v2\/posts\/198866\/revisions"}],"wp:featuredmedia":[{"embeddable":true,"href":"https:\/\/www.europesays.com\/fr\/wp-json\/wp\/v2\/media\/198867"}],"wp:attachment":[{"href":"https:\/\/www.europesays.com\/fr\/wp-json\/wp\/v2\/media?parent=198866"}],"wp:term":[{"taxonomy":"category","embeddable":true,"href":"https:\/\/www.europesays.com\/fr\/wp-json\/wp\/v2\/categories?post=198866"},{"taxonomy":"post_tag","embeddable":true,"href":"https:\/\/www.europesays.com\/fr\/wp-json\/wp\/v2\/tags?post=198866"}],"curies":[{"name":"wp","href":"https:\/\/api.w.org\/{rel}","templated":true}]}}