{"id":198869,"date":"2025-06-23T18:56:09","date_gmt":"2025-06-23T18:56:09","guid":{"rendered":"https:\/\/www.europesays.com\/fr\/198869\/"},"modified":"2025-06-23T18:56:09","modified_gmt":"2025-06-23T18:56:09","slug":"cinq-bayonnais-appeles-pour-la-tournee-en-nouvelle-zelande","status":"publish","type":"post","link":"https:\/\/www.europesays.com\/fr\/198869\/","title":{"rendered":"cinq Bayonnais appel\u00e9s pour la tourn\u00e9e en Nouvelle-Z\u00e9lande"},"content":{"rendered":"<p>\u00c9limin\u00e9s vendredi soir, le club basque a vu cinq de ses joueurs, tous novices, \u00eatre convoqu\u00e9s par Fabien Galthi\u00e9 en vue des test-matchs de juillet contre les All Blacks.<\/p>\n<p class=\"fig-paragraph\">\u00c0 d\u00e9faut de communication officielle du staff du XV de France, qui a\u00a0<a href=\"http:\/\/www.lefigaro.fr\/sports\/rugby\/xv-de-france\/xv-de-france-l-accouchement-de-la-liste-pour-la-tournee-va-etre-difficile-previent-galthie-20250621\" data-fig-type=\"NewsFlash\" data-gtm-custom-categorie=\"navigation\" data-gtm-custom-action=\"crossclick\" data-gtm-custom-label=\"Contextuel\" data-gtm-event=\"customEventSPE\" data-fig-domain=\"LEFIGARO\" target=\"_blank\" rel=\"noopener\">repouss\u00e9 l\u2019annonce de la liste<\/a>\u00a0de dimanche \u00e0 mardi, il faut se fier\u00a0<a href=\"https:\/\/www.rugbyrama.fr\/2025\/06\/23\/exclu-midol-joris-segonds-bayonne-mathias-halagahu-toulon-les-demi-finalistes-convoques-ce-soir-a-marcoussis-12780863.php\" target=\"_blank\" rel=\"nofollow noopener\" data-gtm-custom-categorie=\"navigation\" data-gtm-custom-action=\"crossclick\" data-gtm-custom-label=\"Contextuel\" data-gtm-event=\"customEventSPE\">aux informations de nos confr\u00e8res de Midi Olympique.<\/a><\/p>\n<p class=\"fig-paragraph\">Selon eux, Fabien Galthi\u00e9 et son staff ont convoqu\u00e9 \u00e0 Marcoussis , cinq joueurs de l\u2019Aviron Bayonnais, \u00e9limin\u00e9s vendredi soir en demi-finale du Top 1 par le Stade Toulousain (32-25).<\/p>\n<p class=\"fig-paragraph\">Il s\u2019agit du demi d\u2019ouverture Joris Segonds, de l\u2019ailier Tom Spring, du troisi\u00e8me-ligne Esteban Capilla, de l\u2019arri\u00e8re Cheikh Tiberghien (pourtant touch\u00e9 aux c\u00f4tes et forfait pour la demi-finale) et du trois-quarts polyvalent Arnaud Erbinartegaray.<\/p>\n<p>Quatre Toulonnais \u00e9galement appel\u00e9s<\/p>\n<p class=\"fig-paragraph\">SI le premier cit\u00e9 avait \u00e9t\u00e9 convoqu\u00e9 \u00e0 la tourn\u00e9e en Argentine il y a un an, il ne compte aucune s\u00e9lection. Comme ses quatre partenaires. Qui ont tous rejoint Marcoussis ce lundi en vue d\u2019un premier entra\u00eenement ce mardi. \u00c0 l\u2019issue duquel,\u00a0<a href=\"http:\/\/www.lefigaro.fr\/sports\/rugby\/xv-de-france\/rugby-woki-privee-de-tournee-avec-les-bleus-reponse-mardi-20250622\" data-fig-type=\"NewsFlash\" data-gtm-custom-categorie=\"navigation\" data-gtm-custom-action=\"crossclick\" data-gtm-custom-label=\"Contextuel\" data-gtm-event=\"customEventSPE\" data-fig-domain=\"LEFIGARO\" target=\"_blank\" rel=\"noopener\">la FFR communiquera les noms des 37 premiers \u00e9lus<\/a>\u00a0pour la tourn\u00e9e de juillet en Nouvelle-Z\u00e9lande, la liste \u00e9tant compl\u00e9t\u00e9e dimanche avec cinq finalistes du Top 14.<\/p>\n<p class=\"fig-paragraph\">Toujours selon Midi Olympique, quatre Toulonnais auraient \u00e9galement \u00e9t\u00e9 convoqu\u00e9s\u00a0: l\u2019ailier Gabin Villi\u00e8re, le troisi\u00e8me-ligne Esteban Abadie, le deuxi\u00e8me-ligne Matthias Halagahu et l\u2019arri\u00e8re Marius Domont.<\/p>\n","protected":false},"excerpt":{"rendered":"\u00c9limin\u00e9s vendredi soir, le club basque a vu cinq de ses joueurs, tous novices, \u00eatre convoqu\u00e9s par Fabien&hellip;\n","protected":false},"author":2,"featured_media":198870,"comment_status":"","ping_status":"","sticky":false,"template":"","format":"standard","meta":{"footnotes":""},"categories":[2],"tags":[2306,47,11,2305,4736,525,3984,451,64,1011,27,1922,9414,12,3461,1980,479,2259,2307,513],"class_list":{"0":"post-198869","1":"post","2":"type-post","3":"status-publish","4":"format-standard","5":"has-post-thumbnail","7":"category-actualites","8":"tag-6-nations","9":"tag-actualite","10":"tag-actualites","11":"tag-all-blacks","12":"tag-aviron-bayonnais","13":"tag-calendrier","14":"tag-composition","15":"tag-coupe-du-monde","16":"tag-equipe-de-france","17":"tag-fr","18":"tag-france","19":"tag-info","20":"tag-marcoussis","21":"tag-news","22":"tag-rct","23":"tag-resultats","24":"tag-rugby","25":"tag-score","26":"tag-six-nations","27":"tag-xv-de-france"},"share_on_mastodon":{"url":"https:\/\/pubeurope.com\/@fr\/114734208385075310","error":""},"_links":{"self":[{"href":"https:\/\/www.europesays.com\/fr\/wp-json\/wp\/v2\/posts\/198869","targetHints":{"allow":["GET"]}}],"collection":[{"href":"https:\/\/www.europesays.com\/fr\/wp-json\/wp\/v2\/posts"}],"about":[{"href":"https:\/\/www.europesays.com\/fr\/wp-json\/wp\/v2\/types\/post"}],"author":[{"embeddable":true,"href":"https:\/\/www.europesays.com\/fr\/wp-json\/wp\/v2\/users\/2"}],"replies":[{"embeddable":true,"href":"https:\/\/www.europesays.com\/fr\/wp-json\/wp\/v2\/comments?post=198869"}],"version-history":[{"count":0,"href":"https:\/\/www.europesays.com\/fr\/wp-json\/wp\/v2\/posts\/198869\/revisions"}],"wp:featuredmedia":[{"embeddable":true,"href":"https:\/\/www.europesays.com\/fr\/wp-json\/wp\/v2\/media\/198870"}],"wp:attachment":[{"href":"https:\/\/www.europesays.com\/fr\/wp-json\/wp\/v2\/media?parent=198869"}],"wp:term":[{"taxonomy":"category","embeddable":true,"href":"https:\/\/www.europesays.com\/fr\/wp-json\/wp\/v2\/categories?post=198869"},{"taxonomy":"post_tag","embeddable":true,"href":"https:\/\/www.europesays.com\/fr\/wp-json\/wp\/v2\/tags?post=198869"}],"curies":[{"name":"wp","href":"https:\/\/api.w.org\/{rel}","templated":true}]}}