{"id":198875,"date":"2025-06-23T18:59:35","date_gmt":"2025-06-23T18:59:35","guid":{"rendered":"https:\/\/www.europesays.com\/fr\/198875\/"},"modified":"2025-06-23T18:59:35","modified_gmt":"2025-06-23T18:59:35","slug":"la-reprise-des-travaux-prevue-debut-2026","status":"publish","type":"post","link":"https:\/\/www.europesays.com\/fr\/198875\/","title":{"rendered":"la reprise des travaux pr\u00e9vue d\u00e9but 2026"},"content":{"rendered":"<p>\u00ab\u00a0Je con\u00e7ois ais\u00e9ment que le maintien d\u2019une activit\u00e9 commerciale avec plusieurs mois de travaux ait pu effrayer. N\u00e9anmoins, je ne suis pas s\u00fbr que le d\u00e9part des enseignes Boulanger et <a href=\"https:\/\/www.estrepublicain.fr\/economie\/2024\/02\/28\/centrakor-ferme-son-magasin-du-boulevard-barthou\" target=\"_blank\" rel=\"noopener\">Centrakor<\/a> soit compl\u00e8tement li\u00e9 au projet de restructuration du site. Toujours est-il qu\u2019il a fallu faire avec. Forc\u00e9ment, les d\u00e9lais d\u2019ex\u00e9cution s\u2019en sont trouv\u00e9s rallong\u00e9s, car le projet initial avait \u00e9t\u00e9 con\u00e7u avec eux.\u00a0\u00bb<\/p>\n<p>Malgr\u00e9 cet impr\u00e9vu de taille, Darry Deluze, cog\u00e9rant de la SCI Brichambeau, qui g\u00e8re depuis les ann\u00e9es 60 ce centre commercial situ\u00e9 entre le boulevard Barthou et la rue du 8e\u00a0 -R\u00e9giment-d\u2019Artillerie, se f\u00e9licite d\u2019avoir men\u00e9 \u00e0 son terme la phase 1 du <a href=\"https:\/\/www.estrepublicain.fr\/economie\/2023\/01\/01\/l-esplanade-futur-centre-commercial-sort-de-terre\" target=\"_blank\" rel=\"noopener\">projet, baptis\u00e9 \u00ab\u00a0l\u2019Esplanade\u00a0\u00bb<\/a>.<\/p>\n<p>\u00ab\u00a0Celle-ci constitue d\u2019ailleurs le c\u0153ur de cette zone. Elle est cens\u00e9e offrir aux futurs usagers un point d\u2019ancrage, un lieu de d\u00e9tente. Elle est aujourd\u2019hui r\u00e9alis\u00e9e. Un cabinet de p\u00e9diatrie s\u2019est \u00e9galement cr\u00e9\u00e9. Aldi s\u2019est install\u00e9 et le boulanger Au Bon Pain\u00a0fonctionne bien.\u00a0\u00bb<\/p>\n<p>  B\u00e2timents fantomatiques<\/p>\n<p>Reste \u00e0 finaliser, et le d\u00e9fi est de taille, la phase 2 du projet, qui concerne les b\u00e2timents d\u00e9saffect\u00e9s, lib\u00e9r\u00e9s par Centrakor et Boulanger, soit 9\u00a0000 m2  de locaux environ. Des structures pour le moins fantomatiques, qui conf\u00e8rent aujourd\u2019hui \u00e0 cette zone, situ\u00e9e en entr\u00e9e de ville, un aspect bien triste.<\/p>\n<p>\u00ab\u00a0Suite \u00e0 une proc\u00e9dure d\u2019appel \u00e0 projets, et avec le concours d\u2019un nouveau cabinet d\u2019architectes, nous sommes tomb\u00e9s d\u2019accord sur quelque chose d\u2019assez avant-gardiste. Les ossatures des b\u00e2timents seront conserv\u00e9es mais seront dot\u00e9es d\u2019ouvertures suppl\u00e9mentaires.\u00a0\u00bb<\/p>\n<p>Le volet environnemental est \u00e9galement au c\u0153ur du futur chantier. \u00ab\u00a0Ce centre se veut vertueux, privil\u00e9giera les modes de d\u00e9placements doux et pi\u00e9tonniers. La v\u00e9g\u00e9talisation de tout le secteur est \u00e9galement pr\u00e9vue\u00a0\u00bb, poursuit Darry Deluze.<\/p>\n<p>  \u00ab\u00a0Un lieu de vie\u00a0\u00bb<\/p>\n<p>Mais quid des futurs occupants\u00a0? \u00ab\u00a0Des n\u00e9gociations sont en cours mais ne sont pas finalis\u00e9es.\u00a0\u00bb<\/p>\n<p>L\u2019arriv\u00e9e d\u2019une salle de sport semble n\u00e9anmoins se confirmer, au m\u00eame titre que des enseignes de restauration. \u00ab\u00a0Notre ambition n\u2019a pas vari\u00e9\u00a0\u00bb, conclut le promoteur. \u00ab\u00a0Nous voulons faire de cette zone un p\u00f4le de proximit\u00e9 et de destination, un lieu de vie, qui offre aux futurs usagers un mix de commerces et de services \u00e0 la personne. L\u2019am\u00e9nagement de bureaux est aussi pr\u00e9vu au premier \u00e9tage du b\u00e2timent occup\u00e9 anciennement par Centrakor.\u00a0\u00bb<\/p>\n<p>\u00c0 ce jour, le permis de construire a \u00e9t\u00e9 d\u00e9pos\u00e9. Il est en cours d\u2019instruction. Les travaux devraient d\u00e9marrer au d\u00e9but de l\u2019ann\u00e9e prochaine pour une dur\u00e9e d\u2019un an environ.<\/p>\n<p class=\"note\">Contact et renseignements\u00a0: \u00ab\u00a0contact@lesplanade.fr\u00a0\u00bb<\/p>\n","protected":false},"excerpt":{"rendered":"\u00ab\u00a0Je con\u00e7ois ais\u00e9ment que le maintien d\u2019une activit\u00e9 commerciale avec plusieurs mois de travaux ait pu effrayer. N\u00e9anmoins,&hellip;\n","protected":false},"author":2,"featured_media":198876,"comment_status":"","ping_status":"","sticky":false,"template":"","format":"standard","meta":{"footnotes":""},"categories":[9635],"tags":[1111,11,4406,33,1704,1777,674,1011,27,775,6364,1702,12,25,5711],"class_list":{"0":"post-198875","1":"post","2":"type-post","3":"status-publish","4":"format-standard","5":"has-post-thumbnail","7":"category-nancy","8":"tag-actu","9":"tag-actualites","10":"tag-commerce-et-services","11":"tag-economie","12":"tag-edition-nancy-et-agglomeration","13":"tag-eu","14":"tag-europe","15":"tag-fr","16":"tag-france","17":"tag-grand-est","18":"tag-metropole-du-grand-nancy-54b1","19":"tag-nancy","20":"tag-news","21":"tag-republique-francaise","22":"tag-vandoeuvre-les-nancy"},"share_on_mastodon":{"url":"https:\/\/pubeurope.com\/@fr\/114734220264440248","error":""},"_links":{"self":[{"href":"https:\/\/www.europesays.com\/fr\/wp-json\/wp\/v2\/posts\/198875","targetHints":{"allow":["GET"]}}],"collection":[{"href":"https:\/\/www.europesays.com\/fr\/wp-json\/wp\/v2\/posts"}],"about":[{"href":"https:\/\/www.europesays.com\/fr\/wp-json\/wp\/v2\/types\/post"}],"author":[{"embeddable":true,"href":"https:\/\/www.europesays.com\/fr\/wp-json\/wp\/v2\/users\/2"}],"replies":[{"embeddable":true,"href":"https:\/\/www.europesays.com\/fr\/wp-json\/wp\/v2\/comments?post=198875"}],"version-history":[{"count":0,"href":"https:\/\/www.europesays.com\/fr\/wp-json\/wp\/v2\/posts\/198875\/revisions"}],"wp:featuredmedia":[{"embeddable":true,"href":"https:\/\/www.europesays.com\/fr\/wp-json\/wp\/v2\/media\/198876"}],"wp:attachment":[{"href":"https:\/\/www.europesays.com\/fr\/wp-json\/wp\/v2\/media?parent=198875"}],"wp:term":[{"taxonomy":"category","embeddable":true,"href":"https:\/\/www.europesays.com\/fr\/wp-json\/wp\/v2\/categories?post=198875"},{"taxonomy":"post_tag","embeddable":true,"href":"https:\/\/www.europesays.com\/fr\/wp-json\/wp\/v2\/tags?post=198875"}],"curies":[{"name":"wp","href":"https:\/\/api.w.org\/{rel}","templated":true}]}}