{"id":198877,"date":"2025-06-23T19:00:26","date_gmt":"2025-06-23T19:00:26","guid":{"rendered":"https:\/\/www.europesays.com\/fr\/198877\/"},"modified":"2025-06-23T19:00:26","modified_gmt":"2025-06-23T19:00:26","slug":"payer-directement-avec-sa-carte-bancaire-ou-son-smartphone-dans-les-bus-va-devenir-possible","status":"publish","type":"post","link":"https:\/\/www.europesays.com\/fr\/198877\/","title":{"rendered":"payer directement avec sa carte bancaire ou son smartphone dans les bus va devenir\u00a0possible"},"content":{"rendered":"<p>            Par<br \/>\n        <strong><br \/>\n            <a href=\"https:\/\/actu.fr\/auteur\/amandine-mehl\" title=\"Consulter tous les articles de Amandine Mehl\" rel=\"nofollow noopener\" target=\"_blank\">Amandine Mehl<\/a><br \/>\n        <\/strong><\/p>\n<p>        Publi\u00e9 le<\/p>\n<p>            23 juin 2025 \u00e0 15h22        <\/p>\n<p>Pour <strong>remplacer les tickets<\/strong> sur le <a href=\"https:\/\/actu.fr\/tag\/reseau-stan\" rel=\"nofollow noopener\" target=\"_blank\">r\u00e9seau Stan<\/a>, la <strong>M\u00e9tropole du Grand Nancy<\/strong> confiait \u00e0 notre r\u00e9daction, en septembre dernier, <strong>r\u00e9fl\u00e9chir \u00e0 <\/strong><a href=\"https:\/\/actu.fr\/grand-est\/nancy_54395\/reseau-stan-pour-remplacer-les-tickets-la-metropole-du-grand-nancy-reflechit-a-une-nouvelle-solution_61654722.html\" rel=\"nofollow noopener\" target=\"_blank\">une nouvelle solution<\/a>.<\/p>\n<p class=\" wall-content\">C\u2019est d\u00e9sormais chose faite puisqu\u2019elle a annonc\u00e9, \u00e0 l\u2019occasion d\u2019une conf\u00e9rence de presse, le <strong>renouvellement de la billettique en 2027<\/strong>.<\/p>\n<p>Open Payment et tickets magn\u00e9tiques rechargeables sur le r\u00e9seau Stan<\/p>\n<p class=\" wall-content\">Comme l\u2019a signal\u00e9 <strong>Ga\u00eblle Bardoul<\/strong>, directrice de Keolis Grand Nancy, l\u2019objectif est de <strong>d\u00e9mat\u00e9rialiser les tickets le plus possible<\/strong> afin de limiter la production de titres jetables.\u00a0<\/p>\n<p class=\" wall-content\">Ainsi, l\u2019<strong>Open Payment<\/strong> sera d\u00e9ploy\u00e9 dans les <a href=\"https:\/\/actu.fr\/tag\/transport\" rel=\"nofollow noopener\" target=\"_blank\">transports<\/a>. Gr\u00e2ce \u00e0 ce dispositif, les usagers n\u2019auront plus qu\u2019\u00e0 passer leur <strong>carte bancaire<\/strong> ou encore leur <strong>smartphone<\/strong> sur un bo\u00eetier pour valider leur trajet.<\/p>\n<p class=\" wall-content\">En parall\u00e8le, \u00e0 l\u2019instar de ce qui se fait sur le <strong>r\u00e9seau CTS \u00e0 Strasbourg<\/strong>, les utilisateurs du r\u00e9seau Stan pourront acqu\u00e9rir des <strong>tickets magn\u00e9tiques rechargeables<\/strong>.<\/p>\n<p>Vid\u00e9os : en ce moment sur Actu<\/p>\n<p class=\" wall-content\">Suivez toute l\u2019actualit\u00e9 de vos villes et m\u00e9dias favoris en vous inscrivant \u00e0 <a href=\"https:\/\/moncompte.actu.fr\" title=\"D\u00e9couvez Mon Actu\" rel=\"nofollow noopener\" data-trk=\"{&quot;cta&quot;:{&quot;action&quot;:&quot;https:\\\/\\\/moncompte.actu.fr&quot;,&quot;category&quot;:&quot;mon compte&quot;,&quot;from&quot;:&quot;article footer&quot;,&quot;name&quot;:&quot;Mon actu&quot;,&quot;type&quot;:&quot;cta&quot;}}\" target=\"_blank\">Mon Actu<\/a>.<\/p>\n","protected":false},"excerpt":{"rendered":"Par Amandine Mehl Publi\u00e9 le 23 juin 2025 \u00e0 15h22 Pour remplacer les tickets sur le r\u00e9seau Stan,&hellip;\n","protected":false},"author":2,"featured_media":198878,"comment_status":"","ping_status":"","sticky":false,"template":"","format":"standard","meta":{"footnotes":""},"categories":[9635],"tags":[1111,11,1777,674,1011,27,775,10375,1702,12,25,9849,104,2803],"class_list":{"0":"post-198877","1":"post","2":"type-post","3":"status-publish","4":"format-standard","5":"has-post-thumbnail","7":"category-nancy","8":"tag-actu","9":"tag-actualites","10":"tag-eu","11":"tag-europe","12":"tag-fr","13":"tag-france","14":"tag-grand-est","15":"tag-grand-nancy","16":"tag-nancy","17":"tag-news","18":"tag-republique-francaise","19":"tag-reseau-stan","20":"tag-societe","21":"tag-transport"},"share_on_mastodon":{"url":"https:\/\/pubeurope.com\/@fr\/114734224277877902","error":""},"_links":{"self":[{"href":"https:\/\/www.europesays.com\/fr\/wp-json\/wp\/v2\/posts\/198877","targetHints":{"allow":["GET"]}}],"collection":[{"href":"https:\/\/www.europesays.com\/fr\/wp-json\/wp\/v2\/posts"}],"about":[{"href":"https:\/\/www.europesays.com\/fr\/wp-json\/wp\/v2\/types\/post"}],"author":[{"embeddable":true,"href":"https:\/\/www.europesays.com\/fr\/wp-json\/wp\/v2\/users\/2"}],"replies":[{"embeddable":true,"href":"https:\/\/www.europesays.com\/fr\/wp-json\/wp\/v2\/comments?post=198877"}],"version-history":[{"count":0,"href":"https:\/\/www.europesays.com\/fr\/wp-json\/wp\/v2\/posts\/198877\/revisions"}],"wp:featuredmedia":[{"embeddable":true,"href":"https:\/\/www.europesays.com\/fr\/wp-json\/wp\/v2\/media\/198878"}],"wp:attachment":[{"href":"https:\/\/www.europesays.com\/fr\/wp-json\/wp\/v2\/media?parent=198877"}],"wp:term":[{"taxonomy":"category","embeddable":true,"href":"https:\/\/www.europesays.com\/fr\/wp-json\/wp\/v2\/categories?post=198877"},{"taxonomy":"post_tag","embeddable":true,"href":"https:\/\/www.europesays.com\/fr\/wp-json\/wp\/v2\/tags?post=198877"}],"curies":[{"name":"wp","href":"https:\/\/api.w.org\/{rel}","templated":true}]}}