{"id":198879,"date":"2025-06-23T19:01:09","date_gmt":"2025-06-23T19:01:09","guid":{"rendered":"https:\/\/www.europesays.com\/fr\/198879\/"},"modified":"2025-06-23T19:01:09","modified_gmt":"2025-06-23T19:01:09","slug":"fermeture-dautoroutes","status":"publish","type":"post","link":"https:\/\/www.europesays.com\/fr\/198879\/","title":{"rendered":"Fermeture d&rsquo;autoroutes"},"content":{"rendered":"<p>\u00c0 proximit\u00e9 des grandes vacances, les travaux de maintenance se poursuivent sur le r\u00e9seau routier des Bouches-du-Rh\u00f4ne la nuit. Retrouvez tous les secteurs concern\u00e9s ce lundi soir.<\/p>\n<p><strong>Lundi\u00a0 23 juin, de 21h \u00e0 6h<\/strong><\/p>\n<p><strong>&#8211; A515 (relie la D6 \u00e0 l&rsquo;A51) : fermeture <\/strong>dans le sens Gardanne-Marseille<\/p>\n<p><strong>&#8211; A51 :<\/strong> fermeture de la portion situ\u00e9e entre Aix-centre et la bretelle A8\/A51, dans le sens Marseille-Aix-en-Provence<\/p>\n<p><strong>&#8211; A51 :<\/strong> fermeture de la bretelle de sortie A51\/A8, dans le sens Sisteron-Aix-\u00a0<br \/><strong>&#8211; A517 :<\/strong> coupure totale de la circulation dans le sens Aix-en-Provence-Lyon<\/p>\n<p><strong>&#8211; A50 : <\/strong>coupure totale de la circulation dans les deux sens entre Aubagne et Marseille<br \/><strong>&#8211; A501 et A502 :<\/strong> fermeture dans le sens Aubagne-Marseille<\/p>\n<p><strong>&#8211; A55 :<\/strong> fermeture entre l&rsquo;\u00e9changeur 7 et l&rsquo;\u00e9changeur 6, dans le sens Fos-Marseille<\/p>\n<p><strong>&#8211; A55 :<\/strong> du d\u00e9but du r\u00e9seau \u00e0 l&rsquo;A551,\u00a0 dans le sens Marseille fos<\/p>\n<p><strong>&#8211; A7 : <\/strong>fermeture de la sortie n\u00b029 (Vitrolles-centre) \u00e0 la fin du r\u00e9seau, dans le sens Marseille-Lyon<\/p>\n<p><strong>A7 :<\/strong> coupure totale de la circulation de la sortie n\u00b034 (les Arnavaux) \u00e0 la fin du r\u00e9seau, dans le sens Lyon-Marseille<\/p>\n","protected":false},"excerpt":{"rendered":"\u00c0 proximit\u00e9 des grandes vacances, les travaux de maintenance se poursuivent sur le r\u00e9seau routier des Bouches-du-Rh\u00f4ne la&hellip;\n","protected":false},"author":2,"featured_media":198880,"comment_status":"","ping_status":"","sticky":false,"template":"","format":"standard","meta":{"footnotes":""},"categories":[9619],"tags":[17,1111,11,885,1777,674,1011,27,4068,26158,4900,12,33859,5912,4486,882,16,25,2310],"class_list":{"0":"post-198879","1":"post","2":"type-post","3":"status-publish","4":"format-standard","5":"has-post-thumbnail","7":"category-toulon","8":"tag-17","9":"tag-actu","10":"tag-actualites","11":"tag-bouches-du-rhone","12":"tag-eu","13":"tag-europe","14":"tag-fr","15":"tag-france","16":"tag-la51","17":"tag-la7","18":"tag-la50","19":"tag-news","20":"tag-nombreuses","21":"tag-par","22":"tag-passant","23":"tag-provence-alpes-cote-dazur","24":"tag-region","25":"tag-republique-francaise","26":"tag-toulon"},"share_on_mastodon":{"url":"https:\/\/pubeurope.com\/@fr\/114734228143097238","error":""},"_links":{"self":[{"href":"https:\/\/www.europesays.com\/fr\/wp-json\/wp\/v2\/posts\/198879","targetHints":{"allow":["GET"]}}],"collection":[{"href":"https:\/\/www.europesays.com\/fr\/wp-json\/wp\/v2\/posts"}],"about":[{"href":"https:\/\/www.europesays.com\/fr\/wp-json\/wp\/v2\/types\/post"}],"author":[{"embeddable":true,"href":"https:\/\/www.europesays.com\/fr\/wp-json\/wp\/v2\/users\/2"}],"replies":[{"embeddable":true,"href":"https:\/\/www.europesays.com\/fr\/wp-json\/wp\/v2\/comments?post=198879"}],"version-history":[{"count":0,"href":"https:\/\/www.europesays.com\/fr\/wp-json\/wp\/v2\/posts\/198879\/revisions"}],"wp:featuredmedia":[{"embeddable":true,"href":"https:\/\/www.europesays.com\/fr\/wp-json\/wp\/v2\/media\/198880"}],"wp:attachment":[{"href":"https:\/\/www.europesays.com\/fr\/wp-json\/wp\/v2\/media?parent=198879"}],"wp:term":[{"taxonomy":"category","embeddable":true,"href":"https:\/\/www.europesays.com\/fr\/wp-json\/wp\/v2\/categories?post=198879"},{"taxonomy":"post_tag","embeddable":true,"href":"https:\/\/www.europesays.com\/fr\/wp-json\/wp\/v2\/tags?post=198879"}],"curies":[{"name":"wp","href":"https:\/\/api.w.org\/{rel}","templated":true}]}}