{"id":19888,"date":"2025-04-12T13:44:08","date_gmt":"2025-04-12T13:44:08","guid":{"rendered":"https:\/\/www.europesays.com\/fr\/19888\/"},"modified":"2025-04-12T13:44:08","modified_gmt":"2025-04-12T13:44:08","slug":"un-meurtrier-qui-avait-ete-libere-par-erreur-de-prison-de-nouveau-arrete","status":"publish","type":"post","link":"https:\/\/www.europesays.com\/fr\/19888\/","title":{"rendered":"un meurtrier qui avait \u00e9t\u00e9 lib\u00e9r\u00e9 par erreur de prison de nouveau arr\u00eat\u00e9"},"content":{"rendered":"<p>Kathan Guzman devait passer le reste de sa vie en prison apr\u00e8s avoir admis avoir \u00e9trangl\u00e9 sa petite amie en ao\u00fbt 2022. Le personnel p\u00e9nitentiaire l\u2019avait cependant lib\u00e9r\u00e9 par erreur, n\u2019ayant pas lu attentivement les documents de son dossier.<\/p>\n<p class=\"fig-paragraph\">Aux \u00c9tats-Unis, un meurtrier condamn\u00e9 qui avait \u00e9t\u00e9 lib\u00e9r\u00e9 par erreur d\u2019une prison de G\u00e9orgie a \u00e9t\u00e9 arr\u00eat\u00e9 par la police, a annonc\u00e9 la police f\u00e9d\u00e9rale am\u00e9ricaine le 11 avril,\u00a0<a href=\"https:\/\/apnews.com\/article\/manhunt-killer-mistaken-release-kathan-guzman-dab98b78e087842dc1671f748dd01785\" target=\"_blank\" rel=\"noopener nofollow\" data-gtm-custom-categorie=\"navigation\" data-gtm-custom-action=\"crossclick\" data-gtm-custom-label=\"Contextuel\" data-gtm-event=\"customEventSPE\">selon l\u2019agence am\u00e9ricaine Associated Press<\/a>.<\/p>\n<p class=\"fig-paragraph\">Kathan Guzman, 22 ans, \u00e9tait cens\u00e9 passer le reste de sa vie en prison apr\u00e8s avoir admis avoir \u00e9trangl\u00e9 sa petite amie, Delila Grayson, 19 ans, retrouv\u00e9e morte dans une baignoire en ao\u00fbt 2022, a pr\u00e9cis\u00e9 le sh\u00e9rif du comt\u00e9 de Clayton, Levon Allen, \u00e0\u00a0<a href=\"https:\/\/www.wsbtv.com\/news\/local\/clayton-county\/da-responds-convicted-murderer-wrongly-released-clayton-county\/3YLKA3J4TBGV5OAJNLY3VP7ODI\/\" target=\"_blank\" rel=\"nofollow noopener\" data-gtm-custom-categorie=\"navigation\" data-gtm-custom-action=\"crossclick\" data-gtm-custom-label=\"Contextuel\" data-gtm-event=\"customEventSPE\">WSB-TV.<\/a><\/p>\n<p>\u00abNous sommes d\u00e9\u00e7us\u00bb<\/p>\n<p class=\"fig-paragraph\">Le personnel p\u00e9nitentiaire du comt\u00e9 au sud d\u2019Atlanta avait cependant lib\u00e9r\u00e9 Kathan Guzman par erreur le 27 mars, n\u2019ayant pas lu attentivement les documents de son dossier, ignorant qu\u2019il avait \u00e9t\u00e9 condamn\u00e9 pour meurtre et agression par strangulation.<\/p>\n<p class=\"fig-paragraph\">Une fois rel\u00e2ch\u00e9, le condamn\u00e9 avait d\u00e9clar\u00e9 que \u00ab Dieu \u00e9tait bon\u00a0\u00bb et que cette lib\u00e9ration \u00e9tait le r\u00e9sultat d\u2019une volont\u00e9 sup\u00e9rieure, avait rapport\u00e9 le sh\u00e9rif.\u00a0Le 8 avril, le Bureau des services aux victimes de G\u00e9orgie avait d\u00e9couvert qu\u2019il ne parvenait pas \u00e0 localiser Guzman dans le syst\u00e8me p\u00e9nitentiaire et avait pr\u00e9venu le parquet, a d\u00e9clar\u00e9 la procureure du comt\u00e9 de Clayton, Tasha Mosley, dans\u00a0<a href=\"https:\/\/www.facebook.com\/photo?fbid=1084596070375448&amp;set=a.457733966394998\" target=\"_blank\" rel=\"nofollow noopener\" data-gtm-custom-categorie=\"navigation\" data-gtm-custom-action=\"crossclick\" data-gtm-custom-label=\"Contextuel\" data-gtm-event=\"customEventSPE\">un communiqu\u00e9<\/a>\u00a0.<\/p>\n<p class=\"fig-paragraph\">Tasha Mosley a indiqu\u00e9 que ses employ\u00e9s avaient alors v\u00e9rifi\u00e9 le syst\u00e8me informatique de la prison, qui semblait indiquer que Guzman avait \u00e9t\u00e9 lib\u00e9r\u00e9, et qu\u2019ils avaient donc imm\u00e9diatement pr\u00e9venu le sh\u00e9rif. \u00ab Tous les documents n\u00e9cessaires ont \u00e9t\u00e9 envoy\u00e9s aux personnes comp\u00e9tentes. Je ne comprends absolument pas pourquoi ils ont lib\u00e9r\u00e9 cet homme\u00a0\u00bb, a d\u00e9clar\u00e9 Mosley au journal d\u2019Atlanta. \u00ab Nous sommes tout aussi d\u00e9\u00e7us et furieux que tout le monde.\u00a0\u00bb\u00a0<\/p>\n<p>Arr\u00eat\u00e9 \u00absans incident\u00bb<\/p>\n<p class=\"fig-paragraph\">Guzman a finalement \u00e9t\u00e9 arr\u00eat\u00e9 \u00ab sans incident\u00a0\u00bb vendredi \u00e0 son domicile d\u2019Ocoee, pr\u00e8s d\u2019Orlando, a indiqu\u00e9 le Service des Marshals des \u00c9tats-Unis. Les registres de d\u00e9tention indiquaient qu\u2019il \u00e9tait d\u00e9tenu \u00e0 la prison du comt\u00e9 d\u2019Orange. \u00ab Aujourd\u2019hui, nous l\u2019avons retrouv\u00e9 et plac\u00e9 en d\u00e9tention\u00a0\u00bb, a confirm\u00e9 Michael Sonethavilay, commandant adjoint de la Force op\u00e9rationnelle r\u00e9gionale des fugitifs de Floride et des Cara\u00efbes de l\u2019agence.<\/p>\n<p class=\"fig-paragraph\">La nouvelle de son arrestation a repr\u00e9sent\u00e9 un v\u00e9ritable soulagement pour la famille de la victime, qui vivait dans l\u2019angoisse de repr\u00e9sailles depuis qu\u2019elle avait appris sa remise en libert\u00e9. La m\u00e8re de Delila Grayson, qui vit actuellement en Floride, n\u2019avait \u00e9t\u00e9 mise au courant de la nouvelle que ce mardi, lorsqu\u2019un procureur local avait \u00e9t\u00e9 mis au courant et l\u2019avait avertie. \u00abJ\u2019ai l\u2019impression d\u2019\u00eatre une cible facile\u00a0\u00bb, avait d\u00e9plor\u00e9 la m\u00e8re de Delila Grayson \u00e0\u00a0<a href=\"https:\/\/www.wftv.com\/news\/local\/osceola-family-seeks-answers-after-daughters-convicted-killer-is-mistakenly-released-jail\/ZLJ4XHTS6RAVVBMOSN2I4L3RGI\/\" target=\"_blank\" rel=\"nofollow noopener\" data-gtm-custom-categorie=\"navigation\" data-gtm-custom-action=\"crossclick\" data-gtm-custom-label=\"Contextuel\" data-gtm-event=\"customEventSPE\">WFTV-TV<\/a>\u00a0\u00e0 Orlando. Sa famille dormait \u00e0 tour de r\u00f4le afin que quelqu\u2019un soit \u00e9veill\u00e9 \u00e0 tout moment, et les adjoints du comt\u00e9 d\u2019Osceola avait patrouill\u00e9 dans son quartier, le temps que les recherches visant le condamn\u00e9 n\u2019aboutissent.<\/p>\n<p class=\"fig-paragraph\">Dans un communiqu\u00e9 publi\u00e9 vendredi, le sh\u00e9rif a indiqu\u00e9 que des sanctions disciplinaires concernant les employ\u00e9s du centre p\u00e9nitentiaire \u00e9taient en cours et que des licenciements \u00e9taient envisag\u00e9s.<\/p>\n","protected":false},"excerpt":{"rendered":"Kathan Guzman devait passer le reste de sa vie en prison apr\u00e8s avoir admis avoir \u00e9trangl\u00e9 sa petite&hellip;\n","protected":false},"author":2,"featured_media":19889,"comment_status":"","ping_status":"","sticky":false,"template":"","format":"standard","meta":{"footnotes":""},"categories":[1589],"tags":[259,11,260,73,1866,14,261,12,262,1864,1865,1863,308],"class_list":{"0":"post-19888","1":"post","2":"type-post","3":"status-publish","4":"format-standard","5":"has-post-thumbnail","7":"category-etats-unis","8":"tag-actualite-internationale","9":"tag-actualites","10":"tag-affaires-etrangeres","11":"tag-etats-unis","12":"tag-etats-unis-damerique","13":"tag-international","14":"tag-ministere-des-affaires-etrangeres","15":"tag-news","16":"tag-politique-etrangere","17":"tag-united-states","18":"tag-united-states-of-america","19":"tag-us","20":"tag-usa"},"share_on_mastodon":{"url":"https:\/\/pubeurope.com\/@fr\/114325295185754214","error":""},"_links":{"self":[{"href":"https:\/\/www.europesays.com\/fr\/wp-json\/wp\/v2\/posts\/19888","targetHints":{"allow":["GET"]}}],"collection":[{"href":"https:\/\/www.europesays.com\/fr\/wp-json\/wp\/v2\/posts"}],"about":[{"href":"https:\/\/www.europesays.com\/fr\/wp-json\/wp\/v2\/types\/post"}],"author":[{"embeddable":true,"href":"https:\/\/www.europesays.com\/fr\/wp-json\/wp\/v2\/users\/2"}],"replies":[{"embeddable":true,"href":"https:\/\/www.europesays.com\/fr\/wp-json\/wp\/v2\/comments?post=19888"}],"version-history":[{"count":0,"href":"https:\/\/www.europesays.com\/fr\/wp-json\/wp\/v2\/posts\/19888\/revisions"}],"wp:featuredmedia":[{"embeddable":true,"href":"https:\/\/www.europesays.com\/fr\/wp-json\/wp\/v2\/media\/19889"}],"wp:attachment":[{"href":"https:\/\/www.europesays.com\/fr\/wp-json\/wp\/v2\/media?parent=19888"}],"wp:term":[{"taxonomy":"category","embeddable":true,"href":"https:\/\/www.europesays.com\/fr\/wp-json\/wp\/v2\/categories?post=19888"},{"taxonomy":"post_tag","embeddable":true,"href":"https:\/\/www.europesays.com\/fr\/wp-json\/wp\/v2\/tags?post=19888"}],"curies":[{"name":"wp","href":"https:\/\/api.w.org\/{rel}","templated":true}]}}