{"id":198883,"date":"2025-06-23T19:03:11","date_gmt":"2025-06-23T19:03:11","guid":{"rendered":"https:\/\/www.europesays.com\/fr\/198883\/"},"modified":"2025-06-23T19:03:11","modified_gmt":"2025-06-23T19:03:11","slug":"mois-dement-600-cordes-hommage-a-talaat","status":"publish","type":"post","link":"https:\/\/www.europesays.com\/fr\/198883\/","title":{"rendered":"mois \u00ab\u00a0d\u00e9ment\u00a0\u00bb, 600 cordes, hommage \u00e0 Talaat"},"content":{"rendered":"<p>            Par<br \/>\n        <strong><br \/>\n            <a href=\"https:\/\/actu.fr\/auteur\/jm-aubert\" title=\"Consulter tous les articles de Jean-Marc Aubert\" rel=\"nofollow noopener\" target=\"_blank\">Jean-Marc Aubert<\/a><br \/>\n        <\/strong><\/p>\n<p>        Publi\u00e9 le<\/p>\n<p>            23 juin 2025 \u00e0 19h51<br \/>\n        ; mis \u00e0 jour le 23 juin 2025 \u00e0 20h45    <\/p>\n<p>Les inconditionnels de \u00ab\u00a0la gratte\u00a0\u00bb sont attendus nombreux pour les Internationales de la guitare -IG- 2025. Les fans ont sans doute d\u00e9j\u00e0 not\u00e9 les dates : du dimanche 21 septembre au dimanche 19 octobre 2025, le <strong>Festival des Internationales de la Guitare<\/strong> -IG-organis\u00e9 en <strong>Occitanie<\/strong> fe\u0302tera sa 30e\u0300me e\u0301dition, avec <strong>plus de 85 concerts<\/strong> et e\u0301ve\u0301nements, a\u0300 <strong>Montpellier<\/strong>, dans onze villes de l\u2019He\u0301rault et de l\u2019Occitanie.<\/p>\n<p class=\" wall-content\">Cre\u0301e\u0301es en 1996, les Internationales de la Guitare se sont impose\u0301es comme un rendez- vous musical majeur de l\u2019automne. Porte\u0301 par la passion de son fondateur <strong>Talaat El Singaby<\/strong>, <a href=\"https:\/\/actu.fr\/occitanie\/montpellier_34172\/montpellier-deces-de-talaat-el-singaby-le-fondateur-des-internationales-de-la-guitare-s-en-est-alle_62441435.html#:~:text=Montpellier.-,D%C3%A9c%C3%A8s%20de%20Talaat%20El%20Singaby%20%3A%20le%20fondateur%20des%20Internationales%20de,l&#039;%C3%A2ge%20de%2077%20ans.&amp;text=Montpellier%20est%20en%20deuil.,-Talaat%20El%20Singaby\" rel=\"nofollow noopener\" target=\"_blank\">d\u00e9c\u00e9d\u00e9 r\u00e9cemment<\/a>, le festival ce\u0301le\u0300bre aujourd\u2019hui son he\u0301ritage a\u0300 travers une e\u0301dition profonde\u0301ment tourne\u0301e vers la qualite\u0301, la diversite\u0301 et le partage. Un hommage sera d\u2019ailleurs rendu \u00e0 Talaat El Singaby, parti trop t\u00f4t, qui n\u2019avait jamais \u00e0 terre un genou apr\u00e8s qu\u2019une \u00e9dition de son \u00ab\u00a0b\u00e9b\u00e9\u00a0\u00bb ait \u00e9t\u00e9 g\u00e2ch\u00e9e par l\u2019<a href=\"https:\/\/actu.fr\/occitanie\/montpellier_34172\/trashed-112_35117710.html\" rel=\"nofollow noopener\" target=\"_blank\">\u00e9pisode sanitaire de la Covid.<\/a> Il avait lanc\u00e9 ce cri d\u2019alarme, applaudi par les organisateurs de spectacles locaux et des festivals renomm\u00e9s : \u00ab\u00a0la culture est en danger\u00a0\u00bb. Pour l\u2019heure, c\u2019est Nicole Bigas, la pr\u00e9sidente de l\u2019association <strong>Confluences<\/strong> qui assure l\u2019int\u00e9rim.<\/p>\n<p class=\" wall-content\">\u00ab\u00a0Pense\u0301 autour de la guitare et des cordes pince\u0301es, le festival repose sur trois piliers : une programmation artistique riche et e\u0301clectique, un engagement social fort avec de nombreuses actions culturelles gratuites et des initiatives pour le jeune public,\u00a0et un temps fort e\u0301conomique avec <a href=\"https:\/\/salon.les-ig.com\/le-programme\/\" rel=\"nofollow noopener\" target=\"_blank\">le Salon International de la Guitare a\u0300 Toulouse<\/a>, re\u0301unissant chaque anne\u0301e une centaine de luthiers, et un programme riche, en acce\u0300s libre\u00a0\u00bb, explique un des responsables. Ces IG seront l\u2019occasion de (re) d\u00e9couvrir des grands noms de la musique, lors de concerts et de rencontres musicales \u00e0 Montpellier, la M\u00e9tropole, mais aussi \u00e0 Rivesaltes, dans les Pyr\u00e9n\u00e9es-Orientales et \u00e0 Toulouse. Des artistes internationaux de haut-vol qui ont \u00e0 c\u0153ur de partager leur passion pour la guitare sont \u00e0 l\u2019affiche.<\/p>\n<p>Un \u00e9v\u00e9nement dans les Jardins du Peyrou<\/p>\n<p class=\" wall-content\">Apre\u0300s le succe\u0300s des <strong>100 Guitares<\/strong> en 2023 et l\u2019e\u0301ve\u0301nement des <strong>50 guitares<\/strong> a\u0300 La Grande-Motte en 2024, le projet<strong> 600 cordes<\/strong> revient cette anne\u0301e dans le cadre champ\u00eatre des Jardins du Peyrou a\u0300 Montpellier pour ce\u0301le\u0301brer le trentie\u0300me anniversaire du festival. C\u2019est l\u2019\u00e9v\u00e9nement des IG 2025.\u00a0<\/p>\n<p>Vid\u00e9os : en ce moment sur Actu<\/p>\n<p class=\" wall-content\">Imagine\u0301 par Talaat El Singaby, fondateur du festival, et organise\u0301 en partenariat avec la Ville de Montpellier, ce projet met a\u0300 l\u2019honneur la pratique amateure, en offrant\u00a0a\u0300 des passionne\u0301s de guitare venus de toute la Me\u0301tropole et de plus loin aussi l\u2019opportunite\u0301 de se produire dans le cadre du festival, \u00ab sur sce\u0300ne \u00bb, au me\u0302me titre que les grands artistes programme\u0301s.<\/p>\n<p class=\" wall-content\">Encadre\u0301s par Bertrand Papy et Victor Ibanez, musiciens professionnels et complices du projet depuis ses de\u0301buts,\u00a0les participants interpre\u0300teront un re\u0301pertoire original, conc\u0327u pour e\u0302tre accessible a\u0300 tous les niveaux. Re\u0301unis lors d\u2019ateliers collectifs en amont du concert, ils porteront haut les valeurs de partage, de cre\u0301ation collective et de valorisation de la pratique amateure. Avec de\u00a0nombreuses surprises sont au rendez vous, a\u0300 ne surtout pas manquer, foi de l\u2019\u00e9quipe des IG.<\/p>\n<p>    <img   decoding=\"async\" loading=\"lazy\" src=\"https:\/\/www.europesays.com\/fr\/wp-content\/uploads\/2025\/06\/talaat-el-singaby-internationales-de-la-guitare-occitanie-03-960x640.jpg\" alt=\"Talaat El Singaby le fondateur des IG parti trop t\u00f4t. Un hommage lui sera rendu\" width=\"960\" height=\"640\"\/><br \/>\n    Talaat El Singaby le fondateur des IG parti trop t\u00f4t. Un hommage lui sera rendu (\u00a9IG)<\/p>\n<p class=\" wall-content\"><strong>&gt; Montpellier : Jardins du Peyrou, dimanche 21 septembre, 20h30,\u00a0Cr\u00e9ation \u00e0 600 cordes<\/strong><\/p>\n<p class=\" wall-content\">Apr\u00e8s le succ\u00e8s de s 100 Guitares en 2023 et l\u2019\u00e9v\u00e9nement des 50 guitares \u00e0 La Grande Motte en 2024, le projet des<strong> 600 Cordes<\/strong> cette fois revient cette ann\u00e9e aux jardins du Peyrou \u00e0 Montpellier pour c\u00e9l\u00e9brer le trenti\u00e8me anniversaire du festival.\u00a0Imagin\u00e9 par Talaat El Singaby, fondateur du festival, et organis\u00e9 en partenariat avec la Ville de Montpellier, <strong>ce projet met \u00e0 l\u2019honneur la pratique amateure<\/strong>, en offrant \u00e0 des passionn\u00e9s de guitare venus de toute la M\u00e9tropole l\u2019opportunit\u00e9 de se produire dans le cadre du festival, \u00ab\u00a0sur sc\u00e8ne\u00a0\u00bb, au m\u00eame titre que les grands artistes programm\u00e9s.\u00a0Encadr\u00e9s par Bertrand Papy et Victor Ibanez, musiciens professionnels et complices du projet depuis ses d\u00e9buts, les participants interpr\u00e8teront un r\u00e9pertoire original, con\u00e7u pour \u00eatre accessible \u00e0 tous les niveaux. R\u00e9unis lors d\u2019ateliers collectifs en amont du concert, ils porteront haut les valeurs de partage, de cr\u00e9ation collective et de valorisation de la pratique amateure.\u00a0De nombreuses surprises sont au rendez vous, \u00e0 ne surtout pas manquer.<\/p>\n<p class=\" wall-content\"><strong>&gt; S\u00e9rignan : Mrac Occitanie, dimanche 21 septembre, 15h, indie folk\u00a0avec\u00a0Flora Hibberd, indie folk,<\/strong><\/p>\n<p class=\" wall-content\"><strong>Flora Hibberd<\/strong>, c\u2019est une voix en clair-obscur, une folk habite\u0301e qui me\u0302le poe\u0301sie, myste\u0300re et intensite\u0301. Britannique installe\u0301e\u00a0a\u0300 Paris, elle de\u0301voile avec Swirl un premier album envou\u0302tant, ou\u0300 chaque morceau explore les langages cache\u0301s de l\u2019a\u0302me et du son. Porte\u0301e par des musiciens de l\u2019univers de Bon Iver et Sufjan Stevens, sa musique e\u0301voque Big Thief ou Cate Le Bon, entre finesse et puissance retenue.\u00a0Sur sce\u0300ne, elle capte l\u2019attention avec une gra\u0302ce magne\u0301tique. Chaque chanson devient un rituel, chaque mot un fil tendu vers l\u2019e\u0301motion. Si vous aimez les concerts qui re\u0301sonnent longtemps apre\u0300s la dernie\u0300re note, ne la manquez pas.<\/p>\n<p class=\" wall-content\"><strong>&gt; Montpellier : Op\u00e9ra-Com\u00e9die, mercredi 24 septembre, 20h30, flamenco avec\u00a0Alfonso Losa et Paula Comitre<\/strong><\/p>\n<p class=\" wall-content\">Quand le flamenco bouscule les limites du corps et de l\u2019\u00e9motion, na\u00eet <strong>Alter Ego<\/strong>, cr\u00e9ation d\u2019<strong>Alfonso Losa et Patricia Guerrero<\/strong>, r\u00e9f\u00e9rences incontest\u00e9es de la danse en Espagne.\u00a0 C\u2019est aux c\u00f4t\u00e9s de la brillante Paula Comitre qu\u2019Alfonso Losa partage la sc\u00e8ne. Entre tension, abandon et virtuosit\u00e9, ce duo de corps et d\u2019ombres donne vie \u00e0 un dialogue intense, un jeu de miroirs sensibles o\u00f9 les \u00e9motions se font chair.\u00a0Sur sc\u00e8ne, ils sont accompagn\u00e9s par trois artistes de haut vol \u2013 Francisco Vinuesa (guitare), Sandra Carrasco et Ismael \u201cEl Bola\u201d (chant) \u2013 qui insufflent au spectacle une intensit\u00e9 flamboyante. Chaque note, chaque souffle, chaque silence entrelace danse et \u00e9motion dans un flamenco \u00e0 la fois fid\u00e8le \u00e0 ses racines, et r\u00e9solument moderne.\u00a0V\u00e9ritable triomphe \u00e0 chaque repr\u00e9sentation, Alter Ego a conquis le public et la critique, remportant quatre prix majeurs au Festival de Jerez 2024. Une performance \u00e0 ne pas manquer dans le somptueux \u00e9crin de l\u2019Op\u00e9ra Com\u00e9die de Montpellier, o\u00f9 le flamenco r\u00e9v\u00e8le toute sa splendeur, entre la force de la musique et les mouvements somptueux de la danse. Line up avec\u00a0Alfonso Losa : danse,\u00a0Paula Comitre danse,\u00a0Sandra Carrasco au chant,\u00a0Ismael \u201cEl Bola\u201d au chant et Francisco Vinuesa \u00e0 la guitare.<\/p>\n<p class=\" wall-content\"><strong>&gt; Montpellier, mercredi 24 septembre, 20h30, JAM : The Doug, chanson, rap, pop<\/strong><\/p>\n<p class=\" wall-content\">Re\u0301ve\u0301le\u0301 par un premier album salue\u0301 par la critique et une Cigale \u00e0 Paris affichant complet, <strong>The Doug<\/strong> poursuit sa lance\u0301e avec Leader Price, un single coup de poing qui marque une nouvelle e\u0301tape avant son Olympia en juin. A\u0300 seulement\u00a020 ans, il s\u2019impose comme une voix singulie\u0300re, entre rap virevoltant et chanson franc\u0327aise, porte\u0301e par une e\u0301criture fine, une sensibilite\u0301 a\u0300 fleur de peau et une guitare nue qui met a\u0300 vif les e\u0301motions.\u00a0The Doug cultive une esthe\u0301tique sobre et intense, jusque dans ses clips a\u0300 l\u2019atmosphe\u0300re cre\u0301pusculaire. Puisant dans\u00a0les souvenirs bruts et sans filtre de l\u2019adolescence \u2013 l\u2019errance, l\u2019insouciance, les de\u0301sillusions \u2013 il fac\u0327onne un univers intime, ou\u0300 re\u0301sonnent les e\u0301chos d\u2019un Bashung jeune ou des premie\u0300res heures de Fauve. Son concert s\u2019annonce comme un moment suspendu, a\u0300 la croise\u0301e des genres et des ge\u0301ne\u0301rations.<\/p>\n<p class=\" wall-content\"><strong>&gt; Montpellier, Rockstore, jeudi 25 septembre, 20h30, rock, blues, psyche\u0301 avec Ko Ko Mo<\/strong><\/p>\n<p class=\" wall-content\"><strong>Ko Ko Mo,<\/strong> c\u2019est l\u2019alchimie parfaite entre le rock et l\u2019e\u0301lectro, un duo qui de\u0301gage une e\u0301nergie brute et qui sait enflammer la sce\u0300ne. Warren, a\u0300 la voix androgyne et a\u0300 la guitare, me\u0302le puissance et sensibilite\u0301, tandis que K20, a\u0300 la batterie, marte\u0300le ses fu\u0302ts avec une e\u0301nergie de\u0301vorante. Ensemble, ils de\u0301gagent une telle force qu\u2019on a l\u2019impression qu\u2019ils se de\u0301multiplient. Apre\u0300s plus de 600 concerts a\u0300 travers le monde et des premie\u0300res parties me\u0301morables pour des ge\u0301ants du rock comme Jack White et Shaka Ponk, leur son unique a conquis des milliers de fans.\u00a0Avec leur 4e album, \u00ab Striped \u00bb, qui sort en octobre, ils s\u2019appre\u0302tent a\u0300 monter sur sce\u0300ne pour offrir un show encore plus explosif. Attendez-vous a\u0300 un concert ou\u0300 chaque riff de guitare, chaque battement de batterie, et chaque vibration e\u0301lectronique feront vibrer vos sens. Ne manquez pas cette occasion de vivre un spectacle ou\u0300 l\u2019e\u0301nergie et la musique fusionnent de fac\u0327on ine\u0301dite.<\/p>\n<p class=\" wall-content\"><strong>&gt; Montpellier, Op\u00e9ra-Com\u00e9die, vendredi 26 septembre, 20h30, indie rock avec Tindersticks<\/strong><\/p>\n<p class=\" wall-content\">Piliers du rock me\u0301lancolique britannique depuis plus de 30 ans, <strong>Tindersticks<\/strong> revient avec Soft Tissue, leur 14e album, qui ouvre un nouveau chapitre lumineux et habite\u0301. Entre soul feutre\u0301e, orchestrations somptueuses et la voix profonde de Stuart Staples, le groupe explore des territoires toujours plus intimes et audacieux.\u00a0Porte\u0301s par les influences de Leonard Cohen, Ennio Morricone ou Nick Cave, le groupe tisse une musique a\u0300 la fois cine\u0301matographique et profonde\u0301ment humaine, ou\u0300 chaque note vibre d\u2019une e\u0301motion contenue. En concert, leur art de la nuance et de la tension prend toute son ampleur, entre spleen enveloppant et envole\u0301es lyriques.<\/p>\n<p class=\" wall-content\"><strong>&gt; Mireval, centre culturel Le\u0301o Malet, vendredi 26 septembre, 20h30, blues, folk, jazz avec Hugh Coltman<\/strong><\/p>\n<p class=\" wall-content\">Dans son sixie\u0300me album Good Grief (aou\u0302t 2024), <strong>Hugh Coltman<\/strong> se confronte a\u0300 ses ombres : deuil, paternite\u0301, crise\u00a0de la cinquantaine et vertige de l\u2019e\u0301poque. Le crooner rock\u00a0a\u0300 l\u2019accent so british livre des chansons poignantes, pare\u0301es\u00a0de jazz, de folk et de blues, qui touchent en plein c\u0153ur. Ce nouvel opus, marque\u0301 par une since\u0301rite\u0301 rare, est une \u0153uvre de re\u0301silience qui s\u2019impose avec une grande intensite\u0301. Et si la crise avait du bon ?\u00a0Ancien leader de The Hoax, Hugh Coltman a explore\u0301 le re\u0301pertoire de Nat King Cole (Victoire du Jazz 2017) et rendu hommage a\u0300 Dr. John sur Night Trippin\u2019 (2022). Avec Good Grief, il revient a\u0300 l\u2019essentiel et signe un disque d\u2019une rare densite\u0301, a\u0300 la fois grave et tendre. Comme le souligne Rolling Stone, cet album me\u0302le rock, pop, folk et jazz avec une profondeur e\u0301motionnelle saisissante, tandis que Te\u0301le\u0301rama le de\u0301crit comme un \u00ab recueil distingue\u0301 de chansons organiques, spirituelles et cathartiques \u00bb.<\/p>\n<p class=\" wall-content\"><strong>&gt; Montpellier, centre-ville 24H D\u00e9mentes, marathon de d\u00e9couvertes musicales, samedi 27 10h \u00e0 dimanche 28 septembre, 10h<\/strong><\/p>\n<p class=\" wall-content\">C\u00a0\u00bbest un des points forts des IG : <strong>les 24h De\u0301ment(es)<\/strong> sont de retour. Depuis 2009, cet e\u0301ve\u0301nement incontournable, porte\u0301 par le festival des Internationales de la Guitare, transforme Montpellier en un ve\u0301ritable parcours musical : 24 heures de concerts en continu, a\u0300 partir de 10h le samedi matin, dans une se\u0301lection de lieux emble\u0301matiques de la ville.\u00a0Et bonne nouvelle : l\u2019e\u0301dition 2025 s\u2019annonce plus surprenante que jamais ! Pre\u0301parez-vous a\u0300 de\u0301couvrir une programmation riche et varie\u0301e. Retrouver ici tous les artistes qui participeront a\u0300 cette belle traverse\u0301e musicale. Petit rappel : tous les concerts des 24h De\u0301ment(es) sont entie\u0300rement gratuits, dans la limite des places disponibles. Un\u00a0e\u0301ve\u0300nement organise\u0301 en partenariat avec la Mutuelle des Motards.<\/p>\n<p class=\" wall-content\"><strong>&gt; Montpellier, JAM, mercredi 1er octobre, 20h30, Talaat, au fil des cordes, cre\u0301ation hommage, jazz, musiques du monde<\/strong><\/p>\n<p class=\" wall-content\">Pense\u0301 comme <strong>un voyage en trois e\u0301tapes,<\/strong> le temps d\u2019une soire\u0301e, la musique retrace le chemin de Talaat El Singaby, de l\u2019Orient a\u0300 l\u2019Occident.\u00a0Le voyage commence en E\u0301gypte, pays natal de Talaat, avec les sonorite\u0301s envou\u0302tantes d\u2019Ihab Radwan, dans lesquelles<br \/>il revisite les chants traditionnels orientaux que Talaat affectionnait tant. Vient ensuite l\u2019arrive\u0301e en France de Talaat, dans les anne\u0301es 70, et la de\u0301couverte des chansons de Brassens et Lapointe. Ge\u0301rard Pansanel, Michel Marre et Patrice He\u0301ral en livreront une relecture jazz, libre et inspire\u0301e. Enfin, Les Amis de Brassens rendront hommage au poe\u0300te se\u0301tois avec quelques titres emble\u0301matiques, ce\u0301le\u0301brant le grand amour que Talaat portait a\u0300 cet artiste.<br \/>Talaat n\u2019a jamais choisi entre les styles, il les a me\u0301lange\u0301s.\u00a0Ce concert ce\u0301le\u0300bre cette liberte\u0301 et ce me\u0301tissage.<\/p>\n<p class=\" wall-content\"><strong>&gt; Montpellier, Rockstore, jeudi 2 octobre, 20h30, chanson franc\u0327aise, rock avec Miossec<\/strong><\/p>\n<p class=\" wall-content\">Tonnerre, tonnerre, tonnerre de Brest, <strong>Miossec<\/strong> est de retour sur sce\u0300ne de\u0301but 2025, trente ans apre\u0300s ses de\u0301buts marquants dans la chanson franc\u0327aise. Entoure\u0301 de ses complices Ste\u0301phane Fromentin et Nicolas Me\u0301heust, il livre une performance intense et sans de\u0301tour. Ensemble, ils redonnent vie a\u0300 son re\u0301pertoire avec une e\u0301nergie nouvelle, entre tension rock et sobrie\u0301te\u0301 touchante.\u00a0Pas d\u2019artifices, juste des mots qui claquent, une pre\u0301sence brute et une musique qui percute. Ce concert va droit au but, a\u0300 la fois puissant et since\u0300re.\u00a0Deux anniversaires qui se croisent avec e\u0301vidence, autour d\u2019une me\u0302me passion pour la sce\u0300ne : celle de Miossec, et celle du festival qui fe\u0302te aussi ses 30 ans.<\/p>\n<p class=\" wall-content\"><strong>&gt; Lunel, salle Georges Brassens, vendredi 3 octobre, chanson fran\u00e7aise , rock et blues avec Sanseverino\u00a0<\/strong><\/p>\n<p class=\" wall-content\">Depuis plus de trente ans <strong>Sanseverino<\/strong>\u00a0au look original visite l\u2019espace-temps musical en toute liberte\u0301, changeant a\u0300 chaque album de\u00a0style mais avec toujours son timbre et son e\u0301criture bien caracte\u0301ristiques. Il atterrit ici a\u0300 bord de son nouveau vaisseau\u00a0\u00ab Shuffle Enterprise \u00bb vibrant au son d\u2019un rock tribal teinte\u0301 de blues, de lampes et d\u2019e\u0301cho a\u0300 bande, revisitant, re\u0301inventant<br \/>ses propres chansons. L\u2019e\u0301quipage est sommaire et sans e\u0301lectronique, batterie, contrebasse, sax et guitare, comme qui dirait \u00ab a\u0300 l\u2019ancienne \u00bb, mais pourtant bien actuel. C\u0327a swing, c\u0327a percute, c\u0327a de\u0301colle\u2026 en un mot, c\u0327a shuffle ! Et qui sait si Mister Spock ne va pas de\u0301bouler des e\u0301toiles\u2026\u00a0Sur sce\u0300ne, Sanseverino se re\u0301ve\u0300le une fois de plus comme<br \/>un performer exceptionnel. Son e\u0301nergie communicative et son amour du live font de chaque concert \u00ab un ve\u0301ritable feu d\u2019artifice de cre\u0301ativite\u0301 \u00bb. Un moment a\u0300 vivre intense\u0301ment pour les fans de son univers unique.<\/p>\n<p class=\" wall-content\"><strong>&gt; Prades-le-Lez : vendredi 3 octobre, 20h30, salle Jacques Brel : jazz, world et manouche avec S\u00e9bastien Giniaux et Joris Viquesnel.<\/strong><\/p>\n<p class=\" wall-content\"><strong>In The Arms Of Windmills<\/strong> est une odysse\u0301e musicale porte\u0301e par Se\u0301bastien Giniaux a\u0300 la guitare solo et Joris Viquesnel\u00a0a\u0300 l\u2019accompagnement. Depuis plus de 20 ans, ces deux complices explorent ensemble un large e\u0301ventail de styles : du jazz manouche a\u0300 la musique des Balkans, en passant par la musique classique et les sonorite\u0301s africaines. Leur dialogue musical, d\u2019une fluidite\u0301 rare, donne naissance a\u0300 un re\u0301pertoire original et sans frontie\u0300res.\u00a0Cet album est une que\u0302te de liberte\u0301, une re\u0301ponse vibrante\u00a0a\u0300 la standardisation de la musique commerciale. Avec In\u00a0The Arms Of Windmills, ils re\u0301inventent les codes, me\u0302lent les influences et signent un univers sonore aussi libre qu\u2019inspire\u0301.\u00a0Sur sce\u0300ne, la complicite\u0301 entre les deux artistes se fait palpable. Le concert devient une expe\u0301rience intense, entre explosion d\u2019e\u0301nergie et instants intimes suspendus, ou\u0300 les genres se fondent et les e\u0301motions circulent. Une aventure musicale singulie\u0300re, a\u0300 la fois virtuose et profonde\u0301ment humaine.<\/p>\n<p class=\" wall-content\"><strong>&gt; Assas, salle des Crouzets, samedi 4 octobre, 20h30, jazz manouche avec Les Doigts de l\u2019Homme.\u00a0<\/strong><\/p>\n<p class=\" wall-content\">Depuis 2003, <strong>Les Doigts de L\u2019Homme<\/strong> ont e\u0301volue\u0301, me\u0302lant jazz manouche et influences modernes pour cre\u0301er un style unique. A\u0300 l\u2019occasion de leurs 20 ans, ils pre\u0301parent un double album ambitieux, compose\u0301 d\u2019un disque acoustique et d\u2019un autre plus e\u0301lectrique, illustrant leur parcours musical. Ce projet, Erratic, The Art of Roaming, marque une nouvelle e\u0301tape dans leur exploration sonore, fruit de 20 ans de complicite\u0301 entre les membres du groupe et du label Lamastrock.\u00a0Le groupe, mene\u0301 par Olivier Kikteff, a su se re\u0301inventer a\u0300 chaque album, me\u0301langeant influences manouches, afro-jazz, et musiques du monde. Leur carrie\u0300re a e\u0301te\u0301 marque\u0301e par de nombreuses tourne\u0301es internationales et une reconnaissance croissante dans le milieu du jazz et de la musique manouche. Aujourd\u2019hui, avec des albums acclame\u0301s et une tourne\u0301e mondiale, Les Doigts de L\u2019Homme continuent de repousser les frontie\u0300res de leur style, offrant une expe\u0301rience musicale riche et dynamique. Des hommes qui ont tous les droits dans la zique.<\/p>\n<p class=\" wall-content\"><strong>&gt; Saint-G\u00e9ly-du-Fesc, Sc\u00e8ne en Grand Pic Saint-Loup, mercredi 8 octobre, 20h30 : blues, trad avec Muddy Gurdy<\/strong><\/p>\n<p class=\" wall-content\"><strong>Muddy Gurdy<\/strong> fusionne la puissance du blues du Mississippi avec les sonorite\u0301s envou\u0302tantes des musiques traditionnelles d\u2019Auvergne. Porte\u0301 par une guitare, une voix, des percussions et une vielle a\u0300 roue (hurdy gurdy), le groupe tisse un univers hypnotique ou\u0300 les racines du blues rencontrent les me\u0301lodies populaires du centre de la France. Une relecture audacieuse et vibrante du genre.\u00a0Apre\u0300s Auvergne-Mississippi (2017) et Homecoming (2020), Muddy Gurdy nous emme\u0300ne aujourd\u2019hui en Louisiane avec Seven. Cet album s\u2019inscrit dans un triptyque spatio-temporel qui explore la musique de la terre et de la Terre, reliant les traditions des volcans Auvergnats aux bayous de Louisiane. Seven est enregistre\u0301 en une semaine dans une ambiance fre\u0301ne\u0301tique, me\u0302lant musique cajun, zydeco et classiques revisite\u0301s. Sans pre\u0301tention ethnomusicologique, l\u2019album rend hommage a\u0300 Marc Glomeau, dont l\u2019esprit reste pre\u0301sent dans chaque note, dans cette aventure musicale riche et humaine.<\/p>\n<p class=\" wall-content\"><strong>&gt; La Grande-Motte, Pasino Partouche, jeudi 9 octobre, 20h30, quintet jazz avec Kyle Eastwood<\/strong><\/p>\n<p class=\" wall-content\">Contrebassiste et bassiste de renomme\u0301e internationale, <strong>Kyle Eastwood<\/strong> de\u0301fend un jazz a\u0300 la fois traditionnel, me\u0301lodique\u00a0et subtilement lyrique. Apre\u0300s avoir brie\u0300vement fre\u0301quente\u0301<br \/>les plateaux de cine\u0301ma, il se consacre de\u0300s l\u2019adolescence a\u0300 la sce\u0300ne musicale et confirme sa carrie\u0300re de jazzman avec une dizaine d\u2019albums a\u0300 son actif. Son amour du cine\u0301ma ne l\u2019acependant jamais quitte\u0301 : il signe plusieurs musiques de films pour son pe\u0300re, Clint Eastwood, dont Mystic River et Million Dollar Baby.\u00a0Avec Eastwood by Eastwood, il revisite les bandes originales de la filmographie le\u0301gendaire du re\u0301alisateur, brillamment arrange\u0301es par son quintet. Entre jazz, classique et cine\u0301ma,\u00a0ce road-movie musical ce\u0301le\u0300bre une double passion familiale. De John Williams a\u0300 Ennio Morricone, en passant par les compositions originales de Clint lui-me\u0302me, le concert alterne chefs-d\u2019\u0153uvre emble\u0301matiques et rede\u0301couvertes de me\u0301lodies plus confidentielles, ponctue\u0301es d\u2019anecdotes intimes sur leur lien artistique. Un spectacle e\u0301le\u0301gant et touchant, a\u0300 la croise\u0301e des arts.<\/p>\n<p class=\" wall-content\"><strong>&gt; Rivesaltes, salle des D\u00f4mes, vendredi 10 octobre, 20h30, Hendrix au f\u00e9minin avec Nina Attal<\/strong><\/p>\n<p class=\" wall-content\">Electric LadyLand : <strong>Hendrix par les filles<\/strong> est un hommage vibrant et audacieux a\u0300 l\u2019incontournable Jimi Hendrix.\u00a0Porte\u0301e par la talentueuse Nina Attal et cinq musiciennes exceptionnelles, cette performance revisite les classiques du mai\u0302tre avec une touche fe\u0301minine ine\u0301dite. En mettant l\u2019accent sur la sensualite\u0301 et la liberte\u0301 cre\u0301ative de Hendrix, Nina et\u00a0son groupe offrent un show explosif, ou\u0300 chaque riff et solo re\u0301sonnent avec une e\u0301nergie nouvelle.\u00a0L\u2019interpre\u0301tation, a\u0300 la fois fide\u0300le et inventive, plonge le public dans l\u2019univers mystique de Hendrix. Chaque morceau\u00a0est re\u0301interpre\u0301te\u0301 avec une telle passion qu\u2019il en devient presque ine\u0301dit, alliant technique et e\u0301motion brute pour une expe\u0301rience musicale intense. Ce concert ne se contente pas de rendre hommage, il transforme l\u2019he\u0301ritage hendrixien en une aventure vivante et actuelle.\u00a0A\u0300 ne pas manquer pour les fans de rock, blues et guitare virtuose.<\/p>\n<p class=\" wall-content\"><strong>&gt; Saint-Cl\u00e9ment-de-Rivi\u00e8re, salle Fr\u00e9d\u00e9ric Bazille, samedi 11 octobre, 20h30 swing, jazz et gypsy avec Gypsy Guitars 2, Debarre, Camps et Anastasio<\/strong><\/p>\n<p class=\" wall-content\">Trente-cinq ans apre\u0300s le premier <strong>Gypsy Guitars<\/strong>, qui marqua le renouveau du gypsy jazz au de\u0301but des anne\u0301es 90 et re\u0301ve\u0301la Angelo Debarre comme une des figures majeures de cette musique, les trois protagonistes du trio originel se retrouvent et renouent avec le cocktail de\u0301tonnant de swing et de virtuosite\u0301 qui fit le succe\u0300s du premier volume. De standards<br \/>a\u0300 la Django en pe\u0301pites tsiganes, en passant par les valses, dont Angelo est un champion, le trio culte ce\u0301le\u0300bre l\u2019a\u0302me de la musique gypsy.\u00a0Enregistre\u0301 dans la continuite\u0301 du mythique album de 1989, ce nouvel opus me\u0302le swing e\u0301clatant, folklore d\u2019Europe de l\u2019Est et compositions originales, sublime\u0301s par l\u2019unite\u0301 du trioet la finesse acoustique de l\u2019interpre\u0301tation. Une e\u0301le\u0301gance intemporelle et une virtuosite\u0301 complice, magnifie\u0301es par trois mai\u0302tres du genre.<\/p>\n<p class=\" wall-content\"><strong>&gt; Lattes : samedi 11 octobre, 20h30, Th\u00e9\u00e2tre Jacques Coeur, blues et soul avec Sonny Gullage et The Blues Groovers<\/strong><\/p>\n<p class=\" wall-content\">A\u0300 seulement 25 ans, <strong>Sonny Gullage<\/strong> s\u2019impose comme un phe\u0301nome\u0300ne du blues et de la soul. Originaire de La Nouvelle- Orle\u0301ans, il livre un album explosif, Go Be Free, produit par<br \/>le Grammy-winner Tom Hambridge. Talentueux chanteur, auteur et clavie\u0301riste, il est compare\u0301 a\u0300 Christone \u201cKingfish\u201d Ingram ou Marcus King, et brille par son e\u0301nergie et sa profondeur musicale. Re\u0301ve\u0301le\u0301 au grand public via American Idol et fort de nombreuses tourne\u0301es internationales (Autriche, Bre\u0301sil, Allemagne\u2026), Sonny se\u0301duit par sa puissance sce\u0301nique autant que par sa since\u0301rite\u0301.\u00a0Go Be Free me\u0301lange gospel, soul et blues avec une voix pleine d\u2019a\u0302me, des claviers brillants, et des textes marquants. Accompagne\u0301 des Blues Groovers, cinq autres musiciens de talent, ce concert s\u2019annonce aussi vibrant que me\u0301morable. A\u0300 de\u0301couvrir absolument.<\/p>\n<p class=\" wall-content\"><strong>&gt; Montpellier, Corum, salle Berlioz, dimanche 12 octobre, 20h30, blufunk et soul avec Keziah Jones.<\/strong><\/p>\n<p class=\" wall-content\">Ico\u0302ne libre et inclassable, virtuose de la guitare, <strong>Keziah Jones<\/strong> revient avec Alive &amp; Kicking, un nouvel album incandescent enregistre\u0301 live a\u0300 Lagos, me\u0302lant reprises, titres ine\u0301dits et versions revisite\u0301es de ses classiques. Inventeur du blufunk \u2013 fusion audacieuse de funk, soul, rock, jazz et rythmes yoruba \u2013 il e\u0301lectrise depuis plus de 30 ans les sce\u0300nes du monde entier avec sa guitare percussive, sa voix magne\u0301tique et son charisme solaire.\u00a0Ne\u0301 a\u0300 Lagos, re\u0301ve\u0301le\u0301 a\u0300 Paris, ce musicien engage\u0301 n\u2019a jamais cesse\u0301 de faire dialoguer ses racines nige\u0301rianes et ses influences occidentales, de Fela Kuti a\u0300 Prince en passant parHendrix ou The Police. Son tube plane\u0301taire Rhythm Is Love re\u0301sonne encore aujourd\u2019hui comme un hymne a\u0300 la liberte\u0301.\u00a0Sur sce\u0300ne, Keziah Jones de\u0301ploie une e\u0301nergie brute, e\u0301le\u0301gante, profonde\u0301ment communicative. Son jeu de guitare unique, son groove irre\u0301sistible et sa pre\u0301sence habite\u0301e font de chaque performance un moment rare, a\u0300 la fois festif et intime.\u00a0Son passage en te\u0302te d\u2019affiche des Internationales de la Guitare promet un grand moment de communion musicale, entre virtuosite\u0301, engagement et pur plaisir du live.<\/p>\n<p class=\" wall-content\"><strong>&gt; Toulouse, Salon international de la guitare et Salon de Lutherie, site de La Cit\u00e9, samedi 18 et dimanche 19 octobre de 10h30 \u00e0 19h.<\/strong><\/p>\n<p class=\" wall-content\"><strong>100 luthiers exposants<\/strong>, concerts, masterclass : le Salon international de la guitare revient a\u0300 Toulouse, c\u2019est un des temps fort de ce estival, car\u00a0il rassemble chaque anne\u0301e une centaine de luthiers et d\u2019artisans venus de toute la France et de l\u2019international, dans un cadre exceptionnel, pour un week-end entie\u0300rement de\u0301die\u0301 a\u0300 l\u2019univers des instruments a\u0300 cordes pince\u0301es.\u00a0Sur place, les visiteurs peuvent de\u0301couvrir une grande varie\u0301te\u0301 d\u2019instruments \u2013 guitares classiques, flamencas,\u00a0folks, manouches, e\u0301lectriques, basses, ukule\u0301le\u0301s, banjos ou encore mandolines \u2013 mais aussi des amplis, pe\u0301dales d\u2019effets, accessoires, et tout ce qui compose la richesse de la filie\u0300re.Des de\u0301monstrations musicales sont propose\u0301es tout au long du week-end, ainsi que des espaces d\u2019essai pour tester les instruments expose\u0301s.\u00a0Ve\u0301ritable lieu d\u2019e\u0301change et de transmission, le salon vise a\u0300 faire de\u0301couvrir au grand public les savoir-faire de la lutherie, tout en favorisant les rencontres entre les artisans et les amateurs de guitare, de musique et d\u2019artisanat.\u00a0Gratuit et ouvert a\u0300 tous, le salon offre e\u0301galement un programme d\u2019animations varie\u0301es avec masterclass, ateliers et concerts, pour tous les a\u0302ges et tous les niveaux.<\/p>\n<p>Et aussi les actions culturelles des IG<\/p>\n<p class=\" wall-content\">Depuis 1996, le festival des IG affirme une conviction forte : <strong>l\u2019acce\u0300s a\u0300 la culture est un droit fondamental.<\/strong> \u00ab\u00a0Nous nous engageons\u00a0a\u0300 rendre la culture accessible a\u0300 tous, en particulier dans les zones rurales ou enclave\u0301es de la re\u0301gion Occitanie. Chaque anne\u0301e, plus de 4 000 enfants, jeunes et familles participent a\u0300 des actions artistiques et musicales collectives, conc\u0327ues pour favoriser l\u2019e\u0301change, l\u2019inclusion et la de\u0301couverte culturelle.\u00a0Notre action s\u2019inscrit dans une logique de service public culturel, en comple\u0301mentarite\u0301 avec les acteurs associatifs et les institutions, pour renforcer la cohe\u0301sion sociale, favoriser le vivre ensemble et construire un acce\u0300s e\u0301quitable aux pratiques artistiques de\u0300s le plus jeune a\u0302ge\u00a0\u00bb, soulignent les organisateurs montpelli\u00e9rains.<\/p>\n<p class=\" wall-content\">Bref, si les 24H D\u00e9mentes constituent une des t\u00eates d\u2019affiches de cet anniversaire des IG, on peut dire que ce festival propose un mois \u00ab\u00a0d\u00e9ment\u00a0\u00bb autour de la guitare, plus que jamais reine.<\/p>\n<p>&gt; Les Internationales de la Guitare et le Salon des IG \u00e0 Toulouse. Infos au 04 67 6636 55. Tarifs et billetterie ici\u00a0<a href=\"https:\/\/fb-fest.tickandlive.com\/?idwl=8\" rel=\"nofollow noopener\" target=\"_blank\">https:\/\/fb-fest.tickandlive.com\/?idwl=8<\/a><\/p>\n<p class=\" wall-content\">Suivez toute l\u2019actualit\u00e9 de vos villes et m\u00e9dias favoris en vous inscrivant \u00e0 <a href=\"https:\/\/moncompte.actu.fr\" title=\"D\u00e9couvez Mon Actu\" rel=\"nofollow noopener\" data-trk=\"{&quot;cta&quot;:{&quot;action&quot;:&quot;https:\\\/\\\/moncompte.actu.fr&quot;,&quot;category&quot;:&quot;mon compte&quot;,&quot;from&quot;:&quot;article footer&quot;,&quot;name&quot;:&quot;Mon actu&quot;,&quot;type&quot;:&quot;cta&quot;}}\" target=\"_blank\">Mon Actu<\/a>.<\/p>\n","protected":false},"excerpt":{"rendered":"Par Jean-Marc Aubert Publi\u00e9 le 23 juin 2025 \u00e0 19h51 ; mis \u00e0 jour le 23 juin 2025&hellip;\n","protected":false},"author":2,"featured_media":198884,"comment_status":"","ping_status":"","sticky":false,"template":"","format":"standard","meta":{"footnotes":""},"categories":[9599],"tags":[1111,11,1697,1777,674,1011,27,1652,2208,12,2680,25],"class_list":{"0":"post-198883","1":"post","2":"type-post","3":"status-publish","4":"format-standard","5":"has-post-thumbnail","7":"category-montpellier","8":"tag-actu","9":"tag-actualites","10":"tag-concert","11":"tag-eu","12":"tag-europe","13":"tag-fr","14":"tag-france","15":"tag-loisirs-culture","16":"tag-montpellier","17":"tag-news","18":"tag-occitanie","19":"tag-republique-francaise"},"share_on_mastodon":{"url":"https:\/\/pubeurope.com\/@fr\/114734236153517078","error":""},"_links":{"self":[{"href":"https:\/\/www.europesays.com\/fr\/wp-json\/wp\/v2\/posts\/198883","targetHints":{"allow":["GET"]}}],"collection":[{"href":"https:\/\/www.europesays.com\/fr\/wp-json\/wp\/v2\/posts"}],"about":[{"href":"https:\/\/www.europesays.com\/fr\/wp-json\/wp\/v2\/types\/post"}],"author":[{"embeddable":true,"href":"https:\/\/www.europesays.com\/fr\/wp-json\/wp\/v2\/users\/2"}],"replies":[{"embeddable":true,"href":"https:\/\/www.europesays.com\/fr\/wp-json\/wp\/v2\/comments?post=198883"}],"version-history":[{"count":0,"href":"https:\/\/www.europesays.com\/fr\/wp-json\/wp\/v2\/posts\/198883\/revisions"}],"wp:featuredmedia":[{"embeddable":true,"href":"https:\/\/www.europesays.com\/fr\/wp-json\/wp\/v2\/media\/198884"}],"wp:attachment":[{"href":"https:\/\/www.europesays.com\/fr\/wp-json\/wp\/v2\/media?parent=198883"}],"wp:term":[{"taxonomy":"category","embeddable":true,"href":"https:\/\/www.europesays.com\/fr\/wp-json\/wp\/v2\/categories?post=198883"},{"taxonomy":"post_tag","embeddable":true,"href":"https:\/\/www.europesays.com\/fr\/wp-json\/wp\/v2\/tags?post=198883"}],"curies":[{"name":"wp","href":"https:\/\/api.w.org\/{rel}","templated":true}]}}