{"id":198893,"date":"2025-06-23T19:08:24","date_gmt":"2025-06-23T19:08:24","guid":{"rendered":"https:\/\/www.europesays.com\/fr\/198893\/"},"modified":"2025-06-23T19:08:24","modified_gmt":"2025-06-23T19:08:24","slug":"grenoble-une-balade-pour-decouvrir-les-oeuvres-de-street-art-qui-se-termine-en-apero","status":"publish","type":"post","link":"https:\/\/www.europesays.com\/fr\/198893\/","title":{"rendered":"Grenoble. Une balade pour d\u00e9couvrir les \u0153uvres de street art qui se termine en ap\u00e9ro"},"content":{"rendered":"<p>Plongez dans l\u2019univers du street art grenoblois en fin de journ\u00e9e et laissez-vous guider \u00e0 travers une s\u00e9lection d\u2019\u0153uvres embl\u00e9matiques du Street Art Fest. Entre histoire, techniques et tendances, d\u00e9couvrez cet art urbain sous un nouveau regard.<\/p>\n<p>La visite se terminera autour d\u2019un ap\u00e9ritif dans l\u2019ambiance conviviale du Jardin-Biergarten.<\/p>\n<p class=\"note\">Mardi 1er \u00a0juillet de 18\u00a0h\u00a030 \u00e0 20 heures au d\u00e9part de l\u2019office de tourisme Grenoble Alpes. Plein tarif 12\u00a0\u20ac, r\u00e9duit 10\u00a0\u20ac.<\/p>\n","protected":false},"excerpt":{"rendered":"Plongez dans l\u2019univers du street art grenoblois en fin de journ\u00e9e et laissez-vous guider \u00e0 travers une s\u00e9lection&hellip;\n","protected":false},"author":2,"featured_media":198894,"comment_status":"","ping_status":"","sticky":false,"template":"","format":"standard","meta":{"footnotes":""},"categories":[9566],"tags":[1111,11,2430,1687,112,1777,674,2271,1011,27,2731,2732,108,12,25],"class_list":{"0":"post-198893","1":"post","2":"type-post","3":"status-publish","4":"format-standard","5":"has-post-thumbnail","7":"category-grenoble","8":"tag-actu","9":"tag-actualites","10":"tag-auvergne-rhone-alpes","11":"tag-culture-loisirs","12":"tag-edition-grenoble-agglomeration","13":"tag-eu","14":"tag-europe","15":"tag-exposition-arts-plastiques","16":"tag-fr","17":"tag-france","18":"tag-grenoble","19":"tag-grenoble-bassin","20":"tag-isere","21":"tag-news","22":"tag-republique-francaise"},"share_on_mastodon":{"url":"https:\/\/pubeurope.com\/@fr\/114734255750312895","error":""},"_links":{"self":[{"href":"https:\/\/www.europesays.com\/fr\/wp-json\/wp\/v2\/posts\/198893","targetHints":{"allow":["GET"]}}],"collection":[{"href":"https:\/\/www.europesays.com\/fr\/wp-json\/wp\/v2\/posts"}],"about":[{"href":"https:\/\/www.europesays.com\/fr\/wp-json\/wp\/v2\/types\/post"}],"author":[{"embeddable":true,"href":"https:\/\/www.europesays.com\/fr\/wp-json\/wp\/v2\/users\/2"}],"replies":[{"embeddable":true,"href":"https:\/\/www.europesays.com\/fr\/wp-json\/wp\/v2\/comments?post=198893"}],"version-history":[{"count":0,"href":"https:\/\/www.europesays.com\/fr\/wp-json\/wp\/v2\/posts\/198893\/revisions"}],"wp:featuredmedia":[{"embeddable":true,"href":"https:\/\/www.europesays.com\/fr\/wp-json\/wp\/v2\/media\/198894"}],"wp:attachment":[{"href":"https:\/\/www.europesays.com\/fr\/wp-json\/wp\/v2\/media?parent=198893"}],"wp:term":[{"taxonomy":"category","embeddable":true,"href":"https:\/\/www.europesays.com\/fr\/wp-json\/wp\/v2\/categories?post=198893"},{"taxonomy":"post_tag","embeddable":true,"href":"https:\/\/www.europesays.com\/fr\/wp-json\/wp\/v2\/tags?post=198893"}],"curies":[{"name":"wp","href":"https:\/\/api.w.org\/{rel}","templated":true}]}}