{"id":198918,"date":"2025-06-23T19:21:12","date_gmt":"2025-06-23T19:21:12","guid":{"rendered":"https:\/\/www.europesays.com\/fr\/198918\/"},"modified":"2025-06-23T19:21:12","modified_gmt":"2025-06-23T19:21:12","slug":"lille-un-pass-famille-et-aidant-pour-le-stationnement-des-proches-et-aidants-voici-comment-ca-marche","status":"publish","type":"post","link":"https:\/\/www.europesays.com\/fr\/198918\/","title":{"rendered":"Lille. Un Pass&rsquo; famille et aidant pour le stationnement des proches et aidants : voici comment \u00e7a marche"},"content":{"rendered":"<p>            Par<br \/>\n        <strong><br \/>\n            <a href=\"https:\/\/actu.fr\/auteur\/hervine-mahaud\" title=\"Consulter tous les articles de Hervine Mahaud\" target=\"_blank\" rel=\"noopener\">Hervine Mahaud<\/a><br \/>\n        <\/strong><\/p>\n<p>        Publi\u00e9 le<\/p>\n<p>            23 juin 2025 \u00e0 16h42        <\/p>\n<p>Le Conseil municipal de <a href=\"https:\/\/actu.fr\/hauts-de-france\/lille_59350\" target=\"_blank\" rel=\"noopener\"><b>Lille<\/b><\/a> a vot\u00e9, vendredi 20 juin 2025, la <b>cr\u00e9ation d\u2019un nouveau tarif de stationnement<\/b> \u00e0 destination des <b>proches<\/b> (<b>familles<\/b>, <b>amis<\/b>) et des <b>personnes aidantes<\/b> : le <b>Pass\u2019 famille et aidant<\/b>. Objectif : favoriser les visites et l\u2019accompagnement des habitants, notamment les plus vuln\u00e9rables, en facilitant leur stationnement.<\/p>\n<p>Un forfait \u00e0 5 euros par jour<\/p>\n<p class=\" wall-content\">Pens\u00e9 comme une mesure <b>\u00ab\u00a0d\u2019\u00e9galit\u00e9 et de coh\u00e9sion sociale\u00a0\u00bb<\/b>, ce forfait vise \u00e0 soutenir \u00ab\u00a0ceux qui prennent soin b\u00e9n\u00e9volement des plus vuln\u00e9rables tout en accompagnant l\u2019apaisement des usages dans l\u2019espace public\u00a0\u00bb, explique la Ville de Lille. Il s\u2019\u00e9l\u00e8ve \u00e0 <b>5 euros la journ\u00e9e<\/b> et <b>25 euros la semaine<\/b>, dans la limite de <b>cinq v\u00e9hicules par an<\/b>.<\/p>\n<p class=\" wall-content\">La demande s\u2019effectue directement en ligne via <a href=\"https:\/\/stationnement.lille.fr\/#\/souscriptions\/auth\" target=\"_blank\" rel=\"noopener\">stationnement.lille.fr<\/a> ou en prenant rendez-vous aupr\u00e8s du service stationnement de la Ville, soit par t\u00e9l\u00e9phone au 03 20 49 57 78, soit via le site <a href=\"https:\/\/mesdemarches.lille.fr\/\" target=\"_blank\" rel=\"noopener\">mesdemarches.lille.fr<\/a>.<\/p>\n<p class=\" wall-content\">Ce nouveau forfait compl\u00e8te une s\u00e9rie de tarifs propos\u00e9s par la Ville aux riverains des zones de stationnement.<\/p>\n<p>Tarifs r\u00e9sidents : plusieurs options selon les profils<\/p>\n<p class=\" wall-content\">Les habitants de Lille peuvent b\u00e9n\u00e9ficier de plusieurs formules adapt\u00e9es \u00e0 leur situation :<\/p>\n<p>Vid\u00e9os : en ce moment sur Actu<\/p>\n<ul class=\" wall-content\">\n<li><b>Tarif r\u00e9sident<\/b> (jusqu\u2019\u00e0 deux v\u00e9hicules par foyer) : 1 \u20ac la demi-journ\u00e9e, 2 \u20ac la journ\u00e9e, 8 \u20ac la semaine, 25 \u20ac le mois, 70 \u20ac le trimestre, 250 \u20ac l\u2019ann\u00e9e. \u00c0 noter : ce tarif n\u2019est pas valable dans les <a href=\"https:\/\/actu.fr\/hauts-de-france\/lille_59350\/lille-dans-ces-rues-le-stationnement-va-devenir-gratuit-pendant-une-heure-au-lieu-de-30-minutes_62066455.html\" target=\"_blank\" rel=\"noopener\">zones Azur<\/a> et Orange, o\u00f9 la rotation des v\u00e9hicules est prioris\u00e9e.<\/li>\n<\/ul>\n<ul class=\" wall-content\">\n<li><b>Tarif r\u00e9sident solidaire<\/b>, pour les foyers modestes : <b>10 \u20ac<\/b> par an pour les foyers dont le revenu fiscal de r\u00e9f\u00e9rence est inf\u00e9rieur \u00e0 21 120 \u20ac ; <b>15 \u20ac<\/b> pour ceux dont le revenu fiscal de r\u00e9f\u00e9rence est compris entre 21 120 \u20ac et 27 468 \u20ac. Accessible dans la limite d\u2019un v\u00e9hicule par foyer, ce tarif peut \u00eatre cumul\u00e9 avec le tarif \u00a0\u00bb\u00a0r\u00e9sident\u00a0\u00a0\u00bb pour le second v\u00e9hicule.<\/li>\n<\/ul>\n<p>Stationnement professionnel : un tarif adapt\u00e9<\/p>\n<p class=\" wall-content\">Les professionnels intervenant \u00e0 Lille (artisans, entreprises ou professions de sant\u00e9) peuvent b\u00e9n\u00e9ficier d\u2019un <b>tarif professionnel<\/b> : 4 \u20ac la journ\u00e9e, 10 \u20ac la semaine, 40 \u20ac le mois, 300 \u20ac l\u2019ann\u00e9e. Ce tarif est r\u00e9serv\u00e9 aux professionnels exer\u00e7ant dans Lille et les communes alentours comme Lomme, Hellemmes, Marcq-en-Bar\u0153ul ou encore La Madeleine.<\/p>\n<p>Des exon\u00e9rations pr\u00e9vues<\/p>\n<p class=\" wall-content\">Enfin, certaines cat\u00e9gories de v\u00e9hicules sont <b>dispens\u00e9es de redevance<\/b> :<\/p>\n<ul class=\" wall-content\">\n<li>Les personnes en situation de <b>mobilit\u00e9 r\u00e9duite<\/b> disposant d\u2019une carte europ\u00e9enne de stationnement ou d\u2019une carte mobilit\u00e9 inclusion en cours de validit\u00e9 (une d\u00e9claration de stationnement pr\u00e9alable aupr\u00e8s des services de la ville est dans ce cas n\u00e9cessaire).<\/li>\n<li>V\u00e9hicules de <b>secours<\/b>, de <b>travaux<\/b>,\u00a0<b>municipaux <\/b>ou des <b>forces de l\u2019ordre<\/b>.<\/li>\n<\/ul>\n<p class=\" wall-content\">Suivez toute l\u2019actualit\u00e9 de vos villes et m\u00e9dias favoris en vous inscrivant \u00e0 <a href=\"https:\/\/moncompte.actu.fr\" title=\"D\u00e9couvez Mon Actu\" rel=\"nofollow noopener\" data-trk=\"{&quot;cta&quot;:{&quot;action&quot;:&quot;https:\\\/\\\/moncompte.actu.fr&quot;,&quot;category&quot;:&quot;mon compte&quot;,&quot;from&quot;:&quot;article footer&quot;,&quot;name&quot;:&quot;Mon actu&quot;,&quot;type&quot;:&quot;cta&quot;}}\" target=\"_blank\">Mon Actu<\/a>.<\/p>\n","protected":false},"excerpt":{"rendered":"Par Hervine Mahaud Publi\u00e9 le 23 juin 2025 \u00e0 16h42 Le Conseil municipal de Lille a vot\u00e9, vendredi&hellip;\n","protected":false},"author":2,"featured_media":198919,"comment_status":"","ping_status":"","sticky":false,"template":"","format":"standard","meta":{"footnotes":""},"categories":[2815],"tags":[1111,11,1777,674,1011,27,811,1307,12,25,104,6173],"class_list":{"0":"post-198918","1":"post","2":"type-post","3":"status-publish","4":"format-standard","5":"has-post-thumbnail","7":"category-lille","8":"tag-actu","9":"tag-actualites","10":"tag-eu","11":"tag-europe","12":"tag-fr","13":"tag-france","14":"tag-hauts-de-france","15":"tag-lille","16":"tag-news","17":"tag-republique-francaise","18":"tag-societe","19":"tag-stationnement"},"share_on_mastodon":{"url":"https:\/\/pubeurope.com\/@fr\/114734306858714829","error":""},"_links":{"self":[{"href":"https:\/\/www.europesays.com\/fr\/wp-json\/wp\/v2\/posts\/198918","targetHints":{"allow":["GET"]}}],"collection":[{"href":"https:\/\/www.europesays.com\/fr\/wp-json\/wp\/v2\/posts"}],"about":[{"href":"https:\/\/www.europesays.com\/fr\/wp-json\/wp\/v2\/types\/post"}],"author":[{"embeddable":true,"href":"https:\/\/www.europesays.com\/fr\/wp-json\/wp\/v2\/users\/2"}],"replies":[{"embeddable":true,"href":"https:\/\/www.europesays.com\/fr\/wp-json\/wp\/v2\/comments?post=198918"}],"version-history":[{"count":0,"href":"https:\/\/www.europesays.com\/fr\/wp-json\/wp\/v2\/posts\/198918\/revisions"}],"wp:featuredmedia":[{"embeddable":true,"href":"https:\/\/www.europesays.com\/fr\/wp-json\/wp\/v2\/media\/198919"}],"wp:attachment":[{"href":"https:\/\/www.europesays.com\/fr\/wp-json\/wp\/v2\/media?parent=198918"}],"wp:term":[{"taxonomy":"category","embeddable":true,"href":"https:\/\/www.europesays.com\/fr\/wp-json\/wp\/v2\/categories?post=198918"},{"taxonomy":"post_tag","embeddable":true,"href":"https:\/\/www.europesays.com\/fr\/wp-json\/wp\/v2\/tags?post=198918"}],"curies":[{"name":"wp","href":"https:\/\/api.w.org\/{rel}","templated":true}]}}