{"id":198924,"date":"2025-06-23T19:24:10","date_gmt":"2025-06-23T19:24:10","guid":{"rendered":"https:\/\/www.europesays.com\/fr\/198924\/"},"modified":"2025-06-23T19:24:10","modified_gmt":"2025-06-23T19:24:10","slug":"la-parole-aux-habitants-du-merlan-quelles-sont-vos-idees-pour-ameliorer-la-vie-de-votre-quartier","status":"publish","type":"post","link":"https:\/\/www.europesays.com\/fr\/198924\/","title":{"rendered":"la parole aux habitants du Merlan, quelles sont vos id\u00e9es pour am\u00e9liorer la vie de votre quartier ?"},"content":{"rendered":"<p>Dans les quartiers Nord de Marseille, le Merlan est un vaste territoire, desservi par cinq lignes de bus, o\u00f9 la vie se concentre surtout le long de l&rsquo;avenue \u00e9ponyme, autour de l&rsquo;\u00e9glise.<\/p>\n<p>Un noyau villageois calme, port\u00e9 par des associations et un CIQ dynamiques mais qui n&rsquo;ont pas pu enrayer le d\u00e9clin de la vie commer\u00e7ante. Les snacks s&rsquo;y sont multipli\u00e9s, pris\u00e9s des \u00e9tudiants qui vivent au Merlan aux c\u00f4t\u00e9s d&rsquo;une historique population de classe moyenne.<\/p>\n<p><a href=\"https:\/\/www.laprovence.com\/article\/region\/29929681199581\/au-merlan-a-marseille-le-chantier-du-commissariat-demarre\" target=\"_blank\" rel=\"noopener\">Le nouveau commissariat des 13e et 14e arrondissements<\/a> devrait y \u00eatre op\u00e9rationnel dans les toutes prochaines semaines.<\/p>\n<p>Vous vivez ou travaillez au Merlan, d\u00e9crivez-nous les probl\u00e9matiques que vous rencontrez (immobilier, \u00e9quipements publics, circulation, transports&#8230;) et dites-nous comment vous aimeriez voir \u00e9voluer votre quartier. Contactez-nous \u00e0 l&rsquo;adresse mail suivante : <a href=\"https:\/\/www.laprovence.com\/cdn-cgi\/l\/email-protection\" class=\"__cf_email__\" data-cfemail=\"0c7e69686d6f78656362616d7e7f69656060694c606d7c7e637a69626f69226f6361\" target=\"_blank\" rel=\"noopener\">[email\u00a0protected]<\/a><\/p>\n","protected":false},"excerpt":{"rendered":"Dans les quartiers Nord de Marseille, le Merlan est un vaste territoire, desservi par cinq lignes de bus,&hellip;\n","protected":false},"author":2,"featured_media":198925,"comment_status":"","ping_status":"","sticky":false,"template":"","format":"standard","meta":{"footnotes":""},"categories":[2814],"tags":[17,1111,11,1007,1777,674,1011,27,4021,884,33860,12,866,882,4022,16,25,3333],"class_list":{"0":"post-198924","1":"post","2":"type-post","3":"status-publish","4":"format-standard","5":"has-post-thumbnail","7":"category-marseille","8":"tag-17","9":"tag-actu","10":"tag-actualites","11":"tag-aux","12":"tag-eu","13":"tag-europe","14":"tag-fr","15":"tag-france","16":"tag-habitants","17":"tag-marseille","18":"tag-merlan","19":"tag-news","20":"tag-parole","21":"tag-provence-alpes-cote-dazur","22":"tag-quelles","23":"tag-region","24":"tag-republique-francaise","25":"tag-sont"},"share_on_mastodon":{"url":"https:\/\/pubeurope.com\/@fr\/114734318628051121","error":""},"_links":{"self":[{"href":"https:\/\/www.europesays.com\/fr\/wp-json\/wp\/v2\/posts\/198924","targetHints":{"allow":["GET"]}}],"collection":[{"href":"https:\/\/www.europesays.com\/fr\/wp-json\/wp\/v2\/posts"}],"about":[{"href":"https:\/\/www.europesays.com\/fr\/wp-json\/wp\/v2\/types\/post"}],"author":[{"embeddable":true,"href":"https:\/\/www.europesays.com\/fr\/wp-json\/wp\/v2\/users\/2"}],"replies":[{"embeddable":true,"href":"https:\/\/www.europesays.com\/fr\/wp-json\/wp\/v2\/comments?post=198924"}],"version-history":[{"count":0,"href":"https:\/\/www.europesays.com\/fr\/wp-json\/wp\/v2\/posts\/198924\/revisions"}],"wp:featuredmedia":[{"embeddable":true,"href":"https:\/\/www.europesays.com\/fr\/wp-json\/wp\/v2\/media\/198925"}],"wp:attachment":[{"href":"https:\/\/www.europesays.com\/fr\/wp-json\/wp\/v2\/media?parent=198924"}],"wp:term":[{"taxonomy":"category","embeddable":true,"href":"https:\/\/www.europesays.com\/fr\/wp-json\/wp\/v2\/categories?post=198924"},{"taxonomy":"post_tag","embeddable":true,"href":"https:\/\/www.europesays.com\/fr\/wp-json\/wp\/v2\/tags?post=198924"}],"curies":[{"name":"wp","href":"https:\/\/api.w.org\/{rel}","templated":true}]}}