{"id":198926,"date":"2025-06-23T19:25:09","date_gmt":"2025-06-23T19:25:09","guid":{"rendered":"https:\/\/www.europesays.com\/fr\/198926\/"},"modified":"2025-06-23T19:25:09","modified_gmt":"2025-06-23T19:25:09","slug":"greves-des-conducteurs-de-bus","status":"publish","type":"post","link":"https:\/\/www.europesays.com\/fr\/198926\/","title":{"rendered":"Gr\u00e8ves des conducteurs de bus"},"content":{"rendered":"<p><strong>Une importante gr\u00e8ve des conducteurs TCL, exploit\u00e9s par le r\u00e9seau Keolis, a eu lieu ce lundi 23 juin 2025 \u00e0 Lyon.<\/strong><\/p>\n<p>La mobilisation s\u2019est tenue suite \u00e0 une r\u00e9union peu fructueuse de la re-n\u00e9gociation Annuelle Obligatoire ( NAO). L\u2019organisation de la mobilisation s\u2019est faite autour d\u2019une intersyndicale regroupant la CFDT, la CGT et l\u2019UNSA et a impact\u00e9 une grande partie du r\u00e9seau de bus TCL.\u00a0<\/p>\n<p>Ce Lundi 23 juin, plus de 75% du trafic de bus \u00e0 \u00e9t\u00e9 perturb\u00e9 : 72 lignes de bus n\u2019ont pas circul\u00e9, et\u00a0 32 lignes n\u2019ont circul\u00e9es que partiellement ou avec une fr\u00e9quence all\u00e9g\u00e9e. Le trafic du m\u00e9tro, du tramway, de funiculaire, de lignes scolaires Junior Direct et <a href=\"https:\/\/www.tcl.fr\/Navigone_nouvelle_navette_fluviale\" rel=\"nofollow noopener\" target=\"_blank\">le Navig\u00f4ne (la nouvelle ligne de transport en bateau sur le Rh\u00f4ne lanc\u00e9e le 18 juin)<\/a> n\u2019a pas \u00e9t\u00e9 impact\u00e9.\u00a0<\/p>\n<p>Cette gr\u00e8ve massive a permis aux conducteurs de bus de faire de nombreuses revendications mais surtout de r\u00e9agir \u00e0 la proposition d\u00eetes \u201cindigne qui ne correspond pas aux attentes fortes des salari\u00e9s\u201d <a href=\"https:\/\/www.transportinfo.fr\/nao-du-trm-0-sur-les-salaires-et-15-sur-les-frais-de-deplacements-soumis-a-signature\/\" rel=\"nofollow noopener\" target=\"_blank\">de la NAO.<\/a> La n\u00e9gociation avait pr\u00e9vu une hausse des salaires de 1% au 1er juillet 2025 et en parall\u00e8le une r\u00e9duction des primes d\u00e9j\u00e0 existantes, alors m\u00eame que les conducteurs r\u00e9clamaient 7% de hausse. Cette mesure ne permettra donc pas aux conducteurs d\u2019am\u00e9liorer leur pouvoir d\u2019achat, surtout en cette p\u00e9riode d\u2019inflation. Les syndicats reprochent \u00e0 Keolis de vouloir faire des \u00e9conomies au d\u00e9triment de la sant\u00e9 des conducteurs.\u00a0<\/p>\n<p>La date choisie a impact\u00e9 le lancement de la ligne C25 entre Flachet Villeurbanne et la Cit\u00e9 Internationale. C\u2019\u00e9tait \u00e9galement le jour de l\u2019entr\u00e9e en vigueur de<a href=\"https:\/\/indico.in2p3.fr\/event\/34382\/\" rel=\"nofollow noopener\" target=\"_blank\"> la zone \u00e0 trafic limit\u00e9e en Presqu\u2019\u00eele<\/a>, qui a pour but de r\u00e9duire la pollution en limitant la circulation des v\u00e9hicules mais compliquera la circulation des lignes de bus. De plus, les nouveaux projets autour des transports en commun,  ne sont pas convaincants pour les conducteurs.\u00a0<\/p>\n<p>Les revendications des conducteurs  se font autour d\u2019un manque d\u2019\u00e9coute ressenti sur le terrain et \u00e9galement autour d\u2019une volont\u00e9 de hausse des salaires et face aux difficult\u00e9s \u00e0 venir de la circulation des bus.\u00a0<\/p>\n<p><strong>Article sign\u00e9 par Ines Belghit et Luna Letartre-Puig<\/strong><\/p>\n","protected":false},"excerpt":{"rendered":"Une importante gr\u00e8ve des conducteurs TCL, exploit\u00e9s par le r\u00e9seau Keolis, a eu lieu ce lundi 23 juin&hellip;\n","protected":false},"author":2,"featured_media":198927,"comment_status":"","ping_status":"","sticky":false,"template":"","format":"standard","meta":{"footnotes":""},"categories":[1889],"tags":[1111,11,2430,33861,1777,674,1011,27,2428,12,25,33344],"class_list":{"0":"post-198926","1":"post","2":"type-post","3":"status-publish","4":"format-standard","5":"has-post-thumbnail","7":"category-lyon","8":"tag-actu","9":"tag-actualites","10":"tag-auvergne-rhone-alpes","11":"tag-dessin-de-presse","12":"tag-eu","13":"tag-europe","14":"tag-fr","15":"tag-france","16":"tag-lyon","17":"tag-news","18":"tag-republique-francaise","19":"tag-transport-en-commun"},"share_on_mastodon":{"url":"https:\/\/pubeurope.com\/@fr\/114734322564353689","error":""},"_links":{"self":[{"href":"https:\/\/www.europesays.com\/fr\/wp-json\/wp\/v2\/posts\/198926","targetHints":{"allow":["GET"]}}],"collection":[{"href":"https:\/\/www.europesays.com\/fr\/wp-json\/wp\/v2\/posts"}],"about":[{"href":"https:\/\/www.europesays.com\/fr\/wp-json\/wp\/v2\/types\/post"}],"author":[{"embeddable":true,"href":"https:\/\/www.europesays.com\/fr\/wp-json\/wp\/v2\/users\/2"}],"replies":[{"embeddable":true,"href":"https:\/\/www.europesays.com\/fr\/wp-json\/wp\/v2\/comments?post=198926"}],"version-history":[{"count":0,"href":"https:\/\/www.europesays.com\/fr\/wp-json\/wp\/v2\/posts\/198926\/revisions"}],"wp:featuredmedia":[{"embeddable":true,"href":"https:\/\/www.europesays.com\/fr\/wp-json\/wp\/v2\/media\/198927"}],"wp:attachment":[{"href":"https:\/\/www.europesays.com\/fr\/wp-json\/wp\/v2\/media?parent=198926"}],"wp:term":[{"taxonomy":"category","embeddable":true,"href":"https:\/\/www.europesays.com\/fr\/wp-json\/wp\/v2\/categories?post=198926"},{"taxonomy":"post_tag","embeddable":true,"href":"https:\/\/www.europesays.com\/fr\/wp-json\/wp\/v2\/tags?post=198926"}],"curies":[{"name":"wp","href":"https:\/\/api.w.org\/{rel}","templated":true}]}}