{"id":198934,"date":"2025-06-23T19:30:15","date_gmt":"2025-06-23T19:30:15","guid":{"rendered":"https:\/\/www.europesays.com\/fr\/198934\/"},"modified":"2025-06-23T19:30:15","modified_gmt":"2025-06-23T19:30:15","slug":"les-maires-des-communes-impliquees-recoivent-leurs-torches-olympiques","status":"publish","type":"post","link":"https:\/\/www.europesays.com\/fr\/198934\/","title":{"rendered":"les maires des communes impliqu\u00e9es re\u00e7oivent leurs torches olympiques"},"content":{"rendered":"<p>L\u2019h\u00e9ritage de Paris 2024 passe par l\u00e0: remercier celles et ceux qui ont permis aux Jeux de vivre. \u00c0 l\u2019occasion de la journ\u00e9e olympique ce lundi 23 juin, les 91 maires impliqu\u00e9s dans l\u2019accueil des Jeux ont re\u00e7u de la part de la m\u00e9tropole du Grand Paris, <a href=\"https:\/\/fr.news.yahoo.com\/sport\/jo-2024-torche-relais-flamme-090541458.html\" data-ylk=\"slk:la torche des JO 2024;elm:context_link;itc:0;sec:content-canvas;outcm:mb_qualified_link;_E:mb_qualified_link;ct:story;\" class=\"link  yahoo-link\" target=\"_blank\" rel=\"noopener\">la torche des JO 2024<\/a>. Un geste symbolique, pour que la flamme continue de vivre dans toutes les communes de la r\u00e9gion parisienne. Un cadeau qui sera expos\u00e9 \u00ab\u00a0comme un troph\u00e9e\u00a0\u00bb, expliquent les diff\u00e9rents \u00e9lus.<\/p>\n<p>Au-del\u00e0 des communes qui ont accueilli les \u00e9preuves sportives, la m\u00e9tropole du Grand Paris a aussi r\u00e9compens\u00e9 celles et ceux qui ont \u0153uvr\u00e9 \u00e0 faire vivre les Jeux autrement. Notamment via les espaces de festivit\u00e9s et de c\u00e9l\u00e9brations organis\u00e9s via le programme \u201cvivez les Jeux de Paris 2024 dans votre commune\u201d.<\/p>\n<p>\u00ab\u00a0Un symbole fort\u00a0\u00bb<\/p>\n<p>Une r\u00e9ussite qui doit-\u00eatre mise en avant d&rsquo;apr\u00e8s Patrick Ollier, pr\u00e9sident de la m\u00e9tropole du Grand Paris. \u00ab\u00a0Quel symbole fort que de c\u00e9l\u00e9brer le premier anniversaire des Jeux de Paris 2024 aux c\u00f4t\u00e9s des maires m\u00e9tropolitains! Je suis fier que ces torches rejoignent d\u00e9sormais chaque commune, o\u00f9 elles seront expos\u00e9es pour que chaque m\u00e9tropolitain puisse se r\u00e9approprier cette m\u00e9moire collective et faire vivre, bien au-del\u00e0 de la comp\u00e9tition, l\u2019h\u00e9ritage des Jeux.\u00a0\u00bb<\/p>\n<p><a href=\"https:\/\/fra01.safelinks.protection.outlook.com\/?url=https%3A%2F%2Frmcsport.bfmtv.com%2Fjeux-olympiques%2Fjo-de-paris-2024-amelie-oudea-castera-denonce-un-rapport-trop-complet-de-la-cour-des-comptes_AV-202506230625.html&amp;data=05%7C02%7Ccchaillou%40rmcsport.fr%7Ca661e6a8a7634da713ef08ddb27a627f%7Cacaf4ba5d1a540428bd0a2963ae8c12e%7C0%7C0%7C638862960916330734%7CUnknown%7CTWFpbGZsb3d8eyJFbXB0eU1hcGkiOnRydWUsIlYiOiIwLjAuMDAwMCIsIlAiOiJXaW4zMiIsIkFOIjoiTWFpbCIsIldUIjoyfQ%3D%3D%7C0%7C%7C%7C&amp;sdata=Ty7kQWznYcXRqTDwMJdWO%2B1tE43EVemwlj%2F%2BtF%2BPAlk%3D&amp;reserved=0\" rel=\"nofollow noopener\" target=\"_blank\" data-ylk=\"slk:En la pr\u00e9sence d\u2019Am\u00e9lie Oud\u00e9a-Cast\u00e9ra;elm:context_link;itc:0;sec:content-canvas\" class=\"link \">En la pr\u00e9sence d\u2019Am\u00e9lie Oud\u00e9a-Cast\u00e9ra<\/a>, sa nouvelle pr\u00e9sidente, le CNOSF s\u2019est joint \u00e0 la m\u00e9tropole du Grand Paris pour remercier les maires des communes. Une fa\u00e7on de mettre la lumi\u00e8re sur les petites mains qui ont rassembl\u00e9 leurs habitants autour de l\u2019esprit sportif.<\/p>\n<p><a href=\"https:\/\/rmcsport.bfmtv.com\/jeux-olympiques\/jo-de-paris-2024-les-maires-des-communes-impliquees-recoivent-leurs-torches-olympiques_AV-202506230696.html#xtor=AL-68\" rel=\"nofollow noopener\" target=\"_blank\" data-ylk=\"slk:Article original publi\u00e9 sur RMC Sport;elm:context_link;itc:0;sec:content-canvas\" class=\"link \">Article original publi\u00e9 sur RMC Sport<\/a><\/p>\n","protected":false},"excerpt":{"rendered":"L\u2019h\u00e9ritage de Paris 2024 passe par l\u00e0: remercier celles et ceux qui ont permis aux Jeux de vivre.&hellip;\n","protected":false},"author":2,"featured_media":198935,"comment_status":"","ping_status":"","sticky":false,"template":"","format":"standard","meta":{"footnotes":""},"categories":[1888],"tags":[1111,1928,11,1927,1674,1777,674,1011,27,6793,27541,12,1926,626,1925,25],"class_list":{"0":"post-198934","1":"post","2":"type-post","3":"status-publish","4":"format-standard","5":"has-post-thumbnail","7":"category-paris","8":"tag-actu","9":"tag-actu-paris","10":"tag-actualites","11":"tag-actualites-paris","12":"tag-communes","13":"tag-eu","14":"tag-europe","15":"tag-fr","16":"tag-france","17":"tag-maires","18":"tag-metropole-du-grand-paris","19":"tag-news","20":"tag-news-paris","21":"tag-paris","22":"tag-paris-news","23":"tag-republique-francaise"},"share_on_mastodon":{"url":"https:\/\/pubeurope.com\/@fr\/114734342119503004","error":""},"_links":{"self":[{"href":"https:\/\/www.europesays.com\/fr\/wp-json\/wp\/v2\/posts\/198934","targetHints":{"allow":["GET"]}}],"collection":[{"href":"https:\/\/www.europesays.com\/fr\/wp-json\/wp\/v2\/posts"}],"about":[{"href":"https:\/\/www.europesays.com\/fr\/wp-json\/wp\/v2\/types\/post"}],"author":[{"embeddable":true,"href":"https:\/\/www.europesays.com\/fr\/wp-json\/wp\/v2\/users\/2"}],"replies":[{"embeddable":true,"href":"https:\/\/www.europesays.com\/fr\/wp-json\/wp\/v2\/comments?post=198934"}],"version-history":[{"count":0,"href":"https:\/\/www.europesays.com\/fr\/wp-json\/wp\/v2\/posts\/198934\/revisions"}],"wp:featuredmedia":[{"embeddable":true,"href":"https:\/\/www.europesays.com\/fr\/wp-json\/wp\/v2\/media\/198935"}],"wp:attachment":[{"href":"https:\/\/www.europesays.com\/fr\/wp-json\/wp\/v2\/media?parent=198934"}],"wp:term":[{"taxonomy":"category","embeddable":true,"href":"https:\/\/www.europesays.com\/fr\/wp-json\/wp\/v2\/categories?post=198934"},{"taxonomy":"post_tag","embeddable":true,"href":"https:\/\/www.europesays.com\/fr\/wp-json\/wp\/v2\/tags?post=198934"}],"curies":[{"name":"wp","href":"https:\/\/api.w.org\/{rel}","templated":true}]}}