{"id":198936,"date":"2025-06-23T19:31:14","date_gmt":"2025-06-23T19:31:14","guid":{"rendered":"https:\/\/www.europesays.com\/fr\/198936\/"},"modified":"2025-06-23T19:31:14","modified_gmt":"2025-06-23T19:31:14","slug":"viol-dune-fille-juive-de-12-ans-a-courbevoie-lun-des-trois-mineurs-condamnes-fait-appel","status":"publish","type":"post","link":"https:\/\/www.europesays.com\/fr\/198936\/","title":{"rendered":"Viol d\u2019une fille juive de 12\u00a0ans \u00e0 Courbevoie\u00a0: l\u2019un des trois mineurs condamn\u00e9s fait appel"},"content":{"rendered":"<p class=\"paragraph text_align_left lp-f-body-02\">Il avait 13\u00a0ans au moment des faits. L\u2019un des trois mineurs condamn\u00e9s pour <a href=\"https:\/\/www.leparisien.fr\/faits-divers\/sale-juive-de-merde-leffroyable-mecanique-dun-viol-antisemite-entre-ados-de-courbevoie-05-06-2025-6EGKUGIXZBCAJND6GAABNIDIXQ.php\" target=\"_self\" rel=\"noopener\">le viol \u00e0 caract\u00e8re antis\u00e9mite d\u2019une fille juive de 12\u00a0ans \u00e0 Courbevoie<\/a> (Hauts-de-Seine) en juin\u00a02024 a interjet\u00e9 appel de cette d\u00e9cision, a indiqu\u00e9 \u00e0 l\u2019AFP son avocate lundi soir.<\/p>\n<p class=\"paragraph text_align_left lp-f-body-02\">Deux mineurs, jug\u00e9s du 11 au 13\u00a0juin par le tribunal pour enfants de Nanterre pour viol en r\u00e9union sur mineur de moins de 15\u00a0ans \u00e0 raison de la religion,<a href=\"https:\/\/www.leparisien.fr\/faits-divers\/viol-dune-fille-juive-de-12-ans-a-courbevoie-deux-mineurs-condamnes-a-neuf-et-sept-ans-de-prison-ferme-13-06-2025-7MWCLJ56TBCGDLYWGVRX2V7RGM.php\" target=\"_self\" rel=\"noopener\"> ont \u00e9t\u00e9 condamn\u00e9s \u00e0 neuf ans et sept ans de prison ferme<\/a>. Ils avaient tous les deux 13\u00a0ans au moment des faits. C\u2019est l\u2019adolescent condamn\u00e9 \u00e0 neuf ans de prison qui a fait appel.<\/p>\n<p class=\"paragraph text_align_left lp-f-body-02\">Le troisi\u00e8me mis en cause, qui avait 12\u00a0ans et 10 mois \u00e0 l\u2019\u00e9poque et contre qui <a href=\"https:\/\/www.leparisien.fr\/faits-divers\/sale-juive-de-merde-leffroyable-mecanique-dun-viol-antisemite-entre-ados-de-courbevoie-05-06-2025-6EGKUGIXZBCAJND6GAABNIDIXQ.php\" target=\"_self\" rel=\"noopener\">une peine d\u2019emprisonnement ne pouvait pas \u00eatre prononc\u00e9e<\/a> en raison de son \u00e2ge, a \u00e9cop\u00e9 d\u2019une mesure \u00e9ducative avec obligation de soins et placement en foyer.<\/p>\n<p>\u00ab\u00a0Il ne s\u2019agit pas de remettre en cause la gravit\u00e9 des faits\u00a0\u00bb<\/p>\n<p class=\"paragraph text_align_left lp-f-body-02\">\u00ab\u00a0Il ne s\u2019agit pas de remettre en cause la gravit\u00e9 des faits mais nous estimons que le droit n\u2019a pas \u00e9t\u00e9 appliqu\u00e9 en premi\u00e8re instance\u00a0\u00bb, a estim\u00e9 Melody Blanc, l\u2019avocate du mineur faisant appel. \u00ab\u00a0Nous contestons toujours <a href=\"https:\/\/www.leparisien.fr\/faits-divers\/viol-antisemite-de-courbevoie-sur-une-fille-de-12-ans-les-reseaux-sociaux-ont-inculque-a-ces-enfants-la-haine-des-juifs-10-06-2025-5TASDTDBINCV7I2GEHV2ENN4EM.php\" target=\"_self\" rel=\"noopener\">le caract\u00e8re antis\u00e9mite des infractions<\/a> reproch\u00e9es\u00a0\u00bb, a-t-elle poursuivi, consid\u00e9rant que \u00ab\u00a0la peine prononc\u00e9e ne tient compte ni de sa minorit\u00e9 (pas de mesure \u00e9ducative), ni des \u00e9l\u00e9ments de personnalit\u00e9\u00a0\u00bb.<\/p>\n<p class=\"paragraph text_align_left lp-f-body-02\">Lors du d\u00e9lib\u00e9r\u00e9, le pr\u00e9sident du tribunal avait soulign\u00e9 que \u00ab\u00a0la personnalit\u00e9 toujours inqui\u00e9tante\u00a0\u00bb, le \u00ab\u00a0trouble social immense \u00e0 la soci\u00e9t\u00e9 et (\u00e0 la victime)\u00a0\u00bb ainsi que le caract\u00e8re antis\u00e9mite du viol justifiaient la lourde peine de prison contre les deux mineurs les plus \u00e2g\u00e9s.<\/p>\n<p class=\"paragraph text_align_left lp-f-body-02\">La jeune victime avait expliqu\u00e9 aux policiers avoir \u00e9t\u00e9 trait\u00e9e de \u00ab\u00a0sale juive\u00a0\u00bb, insult\u00e9e et frapp\u00e9e par ses agresseurs avant d\u2019\u00eatre viol\u00e9e \u00e0 plusieurs reprises dans un local d\u00e9saffect\u00e9 de Courbevoie, \u00e0 l\u2019ouest de Paris.<\/p>\n<p>\u00ab\u00a0Une haine profonde\u00a0\u00bb \u00e0 l\u2019\u00e9gard de la confession juive<\/p>\n<p class=\"paragraph text_align_left lp-f-body-02\">Concernant le plus jeune pr\u00e9venu, jug\u00e9 pour complicit\u00e9 de viol et ex-petit ami de la pr\u00e9adolescente, le tribunal a estim\u00e9 qu\u2019il \u00ab\u00a0nourrissait \u00e0 l\u2019\u00e9gard de la confession juive une haine profonde, notamment au travers du <a href=\"https:\/\/www.leparisien.fr\/international\/israel\/\" target=\"_self\" rel=\"noopener\">conflit isra\u00e9lo-palestinien<\/a>\u00a0\u00bb.<\/p>\n<p class=\"paragraph text_align_left lp-f-body-02\">Contact\u00e9s par l\u2019AFP, les avocats de la victime n\u2019\u00e9taient pas joignables dans l\u2019imm\u00e9diat.<\/p>\n<p class=\"paragraph text_align_left lp-f-body-02\">Ce crime avait vivement choqu\u00e9 la communaut\u00e9 juive et entra\u00een\u00e9 une condamnation unanime de la classe politique. <a href=\"https:\/\/www.leparisien.fr\/faits-divers\/viol-a-caractere-antisemite-a-courbevoie-ne-cedons-rien-reagit-emmanuel-macron-23-06-2024-6NDDP7D56NEPZCERYSX7DIZ4NE.php\" target=\"_self\" rel=\"noopener\">Le pr\u00e9sident de la R\u00e9publique Emmanuel Macron avait d\u00e9nonc\u00e9<\/a> le \u00ab\u00a0fl\u00e9au de l\u2019antis\u00e9mitisme\u00a0\u00bb. Peu apr\u00e8s les faits, des photos avec l\u2019identit\u00e9 suppos\u00e9e des mineurs mis en cause avaient circul\u00e9 sur les r\u00e9seaux sociaux.<\/p>\n<p class=\"paragraph text_align_left lp-f-body-02\">Le parquet de Nanterre avait ouvert une enqu\u00eate pour harc\u00e8lement, menaces de mort et diffusion d\u2019images permettant d\u2019identifier les mineurs.<\/p>\n","protected":false},"excerpt":{"rendered":"Il avait 13\u00a0ans au moment des faits. L\u2019un des trois mineurs condamn\u00e9s pour le viol \u00e0 caract\u00e8re antis\u00e9mite&hellip;\n","protected":false},"author":2,"featured_media":198937,"comment_status":"","ping_status":"","sticky":false,"template":"","format":"standard","meta":{"footnotes":""},"categories":[1888],"tags":[11,29126,1777,674,118,1011,27,3314,1944,12,626,25],"class_list":{"0":"post-198936","1":"post","2":"type-post","3":"status-publish","4":"format-standard","5":"has-post-thumbnail","7":"category-paris","8":"tag-actualites","9":"tag-courbevoie-92400","10":"tag-eu","11":"tag-europe","12":"tag-faits-divers","13":"tag-fr","14":"tag-france","15":"tag-hauts-de-seine","16":"tag-ma-ville","17":"tag-news","18":"tag-paris","19":"tag-republique-francaise"},"share_on_mastodon":{"url":"https:\/\/pubeurope.com\/@fr\/114734346019243641","error":""},"_links":{"self":[{"href":"https:\/\/www.europesays.com\/fr\/wp-json\/wp\/v2\/posts\/198936","targetHints":{"allow":["GET"]}}],"collection":[{"href":"https:\/\/www.europesays.com\/fr\/wp-json\/wp\/v2\/posts"}],"about":[{"href":"https:\/\/www.europesays.com\/fr\/wp-json\/wp\/v2\/types\/post"}],"author":[{"embeddable":true,"href":"https:\/\/www.europesays.com\/fr\/wp-json\/wp\/v2\/users\/2"}],"replies":[{"embeddable":true,"href":"https:\/\/www.europesays.com\/fr\/wp-json\/wp\/v2\/comments?post=198936"}],"version-history":[{"count":0,"href":"https:\/\/www.europesays.com\/fr\/wp-json\/wp\/v2\/posts\/198936\/revisions"}],"wp:featuredmedia":[{"embeddable":true,"href":"https:\/\/www.europesays.com\/fr\/wp-json\/wp\/v2\/media\/198937"}],"wp:attachment":[{"href":"https:\/\/www.europesays.com\/fr\/wp-json\/wp\/v2\/media?parent=198936"}],"wp:term":[{"taxonomy":"category","embeddable":true,"href":"https:\/\/www.europesays.com\/fr\/wp-json\/wp\/v2\/categories?post=198936"},{"taxonomy":"post_tag","embeddable":true,"href":"https:\/\/www.europesays.com\/fr\/wp-json\/wp\/v2\/tags?post=198936"}],"curies":[{"name":"wp","href":"https:\/\/api.w.org\/{rel}","templated":true}]}}