{"id":198940,"date":"2025-06-23T19:33:09","date_gmt":"2025-06-23T19:33:09","guid":{"rendered":"https:\/\/www.europesays.com\/fr\/198940\/"},"modified":"2025-06-23T19:33:09","modified_gmt":"2025-06-23T19:33:09","slug":"liran-a-lance-une-attaque-contre-la-base-americaine-dal-udeid-au-qatar","status":"publish","type":"post","link":"https:\/\/www.europesays.com\/fr\/198940\/","title":{"rendered":"L&rsquo;Iran a lanc\u00e9 une attaque contre la base am\u00e9ricaine d&rsquo;al-Udeid au Qatar"},"content":{"rendered":"<p><img decoding=\"async\" class=\"c-ad__placeholder__logo\" src=\"https:\/\/static.euronews.com\/website\/images\/logos\/logo-euronews-grey-6-180x22.svg\" width=\"180\" height=\"22\" alt=\"\" loading=\"lazy\"\/>PUBLICIT\u00c9<\/p>\n<p>Apr\u00e8s les frappes am\u00e9ricaines du week-end sur des sites nucl\u00e9aires iranien, T\u00e9h\u00e9ran a vis\u00e9 lundi en repr\u00e9sailles la base d&rsquo;al-Udeid au Qatar. <\/p>\n<p>Baptis\u00e9e \u00ab\u00a0Operation Basharat al-Fath\u00a0\u00bb ,\u00a0\u00bbAnnonciation de la victoire\u00a0\u00bb, elle a vis\u00e9  la plus grande base militaire am\u00e9ricaine de la r\u00e9gion. Selon les media Qatari, 3 missiles auraient atteint leur cible, et 3 autres auraient \u00e9t\u00e9 abattus par les missiles sol-air Patriot. <\/p>\n<p>La base am\u00e9ricaine d&rsquo;al-Udeid comptait pr\u00e8s de 40 avions militaires le 5 juin, la plupart d&rsquo;entre eux ont \u00e9t\u00e9 d\u00e9plac\u00e9s entre le 5 et le 19 juin, selon des images satellites de Planet Labs PBC.<\/p>\n<p>Le pr\u00e9sident am\u00e9ricain Donald Trump avait averti que toute base am\u00e9ricaine attaqu\u00e9e exposerait l&rsquo;Iran \u00e0 de fortes repr\u00e9sailles. <\/p>\n<p>Selon le New York Times, l&rsquo;Iran a coordonn\u00e9 l&rsquo;attaque au missile de cette nuit avec des responsables qataris et a pr\u00e9venu \u00e0 l&rsquo;avance de l&rsquo;imminence des lancements afin de minimiser le nombre de victimes, selon trois responsables iraniens au fait des plans.<\/p>\n<p>Doha a pourtant d\u00e9clar\u00e9 par la voix de son ministre des Affaires \u00e9trang\u00e8res se r\u00e9server le droit de riposter \u00e0 ce qu&rsquo;elle qualifie \u00ab\u00a0d&rsquo;agression iranienne flagrante\u00a0\u00bb. <\/p>\n<p>Le Qatar a pourtant toujours entretenu de bonnes relations avec T\u00e9h\u00e9ran. <\/p>\n<p><strong>Le trafic a\u00e9rien fortement perturb\u00e9<\/strong><\/p>\n<p>Un peu plus t\u00f4t, le Qatar a ferm\u00e9 son espace a\u00e9rien par s\u00e9curit\u00e9 et jusqu&rsquo;\u00e0 nouvel ordre. La base a\u00e9rienne d&rsquo;Al Udeid, n&rsquo;est en effet situ\u00e9e qu&rsquo;\u00e0 10 km de l&rsquo;a\u00e9roport de Doha. <\/p>\n<p>De plus tous les avions civils au large des c\u00f4tes du Qatar ont fait demi-tour pour se diriger vers d&rsquo;autres a\u00e9roports notamment au Bahre\u00efn<\/p>\n<p><strong>Nouvelles attaques isra\u00e9liennes<\/strong><\/p>\n<p>L&rsquo;aviation isra\u00e9lienne avait annonc\u00e9 en d\u00e9but de journ\u00e9e avoir lanc\u00e9 une nouvelle \u00ab\u00a0attaque sans pr\u00e9c\u00e9dent\u00a0\u00bb visant \u00ab\u00a0l&rsquo;appareil r\u00e9pressif\u00a0\u00bb du r\u00e9gime de T\u00e9h\u00e9ran. Selon des rapports en provenance d&rsquo;Iran, les frappes ont touch\u00e9 le quartier g\u00e9n\u00e9ral de la police, la radiot\u00e9l\u00e9vision d&rsquo;\u00c9tat et la tristement c\u00e9l\u00e8bre prison d&rsquo;Evin dans la capitale. <\/p>\n<p>Par ailleurs, lundi matin, l&rsquo;arm\u00e9e isra\u00e9lienne a confirm\u00e9 avoir frapp\u00e9 les voies d&rsquo;acc\u00e8s \u00e0 l&rsquo;installation nucl\u00e9aire iranienne de Fordo, apr\u00e8s que des bombardiers am\u00e9ricains B2 ont touch\u00e9 le site au cours du week-end. <\/p>\n<p>L&rsquo;organe de surveillance nucl\u00e9aire des Nations unies a d\u00e9clar\u00e9 s&rsquo;attendre \u00e0 des \u00ab\u00a0d\u00e9g\u00e2ts tr\u00e8s importants\u00a0\u00bb sur ce site lourdement fortifi\u00e9. <\/p>\n<p>La riposte de T\u00e9h\u00e9ran sur Isra\u00ebl<\/p>\n<p>L&rsquo;Iran a ripost\u00e9 lundi matin en effectuant un tir de barrage de missiles sur Isra\u00ebl qui a dur\u00e9 plus de 40 minutes. Il a provoqu\u00e9 des coupures d&rsquo;\u00e9lectricit\u00e9, mais n&rsquo;a fait aucun bless\u00e9. <\/p>\n<p>T\u00e9h\u00e9ran a promis que sa r\u00e9ponse aurait des \u00ab\u00a0cons\u00e9quences \u00e9ternelles\u00a0\u00bb. Le ministre isra\u00e9lien de la D\u00e9fense, Isra\u00ebl Katz, a d\u00e9clar\u00e9 que \u00ab\u00a0pour chaque roquette tir\u00e9e sur le front int\u00e9rieur isra\u00e9lien, le dictateur iranien sera s\u00e9v\u00e8rement puni\u00a0\u00bb.<\/p>\n","protected":false},"excerpt":{"rendered":"PUBLICIT\u00c9 Apr\u00e8s les frappes am\u00e9ricaines du week-end sur des sites nucl\u00e9aires iranien, T\u00e9h\u00e9ran a vis\u00e9 lundi en repr\u00e9sailles&hellip;\n","protected":false},"author":2,"featured_media":198941,"comment_status":"","ping_status":"","sticky":false,"template":"","format":"standard","meta":{"footnotes":""},"categories":[1591],"tags":[11,31122,1887,3019,664,3257,12,1885,1886,132],"class_list":{"0":"post-198940","1":"post","2":"type-post","3":"status-publish","4":"format-standard","5":"has-post-thumbnail","7":"category-russie","8":"tag-actualites","9":"tag-conflit-israel-iran","10":"tag-federation-de-russie","11":"tag-iran","12":"tag-israel","13":"tag-moyen-orient","14":"tag-news","15":"tag-russia","16":"tag-russian-federation","17":"tag-russie"},"share_on_mastodon":{"url":"https:\/\/pubeurope.com\/@fr\/114734354009750409","error":""},"_links":{"self":[{"href":"https:\/\/www.europesays.com\/fr\/wp-json\/wp\/v2\/posts\/198940","targetHints":{"allow":["GET"]}}],"collection":[{"href":"https:\/\/www.europesays.com\/fr\/wp-json\/wp\/v2\/posts"}],"about":[{"href":"https:\/\/www.europesays.com\/fr\/wp-json\/wp\/v2\/types\/post"}],"author":[{"embeddable":true,"href":"https:\/\/www.europesays.com\/fr\/wp-json\/wp\/v2\/users\/2"}],"replies":[{"embeddable":true,"href":"https:\/\/www.europesays.com\/fr\/wp-json\/wp\/v2\/comments?post=198940"}],"version-history":[{"count":0,"href":"https:\/\/www.europesays.com\/fr\/wp-json\/wp\/v2\/posts\/198940\/revisions"}],"wp:featuredmedia":[{"embeddable":true,"href":"https:\/\/www.europesays.com\/fr\/wp-json\/wp\/v2\/media\/198941"}],"wp:attachment":[{"href":"https:\/\/www.europesays.com\/fr\/wp-json\/wp\/v2\/media?parent=198940"}],"wp:term":[{"taxonomy":"category","embeddable":true,"href":"https:\/\/www.europesays.com\/fr\/wp-json\/wp\/v2\/categories?post=198940"},{"taxonomy":"post_tag","embeddable":true,"href":"https:\/\/www.europesays.com\/fr\/wp-json\/wp\/v2\/tags?post=198940"}],"curies":[{"name":"wp","href":"https:\/\/api.w.org\/{rel}","templated":true}]}}