{"id":198942,"date":"2025-06-23T19:34:15","date_gmt":"2025-06-23T19:34:15","guid":{"rendered":"https:\/\/www.europesays.com\/fr\/198942\/"},"modified":"2025-06-23T19:34:15","modified_gmt":"2025-06-23T19:34:15","slug":"en-direct-ukraine-volodymyr-zelensky-recu-par-le-roi-charles-iii","status":"publish","type":"post","link":"https:\/\/www.europesays.com\/fr\/198942\/","title":{"rendered":"EN DIRECT &#8211; Ukraine : Volodymyr Zelensky re\u00e7u par le roi Charles III"},"content":{"rendered":"<ul class=\"jsx-862013697 ArticleChapo__List\">\n<li class=\"jsx-862013697 ArticleChapo__List_Item flex\">Le pr\u00e9sident ukrainien Volodymyr Zelensky a \u00e9t\u00e9 invit\u00e9 \u00e0 d\u00e9jeuner par le roi Charles III au ch\u00e2teau de Windsor, a indiqu\u00e9 le palais de Buckingham dans un communiqu\u00e9.<\/li>\n<li class=\"jsx-862013697 ArticleChapo__List_Item flex\">Zelensky, que le roi avait d\u00e9j\u00e0 re\u00e7u en mars, doit s&rsquo;entretenir avec le Premier ministre britannique Keir Starmer plus tard dans l&rsquo;apr\u00e8s-midi, \u00e0 la veille de l&rsquo;ouverture d&rsquo;un sommet de l&rsquo;Otan \u00e0 la Haye.<\/li>\n<li class=\"jsx-862013697 ArticleChapo__List_Item flex\">Suivez les derni\u00e8res informations.<\/li>\n<\/ul>\n<p><a href=\"https:\/\/www.tf1info.fr\/actualite\/invasion-de-l-ukraine-par-la-russie-une-guerre-qui-dure-12951\/\" rel=\"noopener\" class=\"jsx-484472199 Link jsx-1428418400 jsx-554215408\" target=\"_blank\"><\/p>\n<p style=\"font-weight:400\" class=\"jsx-1837267516\">Suivez la couverture compl\u00e8te<\/p>\n<p style=\"font-weight:800\" class=\"jsx-1837267516\">Ukraine : 4\u1d49 ann\u00e9e de guerre<\/p>\n<p><\/a>Minute par minute20:44COOPERATION MILITAIRE<\/p>\n<p>Le Premier ministre britannique Keir Starmer a annonc\u00e9 un accord renfor\u00e7ant la coop\u00e9ration militaire avec l&rsquo;Ukraine, \u00e0 l&rsquo;occasion d&rsquo;une visite de Volodymyr Zelensky au Royaume-Uni. \u00ab\u00a0Je suis tr\u00e8s fier d&rsquo;annoncer cet apr\u00e8s-midi un accord de coproduction militaire industrielle, le premier du genre pour l&rsquo;Ukraine et le Royaume-Uni\u00a0\u00bb, a d\u00e9clar\u00e9 le chef du gouvernement britannique aux c\u00f4t\u00e9s du pr\u00e9sident ukrainien lors d&rsquo;une rencontre avec des soldats dans les jardins de Downing Street.<\/p>\n<p>Cet accord va \u00ab\u00a0renforcer nos deux nations\u00a0\u00bb, a r\u00e9pondu Volodymyr Zelensky. Il a aussi salu\u00e9 l&rsquo;importance du \u00ab\u00a0partage de connaissances et d&rsquo;exp\u00e9rience\u00a0\u00bb dans le cadre de l&rsquo;op\u00e9ration Interflex, un programme qui a permis de former au Royaume-Uni plus de 54.000 soldats ukrainiens.<\/p>\n<p>16:59NOUVEAU BILAN<\/p>\n<p>L&rsquo;attaque a\u00e9rienne russe d&rsquo;ampleur a tu\u00e9 au moins dix civils \u00e0 Kiev et dans sa r\u00e9gion, dont une fille de onze ans, selon les autorit\u00e9s ukrainiennes, \u00e0 l&rsquo;heure o\u00f9 les n\u00e9gociations pour mettre un terme \u00e0 la guerre sont dans l&rsquo;impasse.<\/p>\n<p>15:28ZELENSKY RECU PAR CHARLES III<\/p>\n<p>Le pr\u00e9sident ukrainien Volodymyr Zelensky a \u00e9t\u00e9 invit\u00e9 \u00e0 d\u00e9jeuner par le roi Charles III au ch\u00e2teau de Windsor, a indiqu\u00e9 le palais de Buckingham dans un communiqu\u00e9. Zelensky, que le roi avait d\u00e9j\u00e0 re\u00e7u en mars, doit s&rsquo;entretenir avec le Premier ministre britannique Keir Starmer plus tard dans l&rsquo;apr\u00e8s-midi.<\/p>\n<p>14:18JEAN-NO\u00cbL BARROT A RENCONTR\u00c9 SON HOMOLOGUE UKRAINIEN<\/p>\n<p>Le ministre fran\u00e7ais des Affaires \u00e9trang\u00e8res Jean-No\u00ebl Barrot a rencontr\u00e9 \u00e0 Bruxelles son homologue ukrainien Andriy Sybiha. Ce dernier a remerci\u00e9 la France \u00ab\u00a0pour son soutien ind\u00e9fectible\u00a0\u00bb.<\/p>\n<p>\u00ab\u00a0Nous avons convenu que, dans la mesure o\u00f9 la Russie rejette le cessez-le-feu \u2013 premier pas vers la paix \u2013 elle doit faire face \u00e0 de fortes pressions et \u00e0 des d\u00e9cisions fortes qui frapperont l\u2019\u00e9conomie russe\u00a0\u00bb, a-t-il poursuivi.<\/p>\n<blockquote data-testid=\"EmbedTwitter\" id=\"tweet-1937110389436604911-:R3j49lkj6ij9n79m:\" class=\"jsx-aeff1a1c40f54d7a twitter-tweet flex justify-center items-center\"><p>In Brussels, I had a meaningful meeting with  @jnbarrot . I thanked France for its strong support and leadership. We agreed that as Russia rejects ceasefire\u2014the first step toward peace\u2014it must face severe pressure, strong decisions to hit the Russian economy. I emphasized that\u2026  pic.twitter.com\/o7PsvveEs1 \u2014 Andrii Sybiha \ud83c\uddfa\ud83c\udde6 (@andrii_sybiha)  June 23, 2025<\/p><\/blockquote>\n<p>13:58L&rsquo;UKRAINE, LA GRANDE PERDANTE DU CONFLIT AU PROCHE-ORIENT ?<\/p>\n<p>\u00ab\u00a0L&rsquo;attention port\u00e9e \u00e0 l&rsquo;Ukraine s&rsquo;amenuise encore plus et Kiev recevra moins d&rsquo;aide militaire en raison de l&rsquo;assistance que les Occidentaux apportent \u00e0 l&rsquo;\u00c9tat h\u00e9breu\u00a0\u00bb, explique dans cet article Igor Delano\u00eb, sp\u00e9cialiste de la g\u00e9opolitique russe.<\/p>\n<p>International<img decoding=\"async\" src=\"https:\/\/www.europesays.com\/fr\/wp-content\/uploads\/2025\/06\/vladimir-poutine-recoit-des-hommes-d-affaires-russes-a-moscou-le-26-mai-2025-19f267-2@1x.jpeg\" alt=\"&quot;L'attention port\u00e9e \u00e0 l'Ukraine s'amenuise&quot; : la guerre Isra\u00ebl-Iran, une aubaine pour Poutine ?\" loading=\"lazy\" importance=\"low\" fetchpriority=\"low\" class=\"\" aria-hidden=\"true\"\/>Publi\u00e9 aujourd&rsquo;hui \u00e0 13h4313:45ZELENSKY \u00c0 STRASBOURG MERCREDI<\/p>\n<p>Le pr\u00e9sident ukrainien Volodymyr Zelensky se rendra mercredi \u00e0 Strasbourg pour s&rsquo;adresser au Conseil de l&rsquo;Europe, lors d&rsquo;une visite domin\u00e9e par le projet d&rsquo;instauration d&rsquo;un tribunal sp\u00e9cial pour le crime d&rsquo;agression contre son pays.<\/p>\n<p>Le Conseil de l&rsquo;Europe, qui r\u00e9unit 46 pays membres dont l&rsquo;Ukraine, est la vigie de la d\u00e9mocratie et des droits de l&rsquo;homme sur le continent.<\/p>\n<p>13:21NOUVEAU BILAN \u00c0 KIEV<\/p>\n<p>Une nouvelle attaque a\u00e9rienne russe d&rsquo;ampleur a tu\u00e9 au moins huit civils \u00e0 Kiev et dans sa r\u00e9gion, un missile ayant partiellement d\u00e9truit un immeuble r\u00e9sidentiel dans la capitale ukrainienne.\u00a0<\/p>\n<p>Ces nouveaux bombardements interviennent au moment o\u00f9 les efforts diplomatiques visant \u00e0 mettre un terme \u00e0 la guerre entre Moscou et Kiev d\u00e9clench\u00e9e par l&rsquo;invasion russe de l&rsquo;Ukraine en 2022 sont dans l&rsquo;impasse.\u00a0<\/p>\n<p>11:37ZELENSKY A ATTERRI AU ROYAUME-UNI<\/p>\n<p>Le pr\u00e9sident ukrainien Volodymyr Zelensky vient d&rsquo;atterrir au Royaume-Uni avant une rencontre avec le Premier ministre britannique, Keir Starmer, a annonc\u00e9 \u00e0 l&rsquo;AFP une source au sein de la d\u00e9l\u00e9gation ukrainienne.<\/p>\n<p>\u00ab\u00a0Plusieurs entretiens sont pr\u00e9vus, avec le Premier ministre et au Parlement\u00a0\u00bb, a indiqu\u00e9 cette source. Cette visite intervient apr\u00e8s de nouvelles frappes meurtri\u00e8res sur Kiev et sa r\u00e9gion, lanc\u00e9es dans la nuit par la Russie.<\/p>\n<p>11:36354 MISSILES ET DRONES REPOUSS\u00c9S PAR LA D\u00c9FENSE A\u00c9RIENNE<\/p>\n<p>Selon l&rsquo;arm\u00e9e ukrainienne, la d\u00e9fense a\u00e9rienne a r\u00e9ussi \u00e0 repousser 354 \u00ab\u00a0cibles a\u00e9riennes\u00a0\u00bb, dont des drones Shahed et des missiles de croisi\u00e8re Iskander-K.<\/p>\n<p>\u00ab\u00a0L\u2019Ukraine a besoin de davantage de d\u00e9fense a\u00e9rienne pour prot\u00e9ger son peuple du terrorisme russe\u00a0\u00bb, \u00e9crit-elle sur X.<\/p>\n<blockquote data-testid=\"EmbedTwitter\" id=\"tweet-1937046922008666461-:R3j99lkj6ij9n79m:\" class=\"jsx-aeff1a1c40f54d7a twitter-tweet flex justify-center items-center\"><p>Overnight, russian invaders launched a massive missile attack on Ukraine, using 16 missiles and 352 strike UAVs. Ukrainian air defenders destroyed 354 aerial targets: &#8211; 5 Iskander-K cruise missiles &#8211; 10 Iskander-M \/ KN-23 ballistic missiles  &#8211; 146 Shahed-type strike drones.\u2026  pic.twitter.com\/bw71k4sMmG \u2014 Defense of Ukraine (@DefenceU)  June 23, 2025<\/p><\/blockquote>\n<p>11:30ZELENSKY AU ROYAUME-UNI<\/p>\n<p>Volodymyr Zelensky a annonc\u00e9 se rendre au Royaume-Uni d\u00e8s ce lundi pour discuter avec ses alli\u00e9s, apr\u00e8s de nouvelles frappes meurtri\u00e8res sur Kiev et sa r\u00e9gion, lanc\u00e9es dans la nuit par la Russie.<\/p>\n<p>\u00ab\u00a0Aujourd&rsquo;hui, lors de ma visite au Royaume-Uni, j&rsquo;aborderai pr\u00e9cis\u00e9ment cette question avec nos partenaires, celle de notre d\u00e9fense\u00a0\u00bb, a indiqu\u00e9 le pr\u00e9sident ukrainien sur le r\u00e9seau social X. \u00ab\u00a0Nous n\u00e9gocierons \u00e9galement de nouvelles mesures fortes pour accro\u00eetre la pression sur la Russie dans cette guerre et mettre fin aux frappes\u00a0\u00bb, a-t-il ajout\u00e9.<\/p>\n<p>11:29DES FRAPPES CONTRE LE \u00ab\u00a0COMPLEXE MILITARO-INDUSTRIEL UKRAINIEN\u00a0\u00bb<\/p>\n<p>La Russie affirme avoir vis\u00e9 des cibles militaires en Ukraine dans des frappes nocturnes qui ont tu\u00e9 au moins sept personnes dans la r\u00e9gion de Kiev. \u00a0<\/p>\n<p>\u00ab\u00a0Cette nuit, les forces arm\u00e9es de la F\u00e9d\u00e9ration de Russie ont lanc\u00e9 une frappe group\u00e9e \u00e0 l&rsquo;aide d&rsquo;armes de haute pr\u00e9cision et de drones d&rsquo;attaque contre des entreprises du complexe militaro-industriel ukrainien dans la r\u00e9gion de Kiev\u00a0\u00bb, a notamment affirm\u00e9, dans un communiqu\u00e9, le minist\u00e8re russe de la D\u00e9fense, affirmant que \u00ab\u00a0toutes les cibles d\u00e9sign\u00e9es\u00a0\u00bb avaient \u00e9t\u00e9 touch\u00e9es.\u00a0<\/p>\n<p>11:17BONJOUR<\/p>\n<p>Bonjour \u00e0 tous et bienvenue dans ce direct consacr\u00e9 \u00e0 la guerre en Ukraine, alors que Kiev a \u00e9t\u00e9 touch\u00e9e par de nombreuses frappes de missiles et de drones la nuit derni\u00e8re.<\/p>\n<p data-module=\"article-paragraph\" class=\"jsx-3046738180 Paragraph Paragraph__End\">La nuit a encore une fois \u00e9t\u00e9 meurtri\u00e8re en <a href=\"https:\/\/www.tf1info.fr\/international\/guerre-nos-hommes-rentrent-chez-eux-nouvel-echange-de-prisonniers-entre-l-ukraine-et-la-russie-2378005.html\" target=\"_blank\" rel=\"noopener\">Ukraine<\/a>. La Russie a op\u00e9r\u00e9 des frappes dans la <a href=\"https:\/\/www.tf1info.fr\/international\/en-direct-guerre-en-ukraine-russie-au-moins-14-morts-a-kiev-dont-un-americain-bilan-apres-de-nouvelles-frappes-russes-aujourd-hui-mardi-17-juin-2025-2377424.html\" target=\"_blank\" rel=\"noopener\">r\u00e9gion de Kiev<\/a> mais aussi le nord du pays, tr\u00e8s t\u00f4t ce lundi 23 juin. Selon un bilan encore provisoire communiqu\u00e9 par les autorit\u00e9s, ces \u00ab\u00a0bombardements massifs\u00a0\u00bb ont fait au moins sept morts et une vingtaine de bless\u00e9s. Au total, 352 drones, \u00ab\u00a0dont 159 Shaheds\u00a0\u00bb de conception iranienne, et 16 missiles ont \u00e9t\u00e9 tir\u00e9s dans la nuit, a annonc\u00e9 Volodymyr Zelensky sur X.<\/p>\n<p data-module=\"article-paragraph\" class=\"jsx-3046738180 Paragraph Paragraph__End\">Dans le district de Chevchenkivski, dans l&rsquo;ouest de la capitale, \u00ab\u00a0toute une section d&rsquo;un immeuble r\u00e9sidentiel de plusieurs \u00e9tages a \u00e9t\u00e9 d\u00e9truite\u00a0\u00bb. Le ministre de l&rsquo;Int\u00e9rieur ukrainien, Igor Klymenko, a pr\u00e9cis\u00e9 sur Telegram que \u00ab\u00a0les secouristes sont venus en aide \u00e0 10 personnes bless\u00e9es et continuent de travailler. Une autre personne est morte dans des frappes \u00e0 Bela Tserkva, une agglom\u00e9ration situ\u00e9e dans le sud de Kiev, qui ont fait une dizaine de bless\u00e9s\u00a0\u00bb et des victimes pourraient encore se trouver sous les d\u00e9combres. Il a d\u00e9plor\u00e9 \u00ab\u00a0des frappes sur des zones r\u00e9sidentielles, des h\u00f4pitaux, des \u00e9quipements sportifs\u00a0\u00bb par les forces russes, \u00ab\u00a0sans respect pour le concept d&rsquo;infrastructures civiles\u00a0\u00bb.<\/p>\n<blockquote data-testid=\"EmbedTwitter\" id=\"tweet-1937041153158713386-:R4mmij9n79m:\" class=\"jsx-aeff1a1c40f54d7a twitter-tweet flex justify-center items-center\"><p>After the strikes on Iran&rsquo;s nuclear program facilities, there was a lot of uproar from Moscow \u2014 the Russian leadership performatively condemned the \u201cmissile-and-bomb\u201d actions. Today, Moscow is silent after the Russian army carried out a completely cynical strike using\u2026  pic.twitter.com\/xq6TUsfWM2 \u2014 Volodymyr Zelenskyy \/ \u0412\u043e\u043b\u043e\u0434\u0438\u043c\u0438\u0440 \u0417\u0435\u043b\u0435\u043d\u0441\u044c\u043a\u0438\u0439 (@ZelenskyyUa)  June 23, 2025<\/p><\/blockquote>\n<p data-module=\"article-paragraph\" class=\"jsx-3046738180 Paragraph\">Dans le nord du pays, \u00e0 Tcherniguiv, deux personnes ont trouv\u00e9 la mort apr\u00e8s des frappes de drones, qui ont fait aussi 10 bless\u00e9s dimanche soir, a indiqu\u00e9 sur Telegram Viatcheslav Tchaus, chef de l&rsquo;administration r\u00e9gionale. Au moment o\u00f9 d&rsquo;importantes d\u00e9tonations se faisaient entendre, le chef de l&rsquo;administration de Kiev, Timour Tkatchenko, \u00e9crivait sur Telegram : \u00ab\u00a0Encore une attaque massive contre la capitale. Possiblement, plusieurs vagues de drones ennemis.\u00a0\u00bb De son c\u00f4t\u00e9, le maire de Kiev, Vitali Klitschko, indiquait que deux bless\u00e9s \u00e9taient \u00ab\u00a0hospitalis\u00e9s dans le district de Solomianski\u00a0\u00bb.<\/p>\n<p data-module=\"article-paragraph\" class=\"jsx-3046738180 Paragraph Paragraph__End\">Les autorit\u00e9s militaires ont indiqu\u00e9 que la <a href=\"https:\/\/www.tf1info.fr\/international\/guerre-en-ukraine-russie-plus-de-limitation-sur-la-portee-des-armes-livrees-a-kiev-moscou-denonce-une-decision-assez-dangereuse-2373190.html\" target=\"_blank\" rel=\"noopener\">d\u00e9fense a\u00e9rienne<\/a> avait \u00e9t\u00e9 activ\u00e9e, avertissant de la menace de missiles. Des journalistes de l&rsquo;AFP dans la capitale ont entendu des vrombissements de drones en vol et une s\u00e9rie de d\u00e9tonations. Dans un abri situ\u00e9 au sous-sol d&rsquo;un immeuble r\u00e9sidentiel du centre de Kiev, ils ont vu une dizaine de personnes qui attendaient la fin de l&rsquo;attaque assises sur des chaises ou des bancs, la plupart d&rsquo;entre elles scrutant leur t\u00e9l\u00e9phone \u00e0 la recherche d&rsquo;informations.<\/p>\n<p><a href=\"https:\/\/www.tf1info.fr\/international\/video-lci-guerre-en-ukraine-comment-l-europe-a-pallie-la-baisse-des-aides-americaines-a-kiev-2377930.html\" rel=\"noopener\" class=\"jsx-3308031228 Link flex\" target=\"_blank\"><img decoding=\"async\" src=\"https:\/\/www.europesays.com\/fr\/wp-content\/uploads\/2025\/06\/zelensky-starmer-26-6456e7-0@1x.jpeg\" alt=\"AFP\" loading=\"lazy\" importance=\"low\" fetchpriority=\"low\" class=\"\"\/><\/p>\n<p class=\"jsx-3657663356 ReadMoreArticle__Title\">Lire aussi<\/p>\n<p class=\"jsx-3657663356\">Guerre en Ukraine : comment l&rsquo;Europe a palli\u00e9 la baisse des aides am\u00e9ricaines \u00e0 Kiev<\/p>\n<p><\/a><\/p>\n<p data-module=\"article-paragraph\" class=\"jsx-3046738180 Paragraph\">\u00c0 la suite d&rsquo;une attaque dans le district de Desnianski, \u00ab\u00a0un crat\u00e8re est apparu dans la cour d&rsquo;un immeuble r\u00e9sidentiel\u00a0\u00bb, a d\u00e9crit Timour Tkatchenko, tandis que le maire de la capitale a fait \u00e9tat d&rsquo;incendies dans un autre quartier. Les villes ukrainiennes sont cibl\u00e9es chaque nuit par des frappes russes, \u00e0 un moment o\u00f9 les pourparlers en vue d&rsquo;un cessez-le-feu sont dans l&rsquo;impasse. Pour le ministre fran\u00e7ais des Affaires \u00e9trang\u00e8res, Jean-No\u00ebl Barrot, \u00ab\u00a0la nuit derni\u00e8re, la Russie a encore fait la d\u00e9monstration de sa cruaut\u00e9 sans limites en visant d\u00e9lib\u00e9r\u00e9ment des cibles civiles\u00a0\u00bb.<\/p>\n<p data-module=\"article-paragraph\" class=\"jsx-3046738180 Paragraph\">Dans la r\u00e9gion de Rostov, dans le sud de la Russie, une attaque de drones ukrainiens ce lundi a \u00ab\u00a0provoqu\u00e9 un incendie dans une entreprise industrielle dans le district de Kamenski\u00a0\u00bb, a indiqu\u00e9 le gouverneur r\u00e9gional Iouri Slioussar sur Telegram.<\/p>\n<p data-module=\"article-paragraph\" class=\"jsx-3046738180 Paragraph Paragraph__End\">Le commandant en chef des arm\u00e9es ukrainiennes, Oleksandr Syrsky, a assur\u00e9 samedi que l&rsquo;Ukraine allait intensifier ses frappes contre des cibles militaires russes en profondeur en Russie, trois semaines apr\u00e8s une attaque spectaculaire contre des bases a\u00e9riennes recul\u00e9es dans ce pays.<\/p>\n<p>Zo\u00e9 SAMIN avec AFP<\/p>\n<p><script async src=\"https:\/\/platform.twitter.com\/widgets.js\" charset=\"utf-8\"><\/script><\/p>\n","protected":false},"excerpt":{"rendered":"Le pr\u00e9sident ukrainien Volodymyr Zelensky a \u00e9t\u00e9 invit\u00e9 \u00e0 d\u00e9jeuner par le roi Charles III au ch\u00e2teau de&hellip;\n","protected":false},"author":2,"featured_media":198943,"comment_status":"","ping_status":"","sticky":false,"template":"","format":"standard","meta":{"footnotes":""},"categories":[1590],"tags":[1111,11,1921,1777,674,28083,1922,12,132,220,1917,133,1920,134],"class_list":{"0":"post-198942","1":"post","2":"type-post","3":"status-publish","4":"format-standard","5":"has-post-thumbnail","7":"category-ukraine","8":"tag-actu","9":"tag-actualites","10":"tag-article-video","11":"tag-eu","12":"tag-europe","13":"tag-guerre-en-ukraine-une-treve-sera-t-elle-possible","14":"tag-info","15":"tag-news","16":"tag-russie","17":"tag-ukraine","18":"tag-ukraine-4-annee-de-guerre","19":"tag-video","20":"tag-video-international","21":"tag-volodymyr-zelensky"},"share_on_mastodon":{"url":"https:\/\/pubeurope.com\/@fr\/114734358068959740","error":""},"_links":{"self":[{"href":"https:\/\/www.europesays.com\/fr\/wp-json\/wp\/v2\/posts\/198942","targetHints":{"allow":["GET"]}}],"collection":[{"href":"https:\/\/www.europesays.com\/fr\/wp-json\/wp\/v2\/posts"}],"about":[{"href":"https:\/\/www.europesays.com\/fr\/wp-json\/wp\/v2\/types\/post"}],"author":[{"embeddable":true,"href":"https:\/\/www.europesays.com\/fr\/wp-json\/wp\/v2\/users\/2"}],"replies":[{"embeddable":true,"href":"https:\/\/www.europesays.com\/fr\/wp-json\/wp\/v2\/comments?post=198942"}],"version-history":[{"count":0,"href":"https:\/\/www.europesays.com\/fr\/wp-json\/wp\/v2\/posts\/198942\/revisions"}],"wp:featuredmedia":[{"embeddable":true,"href":"https:\/\/www.europesays.com\/fr\/wp-json\/wp\/v2\/media\/198943"}],"wp:attachment":[{"href":"https:\/\/www.europesays.com\/fr\/wp-json\/wp\/v2\/media?parent=198942"}],"wp:term":[{"taxonomy":"category","embeddable":true,"href":"https:\/\/www.europesays.com\/fr\/wp-json\/wp\/v2\/categories?post=198942"},{"taxonomy":"post_tag","embeddable":true,"href":"https:\/\/www.europesays.com\/fr\/wp-json\/wp\/v2\/tags?post=198942"}],"curies":[{"name":"wp","href":"https:\/\/api.w.org\/{rel}","templated":true}]}}