{"id":198944,"date":"2025-06-23T19:35:14","date_gmt":"2025-06-23T19:35:14","guid":{"rendered":"https:\/\/www.europesays.com\/fr\/198944\/"},"modified":"2025-06-23T19:35:14","modified_gmt":"2025-06-23T19:35:14","slug":"en-direct-proche-orient-pas-de-legalite-aux-frappes-americaines-sur-liran-estime-emmanuel-macron-tf1-info-tf1-info","status":"publish","type":"post","link":"https:\/\/www.europesays.com\/fr\/198944\/","title":{"rendered":"EN DIRECT &#8211; Proche-Orient : &quot;Pas de l\u00e9galit\u00e9&quot; aux frappes am\u00e9ricaines sur l&#039;Iran, estime Emmanuel Macron | TF1 INFO &#8211; TF1 Info"},"content":{"rendered":"<ol>\n<li><a href=\"https:\/\/news.google.com\/rss\/articles\/CBMimAJBVV95cUxPTFhDWm13OElQT0pZc2VsMlZoalNHZHJ3dnY0TTNzekpQeFRZVmFIS0dRSzV5Z1JDM01WYmdJOFdiZkVVS015WTUtQ01wX0t1MV9TdFJWa3gxMUpHcUNjTlJKRGR6Y25venQyZG9kVnVSOVVMdWY4dk9fUzdUWU9RdVZZX0ZPU1hSbVA0TnNSZWZKTDF6TThQTUQxd2g4eWduNTVxbWF2VjZNcDlTZ2JnYTlPNWVZaFhqVnViU2ZoQ0drQkd2cW1NM0NqZzRINFdhU3pCUW1RS3hJaEl4Y3E4ZEFxVWpKd2FpX3BCcFNnVDNZVE9ZNUFON01ib1pRQWlkWVUtcFFRYXRUWUlkVXBxTFNNRXlMSk9p?oc=5\" target=\"_blank\" rel=\"noopener\">EN DIRECT &#8211; Proche-Orient : \u00ab\u00a0Pas de l\u00e9galit\u00e9\u00a0\u00bb aux frappes am\u00e9ricaines sur l&rsquo;Iran, estime Emmanuel Macron | TF1 INFO<\/a>&nbsp;&nbsp;TF1 Info<\/li>\n<li><a href=\"https:\/\/news.google.com\/rss\/articles\/CBMi0gFBVV95cUxQNHZ1c0RBQnkySURxMGcwUDlqMy1BZjlsWjdybEhzSXdJYnhsNGdYSTV1MllSS3dCYU56TnpoamZuVEFPdHpqTUdaeXFaZzRwdHhIdkJsclJuVnNyRHJCazlpN21sMlRndmR3Z1RLWDE5Qklkb3JJU1k4Mkl1SlVQeGxwYW5lbDVLZ3hfZDJlYnJROEZsUVhHdnV0NmlUT3QwRXFuY0xjdkZ6bW1VS1BwajJLUlFMcUZoYkJYRlc0THNFSzlEa1VwRDF6OS1EOVBEUFE?oc=5\" target=\"_blank\" rel=\"noopener\">Isra\u00ebl-Iran : T\u00e9h\u00e9ran a lanc\u00e9 des missiles contre des bases am\u00e9ricaines en Irak et au Qatar<\/a>&nbsp;&nbsp;Le Figaro<\/li>\n<li><a href=\"https:\/\/news.google.com\/rss\/articles\/CBMixAJBVV95cUxQSENLYzFvWlItRHZWa0R5MzdFTlQxajdMdC1jM0pSejFWcjVLTkRQTjcxNm9TQjdjZW1mMlVMQjIzOTBGSUNGMVpRSDdOSWxQODdib3lIcEhqN0Z3NmF0Q19qZG9aZDBXM1p3NkQ4VmthenBxWkF6aU5xUHZxRTIxclQ5ajBaclQxYkRhd2ZnQnVRenMyZkZXREhMdDFMeGYyX2htMGFPZGNMM0liaElyZnZDaWM5ei14dXNzZzJjcDgtVm01Q3RQU1dkQTVvMTc4TWdidEhZY2VnM01BdWJKLWpvQ0lZNnA0S2xMdklNd0dxSy14UWZEMEs2dFRkd2hDeFN3aDZzTFdwdl94c210NmZLZkloNmVuSDltY0Iwc0VvR2xNMW9zMVJxRjFIbFdHN1p0UXVkbUpoM3VpZUNyU2kzVzU?oc=5\" target=\"_blank\" rel=\"noopener\">DIRECT. Guerre Isra\u00ebl-Iran : \u00ab\u00a0Je ne pense pas qu&rsquo;on puisse se substituer \u00e0 un peuple pour changer ses dirigeants\u00a0\u00bb, pr\u00e9vient Emmanuel Macron<\/a>&nbsp;&nbsp;France Info<\/li>\n<li><a href=\"https:\/\/news.google.com\/rss\/articles\/CBMi5wFBVV95cUxNd1NKZ2lRRFdMdmVJXzhQSm9HNG9kRHhaNW9objdfLVl5Z2JQcmYtV1lTVURpWklZREhfYjZWRGdjQ2dfakhlOV9BcndKV0xtd19NRHF1WXVzd254M21aME1idkdYVjlPTGIxYUVfdmlIck5wdERMdTNpc1FkejBlMnpJcmlNNC1yNmY0RWY4S2xzMmU3S1VWR2tWTVlxNkxwWF9MX0FrVTZFQWViT0poRE9NZW1QcFgyWXo4X1hkbVREdzR3T0QyeTJrdXhtVzdhUWdYRHMtdTVIUnNuUGUxakk0aFJjNFk?oc=5\" target=\"_blank\" rel=\"noopener\">Frappes am\u00e9ricaines contre l&rsquo;Iran : Emmanuel Macron estime qu&rsquo;il n&rsquo;y a \u00ab\u00a0pas de cadre de l\u00e9galit\u00e9\u00a0\u00bb<\/a>&nbsp;&nbsp;Orange<\/li>\n<li><a href=\"https:\/\/news.google.com\/rss\/articles\/CBMi9gJBVV95cUxQRU1YaTdWbG5WcElScFpCZDl4Q25TbkxuN1JwUWRvc05UZGtZQ0FQTHhFUnVvNFZTblNyRUNqaXZiaGZlUldGTHZ2T3l0R2o2dTFrMF9EMldBaGZ1TXhVNnZDVjJlTURid3RrdFlFeDJGRWlTbG5aWmlURG1SNEQtLWVNQmV3RlVEcmpYci1ibE1NeUlITHVnZUpUMEs0QmdRQVUzNm9XdEpraW1CSTdQNURWWWZZV3hpWXVFRDJ1cFFyMmp0Qk1BZzFxSktuVThtVVhQS1dPUmlDX2hpbllxbnB1SmFVVWNpZVQ0Z0lYb3BFa3ZjRkNNUWcwbGp5M0h2UlFVclpkbHRhSmFEdThaY09PUlBpQ0ZUTXRfN0xOUzZBVEpVNXVhakd6QlR1RXp3VUpZWWgzMjR0N19IMmtCcTlMMVN3eFlJc0FnQlpXMW4yOFZGUi1NXy04UHg0RjdzdGxCSFBiVGt2TUJwMXBkUHVUYVpDZw?oc=5\" target=\"_blank\" rel=\"noopener\">En direct, Iran-Isra\u00ebl : Emmanuel Macron veut \u00e9viter \u00ab une escalade incontr\u00f4l\u00e9e \u00bb au Moyen-Orient et \u00e9carte toute \u00ab r\u00e9ponse strictement militaire \u00bb<\/a>&nbsp;&nbsp;Le Monde.fr<\/li>\n<\/ol>\n","protected":false},"excerpt":{"rendered":"EN DIRECT &#8211; Proche-Orient : \u00ab\u00a0Pas de l\u00e9galit\u00e9\u00a0\u00bb aux frappes am\u00e9ricaines sur l&rsquo;Iran, estime Emmanuel Macron | TF1&hellip;\n","protected":false},"author":2,"featured_media":198945,"comment_status":"","ping_status":"","sticky":false,"template":"","format":"standard","meta":{"footnotes":""},"categories":[1589],"tags":[1111,11,22405,1921,952,75,73,1866,33671,1922,3019,664,12,5654,1864,1865,1863,308,133,1920],"class_list":{"0":"post-198944","1":"post","2":"type-post","3":"status-publish","4":"format-standard","5":"has-post-thumbnail","7":"category-etats-unis","8":"tag-actu","9":"tag-actualites","10":"tag-ali-khamenei","11":"tag-article-video","12":"tag-benyamin-netanyahou","13":"tag-donald-trump","14":"tag-etats-unis","15":"tag-etats-unis-damerique","16":"tag-guerre-israel-iran-les-etats-unis-ont-frappe","17":"tag-info","18":"tag-iran","19":"tag-israel","20":"tag-news","21":"tag-nucleaire","22":"tag-united-states","23":"tag-united-states-of-america","24":"tag-us","25":"tag-usa","26":"tag-video","27":"tag-video-international"},"share_on_mastodon":{"url":"https:\/\/pubeurope.com\/@fr\/114734361711120236","error":""},"_links":{"self":[{"href":"https:\/\/www.europesays.com\/fr\/wp-json\/wp\/v2\/posts\/198944","targetHints":{"allow":["GET"]}}],"collection":[{"href":"https:\/\/www.europesays.com\/fr\/wp-json\/wp\/v2\/posts"}],"about":[{"href":"https:\/\/www.europesays.com\/fr\/wp-json\/wp\/v2\/types\/post"}],"author":[{"embeddable":true,"href":"https:\/\/www.europesays.com\/fr\/wp-json\/wp\/v2\/users\/2"}],"replies":[{"embeddable":true,"href":"https:\/\/www.europesays.com\/fr\/wp-json\/wp\/v2\/comments?post=198944"}],"version-history":[{"count":0,"href":"https:\/\/www.europesays.com\/fr\/wp-json\/wp\/v2\/posts\/198944\/revisions"}],"wp:featuredmedia":[{"embeddable":true,"href":"https:\/\/www.europesays.com\/fr\/wp-json\/wp\/v2\/media\/198945"}],"wp:attachment":[{"href":"https:\/\/www.europesays.com\/fr\/wp-json\/wp\/v2\/media?parent=198944"}],"wp:term":[{"taxonomy":"category","embeddable":true,"href":"https:\/\/www.europesays.com\/fr\/wp-json\/wp\/v2\/categories?post=198944"},{"taxonomy":"post_tag","embeddable":true,"href":"https:\/\/www.europesays.com\/fr\/wp-json\/wp\/v2\/tags?post=198944"}],"curies":[{"name":"wp","href":"https:\/\/api.w.org\/{rel}","templated":true}]}}