{"id":198948,"date":"2025-06-23T19:37:10","date_gmt":"2025-06-23T19:37:10","guid":{"rendered":"https:\/\/www.europesays.com\/fr\/198948\/"},"modified":"2025-06-23T19:37:10","modified_gmt":"2025-06-23T19:37:10","slug":"lun-est-frappe-avec-un-pieu-de-tente-video","status":"publish","type":"post","link":"https:\/\/www.europesays.com\/fr\/198948\/","title":{"rendered":"l\u2019un est frapp\u00e9 avec un pieu de tente. VID\u00c9O"},"content":{"rendered":"<p><strong>Samedi soir, le Stadtpark de Hambourg a \u00e9t\u00e9 le th\u00e9\u00e2tre d\u2019une violente altercation entre des adolescents de diff\u00e9rentes origines. Au cours d\u2019un diff\u00e9rend, un jeune homme de 17 ans a \u00e9t\u00e9 poignard\u00e9 et a subi une blessure mettant sa vie en danger. Transport\u00e9 \u00e0 l\u2019h\u00f4pital, son \u00e9tat est d\u00e9sormais stable.<\/strong><\/p>\n<p>Peu apr\u00e8s les faits, un suspect \u00e2g\u00e9 de 19 ans, de nationalit\u00e9 allemande, a \u00e9t\u00e9 interpell\u00e9. Il aurait oppos\u00e9 une forte r\u00e9sistance lors de son arrestation et a \u00e9t\u00e9 plac\u00e9 en d\u00e9tention provisoire. Une section de la police criminelle (Mordkommission) investigue pour \u00e9tablir les circonstances de l\u2019affaire rapporte le journal <a href=\"https:\/\/www.welt.de\/regionales\/hamburg\/article256290240\/nach-messerstecherei-jugendliche-umringen-im-hamburger-stadtpark-polizisten-und-schlagen-auf-sie-ein.html?utm_source=chatgpt.com\" rel=\"nofollow noopener\" target=\"_blank\">Welt<\/a>.<\/p>\n<p>L\u2019incident a pris une tournure encore plus grave lorsque trois policiers intervenant sur place ont \u00e9t\u00e9 entour\u00e9s par le groupe d\u2019adolescents. \u00c0 cette occasion, au moins un officier est tomb\u00e9 au sol et a \u00e9t\u00e9 frapp\u00e9, apparemment \u00e0 l\u2019aide d\u2019un pieu de tente\u00a0.\u00a0Ce n\u2019est qu\u2019\u00e0 l\u2019arriv\u00e9e de renforts que l\u2019ordre a pu \u00eatre r\u00e9tabli. La police a ensuite \u00e9vacu\u00e9 l\u2019ensemble de la grande pelouse du Stadtpark avec l\u2019aide de la police f\u00e9d\u00e9rale\u00a0.<\/p>\n<p>La Conf\u00e9d\u00e9ration des syndicats de police (GdP), par la voix de Lars Osburg, vice-pr\u00e9sident r\u00e9gional, a d\u00e9nonc\u00e9 \u00ab\u202fune dynamique de groupe spontan\u00e9e\u202f\u00bb particuli\u00e8rement pr\u00e9occupante, se traduisant par une mont\u00e9e de la violence envers les forces de l\u2019ordre.<\/p>\n<blockquote class=\"twitter-tweet\" data-media-max-width=\"560\">\n<p lang=\"fr\" dir=\"ltr\">ALLEMAGNE \ud83c\udde9\ud83c\uddea : A Hambourg, des policiers qui tentaient d\u2019arr\u00eater un migrant faisant des avances sexuelles \u00e0 une jeune fille mineure ont \u00e9t\u00e9 litt\u00e9ralement lynch\u00e9s par les autres migrants.<\/p>\n<p>Ils sont solidaires avec leurs semblables m\u00eame quand ce sont des ordures criminelles et\u2026 <a href=\"https:\/\/t.co\/C6JJxlUnTW\" rel=\"nofollow\">pic.twitter.com\/C6JJxlUnTW<\/a><\/p>\n<p>\u2014 Jean MESSIHA (@JeanMessiha) <a href=\"https:\/\/twitter.com\/JeanMessiha\/status\/1936860030973710590?ref_src=twsrc%5Etfw\" rel=\"nofollow noopener\" target=\"_blank\">June 22, 2025<\/a><\/p><\/blockquote>\n<p>Selon les premiers \u00e9l\u00e9ments de l\u2019enqu\u00eate, le conflit aurait d\u00e9but\u00e9 vers 22h23 entre un adolescent de 19 ans et un autre de 15 ans, ce dernier ayant bless\u00e9 son adversaire d\u2019un coup au visage. C\u2019est alors que le suspect aurait d\u00e9gain\u00e9 un couteau et poignard\u00e9 le jeune homme de 17 ans, qui n\u2019\u00e9tait pas impliqu\u00e9 jusqu\u2019alors.<\/p>\n<p>Le suspect s\u2019est ensuite r\u00e9fugi\u00e9 bri\u00e8vement dans les bois puis est revenu avant d\u2019\u00eatre finalement ma\u00eetris\u00e9 par les policiers. Au cours de l\u2019interpellation, il a r\u00e9sist\u00e9 vivement. La lame a \u00e9t\u00e9 saisie par les services de police. Ces derniers cherchent maintenant des t\u00e9moins qui auraient assist\u00e9 \u00e0 la sc\u00e8ne\u00a0.<\/p>\n<p>\t\t\t\t<script async src=\"https:\/\/platform.twitter.com\/widgets.js\" charset=\"utf-8\"><\/script><\/p>\n","protected":false},"excerpt":{"rendered":"Samedi soir, le Stadtpark de Hambourg a \u00e9t\u00e9 le th\u00e9\u00e2tre d\u2019une violente altercation entre des adolescents de diff\u00e9rentes&hellip;\n","protected":false},"author":2,"featured_media":198949,"comment_status":"","ping_status":"","sticky":false,"template":"","format":"standard","meta":{"footnotes":""},"categories":[1587],"tags":[11,672,1804,1805,1803,1777,674,1801,12,1802],"class_list":{"0":"post-198948","1":"post","2":"type-post","3":"status-publish","4":"format-standard","5":"has-post-thumbnail","7":"category-allemagne","8":"tag-actualites","9":"tag-allemagne","10":"tag-bundesrepublik-deutschland","11":"tag-de","12":"tag-deutschland","13":"tag-eu","14":"tag-europe","15":"tag-germany","16":"tag-news","17":"tag-republique-federale-dallemagne"},"share_on_mastodon":{"url":"https:\/\/pubeurope.com\/@fr\/114734369672502232","error":""},"_links":{"self":[{"href":"https:\/\/www.europesays.com\/fr\/wp-json\/wp\/v2\/posts\/198948","targetHints":{"allow":["GET"]}}],"collection":[{"href":"https:\/\/www.europesays.com\/fr\/wp-json\/wp\/v2\/posts"}],"about":[{"href":"https:\/\/www.europesays.com\/fr\/wp-json\/wp\/v2\/types\/post"}],"author":[{"embeddable":true,"href":"https:\/\/www.europesays.com\/fr\/wp-json\/wp\/v2\/users\/2"}],"replies":[{"embeddable":true,"href":"https:\/\/www.europesays.com\/fr\/wp-json\/wp\/v2\/comments?post=198948"}],"version-history":[{"count":0,"href":"https:\/\/www.europesays.com\/fr\/wp-json\/wp\/v2\/posts\/198948\/revisions"}],"wp:featuredmedia":[{"embeddable":true,"href":"https:\/\/www.europesays.com\/fr\/wp-json\/wp\/v2\/media\/198949"}],"wp:attachment":[{"href":"https:\/\/www.europesays.com\/fr\/wp-json\/wp\/v2\/media?parent=198948"}],"wp:term":[{"taxonomy":"category","embeddable":true,"href":"https:\/\/www.europesays.com\/fr\/wp-json\/wp\/v2\/categories?post=198948"},{"taxonomy":"post_tag","embeddable":true,"href":"https:\/\/www.europesays.com\/fr\/wp-json\/wp\/v2\/tags?post=198948"}],"curies":[{"name":"wp","href":"https:\/\/api.w.org\/{rel}","templated":true}]}}