{"id":198954,"date":"2025-06-23T19:40:09","date_gmt":"2025-06-23T19:40:09","guid":{"rendered":"https:\/\/www.europesays.com\/fr\/198954\/"},"modified":"2025-06-23T19:40:09","modified_gmt":"2025-06-23T19:40:09","slug":"il-ny-a-plus-de-baba-a-la-conference-de-rentree-le-groupe-m6-cantonne-cyril-hanouna-a-lhumour","status":"publish","type":"post","link":"https:\/\/www.europesays.com\/fr\/198954\/","title":{"rendered":"\u00ab\u00a0Il n\u2019y a plus de Baba\u00a0\u00bb\u2026 A la conf\u00e9rence de rentr\u00e9e, le groupe M6 cantonne Cyril Hanouna \u00e0 l\u2019humour"},"content":{"rendered":"<p>Il est finalement apparu \u00e0 l\u2019\u00e9cran en Rambo de Rambouillet. Il aura fallu attendre la toute fin de la conf\u00e9rence de rentr\u00e9e du groupe <a href=\"https:\/\/www.20minutes.fr\/dossier\/m6\" class=\"color-ultramarine c-link\" target=\"_blank\" rel=\"noopener\">M6<\/a> ce lundi pour que l\u2019arriv\u00e9e de <a href=\"https:\/\/www.20minutes.fr\/arts-stars\/television\/cyril_hanouna\/\" class=\"color-ultramarine c-link\" target=\"_blank\" rel=\"noopener\">Cyril Hanouna<\/a> sur <a href=\"https:\/\/www.20minutes.fr\/dossier\/w9\" class=\"color-ultramarine c-link\" target=\"_blank\" rel=\"noopener\">W9 <\/a>soit abord\u00e9e. On \u00e9tait \u00e0 deux doigts de croire qu\u2019il \u00e9tait celui dont il ne fallait pas prononcer le nom.<\/p>\n<p>A ce jeu, Guillaume Charles, membre du directoire en charge des antennes et des contenus, s\u2019est montr\u00e9 redoutable\u00a0: \u00ab\u00a0Sur le talk, on a pris celui qu\u2019on consid\u00e8re comme \u00e9tant le meilleur, une vraie star. Vous le connaissez aussi, il aime bien garder le plus d\u2019informations confidentielles.\u00a0\u00bb Une mani\u00e8re de dire aussi que si on \u00e9tait l\u00e0 pour en savoir davantage sur le contenu pr\u00e9cis de la nouvelle \u00e9mission de vous-savez-qui, on s\u2019\u00e9tait tromp\u00e9 d\u2019adresse. On apprendra tout de m\u00eame que son rendez-vous sur la neuvi\u00e8me cha\u00eene s\u2019intitulera \u00ab\u00a0Tout beau, tout neuf\u00a0\u00bb (orthographi\u00e9 \u00ab\u00a0Tout beau, tout n9uf\u00a0\u00bb parce que pourquoi pas\u00a0?).<\/p>\n<p>\u00ab\u00a0C\u2019est fini la gaudriole\u00a0\u00bb<\/p>\n<p>Pendant une heure, toutes les cha\u00eenes du groupe, de M6 \u00e0 <a href=\"https:\/\/www.20minutes.fr\/dossier\/paris_premiere\" class=\"color-ultramarine c-link\" target=\"_blank\" rel=\"noopener\">Paris Premi\u00e8re<\/a> en passant par Gulli et 6ter, sont pass\u00e9es en revue. W9 est la derni\u00e8re \u00e0 avoir droit \u00e0 son petit film de pr\u00e9sentation, promettant \u00ab\u00a0des moments de partage, des fous rires incontr\u00f4lables, des \u00e9motions toujours plus fortes\u00a0\u00bb (soit la d\u00e9finition de la drogue, les effets n\u00e9fastes sur la sant\u00e9 en moins). N\u2019emp\u00eache dans ce flot d\u2019images clipp\u00e9es, pas d\u2019Hanouna\u2026 Les journalistes en \u00ab\u00a0rassrah\u00a0\u00bb. La voix off s\u2019amuse\u00a0: \u00ab\u00a0On n\u2019aurait pas oubli\u00e9 quelque chose\u00a0?\u00a0\u00bb<\/p>\n<p>Aaaaah\u00a0! Mais bien s\u00fbr que Cyril a droit \u00e0 sa petite s\u00e9quence \u00e0 part, introduite par des parodies d\u2019extraits de JT et de publicit\u00e9 insistant sur le \u00ab\u00a0besoin de rire\u00a0\u00bb des Fran\u00e7ais. Direction une for\u00eat o\u00f9 il campe, en mode survivaliste devant son \u00e9tendoir \u00e0 slips. \u00ab\u00a0Il n\u2019y a plus de Baba, c\u2019est fini la gaudriole\u00a0\u00bb, lance-t-il d\u2019une voix caverneuse aux deux hommes en costard venus le chercher. Ces derniers tentent de le convaincre de les suivre. Leurs armes\u00a0: un extrait des Sardines et le postiche de S\u00e9bastien Patoche. En vain.<\/p>\n<\/p>\n<p>\u00ab\u00a0Je ne mettrai plus jamais de perruque, c\u2019est fini pour moi tout \u00e7a\u00a0\u00bb, affirme celui qui est pourtant coiff\u00e9 d\u2019une longue crini\u00e8re synth\u00e9tique (\u00e7a, c\u2019est pour les fans de comique ironique). Ses interlocuteurs d\u00e9gainent alors en dernier recours une mallette contenant\u2026 des DVD du \u00ab\u00a0<a href=\"https:\/\/www.20minutes.fr\/dossier\/le_meilleur_patissier\" class=\"color-ultramarine c-link\" target=\"_blank\" rel=\"noopener\">Meilleur p\u00e2tissier<\/a>\u00a0\u00bb. Il n\u2019en fallait pas plus pour que Cyril Hanouna se laisse amadouer. \u00ab\u00a0Je le fais pour Mercotte, <a href=\"https:\/\/www.google.com\/search?q=mercotte+salam+aleykoum&amp;client=safari&amp;sca_esv=4a4fe4777c84f5d2&amp;rls=en&amp;sxsrf=AE3TifOpsn-abTDrT71iGebPAigY2XQvfA%3A1750701648445&amp;ei=UJZZaLWEG8LV7M8P7p3PkQw&amp;oq=mercotte+salam&amp;gs_lp=Egxnd3Mtd2l6LXNlcnAiDm1lcmNvdHRlIHNhbGFtKgIIADIHEAAYgAQYEzIIEAAYExgWGB4yCBAAGIAEGKIEMgUQABjvBTIIEAAYogQYiQUyBRAAGO8FSMcgUABYuBNwAHgAkAEAmAFqoAGvB6oBBDEzLjG4AQHIAQD4AQGYAg6gAsYIwgIEECMYJ8ICChAjGIAEGCcYigXCAgoQLhiABBhDGIoFwgIQEC4YgAQY0QMYQxjHARiKBcICChAAGIAEGEMYigXCAgsQABiABBixAxiDAcICChAuGIAEGCcYigXCAhAQABiABBixAxhDGIMBGIoFwgIOEC4YgAQYxwEYjgUYrwHCAg4QLhiABBixAxjRAxjHAcICCBAAGIAEGLEDwgIFEAAYgATCAg0QLhiABBjRAxjHARgKwgIFEC4YgATCAhkQLhiABBhDGIoFGJcFGNwEGN4EGN8E2AEBwgIIEC4YgAQYsQPCAgcQABiABBgKwgIXEC4YgAQYsQMYlwUY3AQY3gQY3wTYAQHCAgYQABgWGB6YAwC6BgYIARABGBSSBwQxMS4zoAe1mQGyBwQxMS4zuAfGCMIHBTItNy43yAd_&amp;sclient=gws-wiz-serp#fpstate=ive&amp;vld=cid:91527ab0,vid:k5gO7_h3hQk,st:0\" rel=\"nofollow noopener\" target=\"_blank\" class=\"color-ultramarine c-link\">Salam aleykoum les p\u00e2tissiers<\/a>\u00a0! Fais chauffer le camion\u00a0!\u00a0\u00bb, s\u2019exclame-t-il avant de rejoindre Raymond Aabou sur le si\u00e8ge passager.<\/p>\n<p>\u00ab\u00a0On a \u00e9t\u00e9 clair sur le fait que l\u2019on ne voulait pas un discours politis\u00e9\u00a0\u00bb<\/p>\n<p>De l\u2019humour bon enfant, aucune vanne clivante\u2026 Ces quelques minutes de teasing ressemblent \u00e0 ce que la direction du groupe attend de lui \u00e0 la rentr\u00e9e. \u00ab\u00a0On est sur du divertissement, de l\u2019amusement, on revient sur ces fondamentaux que sait tr\u00e8s bien faire Cyril Hanouna\u00a0\u00bb, d\u00e9clare Guillaume Charles lors d\u2019une table ronde organis\u00e9e dans la foul\u00e9e. \u00ab\u00a0On a \u00e9t\u00e9 assez clair sur le fait que l\u2019on ne voulait pas un discours politis\u00e9. On l\u2019a dit publiquement\u00a0\u00bb, insiste-t-il.<\/p>\n<p>Y aura-t-il des d\u00e9bats sur des sujets de soci\u00e9t\u00e9 ou des faits divers\u00a0? \u00ab\u00a0On verra\u00a0\u00bb, \u00e9lude le directeur des antennes. Il balaye aussi la question du \u00ab\u00a0time delay\u00a0\u00bb, c\u2019est-\u00e0-dire de la diffusion en l\u00e9ger diff\u00e9r\u00e9 pour parer aux \u00e9ventuels d\u00e9bordements. Le sujet a \u00e9t\u00e9 tranch\u00e9. \u00ab\u00a0On l\u2019annoncera cet \u00e9t\u00e9\u00a0\u00bb, r\u00e9pond le groupe M6 &#8211; qui, donne ainsi, en creux, une id\u00e9e de la d\u00e9cision qui a \u00e9t\u00e9 prise.<\/p>\n<p>Pour Guillaume Charles, l\u2019arriv\u00e9e de Cyril Hanouna sur W9 sera \u00ab\u00a0un game changer\u00a0\u00bb en mati\u00e8re d&rsquo;audiences. Des prime time pourraient lui \u00eatre confi\u00e9s sur cette cha\u00eene, mais pas sur M6.<\/p>\n<p>\u00ab\u00a0Des recrutements cool\u00a0\u00bb<\/p>\n<p>L\u2019ex-animateur de \u00ab\u00a0<a href=\"https:\/\/www.20minutes.fr\/arts-stars\/television\/tpmp\/\" class=\"color-ultramarine c-link\" target=\"_blank\" rel=\"noopener\">Touche pas \u00e0 mon poste<\/a>\u00a0\u00bb est cependant attendu au tournant en interne o\u00f9 <a href=\"https:\/\/www.20minutes.fr\/arts-stars\/television\/4136078-20250129-m6-consternation-inquietude-face-potentielle-arrivee-cyril-hanouna\" class=\"color-ultramarine c-link\" target=\"_blank\" rel=\"noopener\">sa venue ne cesse de crisper<\/a>. Contrairement au d\u00e9bauchage d\u2019Olivier Minne et <a href=\"https:\/\/www.20minutes.fr\/dossier\/anne-sophie-lapix\" class=\"color-ultramarine c-link\" target=\"_blank\" rel=\"noopener\">Anne-Sophie Lapix<\/a>, qui s\u2019appr\u00eatent \u00e0 faire leurs cartons \u00e0 <a href=\"https:\/\/www.20minutes.fr\/television\/france_televisions\/\" class=\"color-ultramarine c-link\" target=\"_blank\" rel=\"noopener\">France T\u00e9l\u00e9visions<\/a> et sont attendus avec impatience. \u00ab\u00a0Ce sont des recrutements cool, des figures populaires, identifi\u00e9es du grand public, avec des qualit\u00e9s professionnelles reconnues. Cela permet de noyer l\u2019arriv\u00e9e de Cyril Hanouna\u00a0\u00bb, confiait un journaliste de la r\u00e9daction de M6 il y a quelques jours.<\/p>\n<p>L\u2019arriv\u00e9e d\u2019Anne-Sophie Lapix, b\u00e9n\u00e9ficiant d\u2019une r\u00e9putation de pugnacit\u00e9 et d\u2019absence de complaisance envers les politiques, n\u2019est-elle pas un bon moyen de contrebalancer l\u2019arriv\u00e9e du clivant Cyril Hanouna qui avait pris l\u2019habitude d\u2019embraser les controverses sur <a href=\"https:\/\/www.20minutes.fr\/television\/c8\/\" class=\"color-ultramarine c-link\" target=\"_blank\" rel=\"noopener\">C8<\/a>\u00a0? \u00ab\u00a0Non, elle n\u2019a pas \u00e9t\u00e9 recrut\u00e9e pour \u00e7a, se d\u00e9fend Guillaume Charles. Regardez l\u2019int\u00e9gralit\u00e9 des visages du groupe\u00a0: vous avez \u00e9norm\u00e9ment de sensibilit\u00e9, de visages, d\u2019approches diff\u00e9rentes. On se singularise par la diversit\u00e9 de tous les profils.\u00a0\u00bb<\/p>\n<p>La <a href=\"https:\/\/www.20minutes.fr\/arts-stars\/medias\/4159346-20250619-20-heures-france-2-depart-lapix-arrivee-salame-retour-feuilleton-mercato-tele\" class=\"color-ultramarine c-link\" target=\"_blank\" rel=\"noopener\">future ex-pr\u00e9sentatrice du \u00ab\u00a020 Heures\u00a0\u00bb<\/a> de <a href=\"https:\/\/www.20minutes.fr\/television\/france_2\/\" class=\"color-ultramarine c-link\" target=\"_blank\" rel=\"noopener\">France 2<\/a> sera chaque dimanche, \u00e0 partir de la rentr\u00e9e, aux commandes d\u2019un entretien avec \u00ab\u00a0une personnalit\u00e9 qui fait l\u2019actu\u00a0\u00bb. La case horaire est \u00ab\u00a0encore en discussion\u00a0\u00bb mais ce sera \u00ab\u00a0autour du JT, soit avant, soit apr\u00e8s\u00a0\u00bb, r\u00e9v\u00e8le Guillaume Charles qui loue \u00ab\u00a0son talent d\u2019intervieweuse\u00a0\u00bb.<\/p>\n<p>M6 compte aussi sur Anne-Sophie Lapix pour les \u00e9ch\u00e9ances \u00e9lectorales \u00e0 venir. \u00ab\u00a0On constate que le public jeune est int\u00e9ress\u00e9 par la politique. On va se mettre en ordre de bataille avec les visages de l\u2019antenne et la r\u00e9daction pour couvrir les \u00e9lections de mani\u00e8re diff\u00e9rente\u00a0\u00bb, pr\u00e9vient le directeur des antennes.<\/p>\n<p>\u00ab\u00a0Un mercato r\u00e9ussi consiste d\u00e9j\u00e0 \u00e0 garder ses troupes\u00a0\u00bb<\/p>\n<p>Une chose est s\u00fbre, le groupe M6, dont le co\u00fbt de la grille pour la saison \u00e0 venir, toutes cha\u00eenes confondues, tourne autour de 500\u00a0millions d\u2019euros, est le personnage principal du mercato t\u00e9l\u00e9 cette ann\u00e9e. \u00ab\u00a0Un mercato r\u00e9ussi, consiste d\u00e9j\u00e0 \u00e0 garder ses troupes\u00a0\u00bb, avance Guillaume Charles, rappelant sans les nommer que des t\u00eates de gondoles telles que <a href=\"https:\/\/www.20minutes.fr\/dossier\/karine_le_marchand\" class=\"color-ultramarine c-link\" target=\"_blank\" rel=\"noopener\">Karine Le\u00a0Marchand<\/a> ou Eric Antoine ne sont pas all\u00e9es voir ailleurs si l\u2019herbe \u00e9tait plus verte.<\/p>\n<p><a href=\"https:\/\/www.20minutes.fr\/arts-stars\/television\/\" class=\"c-link c-btn c-btn--primary\" target=\"_blank\" rel=\"noopener\">Nos articles sur la t\u00e9l\u00e9vision<\/a><\/p>\n<p>En revanche, <a href=\"https:\/\/www.20minutes.fr\/dossier\/stephane_plaza\" class=\"color-ultramarine c-link\" target=\"_blank\" rel=\"noopener\">St\u00e9phane Plaza<\/a>, qui, il y a encore quelques mois, demeurait l\u2019homme fort des audiences de la sixi\u00e8me cha\u00eene, ne fait plus partie des meubles. Il a \u00e9t\u00e9 \u00e9cart\u00e9 de l\u2019antenne apr\u00e8s avoir \u00e9t\u00e9 condamn\u00e9 pour violences conjugales le 18\u00a0f\u00e9vrier. \u00ab\u00a0Son retour \u00e0 court terme n\u2019est pas pr\u00e9vu\u00a0\u00bb, confirme le groupe M6.<\/p>\n","protected":false},"excerpt":{"rendered":"Il est finalement apparu \u00e0 l\u2019\u00e9cran en Rambo de Rambouillet. Il aura fallu attendre la toute fin de&hellip;\n","protected":false},"author":2,"featured_media":198955,"comment_status":"","ping_status":"","sticky":false,"template":"","format":"standard","meta":{"footnotes":""},"categories":[2],"tags":[11,21313,1083,58,1011,27,5413,494,500,32644,12,25,252,2395],"class_list":{"0":"post-198954","1":"post","2":"type-post","3":"status-publish","4":"format-standard","5":"has-post-thumbnail","7":"category-actualites","8":"tag-actualites","9":"tag-anne-sophie-lapix","10":"tag-cyril-hanouna","11":"tag-divertissement","12":"tag-fr","13":"tag-france","14":"tag-karine-le-marchand","15":"tag-m6","16":"tag-medias","17":"tag-mercato-tele","18":"tag-news","19":"tag-republique-francaise","20":"tag-television","21":"tag-w9"},"share_on_mastodon":{"url":"https:\/\/pubeurope.com\/@fr\/114734381379584952","error":""},"_links":{"self":[{"href":"https:\/\/www.europesays.com\/fr\/wp-json\/wp\/v2\/posts\/198954","targetHints":{"allow":["GET"]}}],"collection":[{"href":"https:\/\/www.europesays.com\/fr\/wp-json\/wp\/v2\/posts"}],"about":[{"href":"https:\/\/www.europesays.com\/fr\/wp-json\/wp\/v2\/types\/post"}],"author":[{"embeddable":true,"href":"https:\/\/www.europesays.com\/fr\/wp-json\/wp\/v2\/users\/2"}],"replies":[{"embeddable":true,"href":"https:\/\/www.europesays.com\/fr\/wp-json\/wp\/v2\/comments?post=198954"}],"version-history":[{"count":0,"href":"https:\/\/www.europesays.com\/fr\/wp-json\/wp\/v2\/posts\/198954\/revisions"}],"wp:featuredmedia":[{"embeddable":true,"href":"https:\/\/www.europesays.com\/fr\/wp-json\/wp\/v2\/media\/198955"}],"wp:attachment":[{"href":"https:\/\/www.europesays.com\/fr\/wp-json\/wp\/v2\/media?parent=198954"}],"wp:term":[{"taxonomy":"category","embeddable":true,"href":"https:\/\/www.europesays.com\/fr\/wp-json\/wp\/v2\/categories?post=198954"},{"taxonomy":"post_tag","embeddable":true,"href":"https:\/\/www.europesays.com\/fr\/wp-json\/wp\/v2\/tags?post=198954"}],"curies":[{"name":"wp","href":"https:\/\/api.w.org\/{rel}","templated":true}]}}