{"id":198963,"date":"2025-06-23T19:45:10","date_gmt":"2025-06-23T19:45:10","guid":{"rendered":"https:\/\/www.europesays.com\/fr\/198963\/"},"modified":"2025-06-23T19:45:10","modified_gmt":"2025-06-23T19:45:10","slug":"les-arbitres-de-la-finale-ubb-toulouse-connus","status":"publish","type":"post","link":"https:\/\/www.europesays.com\/fr\/198963\/","title":{"rendered":"les arbitres de la finale UBB-Toulouse connus"},"content":{"rendered":"<p>Comme pr\u00e9vu, Pierre Brousset sera au sifflet samedi prochain au Stade de France.<\/p>\n<p class=\"fig-paragraph\">L\u2019arbitre de\u00a0<a href=\"http:\/\/www.lefigaro.fr\/sports\/rugby\/top-14\/toulouse-ubb-episode-2-l-heure-de-la-revanche-20250622\" data-fig-type=\"Article\" data-gtm-custom-categorie=\"navigation\" data-gtm-custom-action=\"crossclick\" data-gtm-custom-label=\"Contextuel\" data-gtm-event=\"customEventSPE\" data-fig-domain=\"LEFIGARO\" target=\"_blank\" rel=\"noopener\">la finale explosive\u00a0<\/a>entre le Stade Toulousain et l\u2019Union Bordeaux-B\u00e8gles,\u00a0<a href=\"http:\/\/www.lefigaro.fr\/sports\/rugby\/top-14\/toulouse-ubb-a-quelle-heure-et-sur-quelle-chaine-regarder-la-finale-du-top-14-20250623\" data-fig-type=\"NewsFlash\" data-gtm-custom-categorie=\"navigation\" data-gtm-custom-action=\"crossclick\" data-gtm-custom-label=\"Contextuel\" data-gtm-event=\"customEventSPE\" data-fig-domain=\"LEFIGARO\" target=\"_blank\" rel=\"noopener\">samedi soir au Stade de France,<\/a>\u00a0sera Pierre Brousset (36 ans). Le premier dans la hi\u00e9rarchie des hommes en noir fran\u00e7ais et l\u2019un des meilleurs au monde.<\/p>\n<p class=\"fig-paragraph\">Le natif de Rieumes, petite ville de la couronne\u2026 toulousaine, a ainsi arbitr\u00e9 Angleterre-\u00c9cosse lors du dernier Tournoi des six nations ou la r\u00e9cente demi-finale de Champions Cup entre Northampton et le Leinster.<\/p>\n<p>Luc Ramos et Ludovic Cayre en arbitres de touche<\/p>\n<p class=\"fig-paragraph\">Pour l\u2019assister, il sera accompagn\u00e9 de Luc Ramos et Ludovic Cayre, tous deux arbitres centraux lors des demi-finales du week-end dernier. \u00c9ric Gauzins sera, lui, en charge de l\u2019arbitrage vid\u00e9o.<\/p>\n","protected":false},"excerpt":{"rendered":"Comme pr\u00e9vu, Pierre Brousset sera au sifflet samedi prochain au Stade de France. L\u2019arbitre de\u00a0la finale explosive\u00a0entre le&hellip;\n","protected":false},"author":2,"featured_media":198964,"comment_status":"","ping_status":"","sticky":false,"template":"","format":"standard","meta":{"footnotes":""},"categories":[1416],"tags":[525,4590,1981,2313,814,1011,27,955,4589,2311,1980,479,1468,2259,60,14478,476,478,2310,2312,4364],"class_list":{"0":"post-198963","1":"post","2":"type-post","3":"status-publish","4":"format-standard","5":"has-post-thumbnail","7":"category-rugby","8":"tag-calendrier","9":"tag-championnat-france","10":"tag-classement","11":"tag-clermont","12":"tag-direct","13":"tag-fr","14":"tag-france","15":"tag-match","16":"tag-phase-finale","17":"tag-racing","18":"tag-resultats","19":"tag-rugby","20":"tag-rugby-football","21":"tag-score","22":"tag-sports","23":"tag-stade-de-france","24":"tag-stade-toulousain","25":"tag-top-14","26":"tag-toulon","27":"tag-toulouse","28":"tag-ubb"},"share_on_mastodon":{"url":"https:\/\/pubeurope.com\/@fr\/114734401119513252","error":""},"_links":{"self":[{"href":"https:\/\/www.europesays.com\/fr\/wp-json\/wp\/v2\/posts\/198963","targetHints":{"allow":["GET"]}}],"collection":[{"href":"https:\/\/www.europesays.com\/fr\/wp-json\/wp\/v2\/posts"}],"about":[{"href":"https:\/\/www.europesays.com\/fr\/wp-json\/wp\/v2\/types\/post"}],"author":[{"embeddable":true,"href":"https:\/\/www.europesays.com\/fr\/wp-json\/wp\/v2\/users\/2"}],"replies":[{"embeddable":true,"href":"https:\/\/www.europesays.com\/fr\/wp-json\/wp\/v2\/comments?post=198963"}],"version-history":[{"count":0,"href":"https:\/\/www.europesays.com\/fr\/wp-json\/wp\/v2\/posts\/198963\/revisions"}],"wp:featuredmedia":[{"embeddable":true,"href":"https:\/\/www.europesays.com\/fr\/wp-json\/wp\/v2\/media\/198964"}],"wp:attachment":[{"href":"https:\/\/www.europesays.com\/fr\/wp-json\/wp\/v2\/media?parent=198963"}],"wp:term":[{"taxonomy":"category","embeddable":true,"href":"https:\/\/www.europesays.com\/fr\/wp-json\/wp\/v2\/categories?post=198963"},{"taxonomy":"post_tag","embeddable":true,"href":"https:\/\/www.europesays.com\/fr\/wp-json\/wp\/v2\/tags?post=198963"}],"curies":[{"name":"wp","href":"https:\/\/api.w.org\/{rel}","templated":true}]}}