{"id":198966,"date":"2025-06-23T19:48:09","date_gmt":"2025-06-23T19:48:09","guid":{"rendered":"https:\/\/www.europesays.com\/fr\/198966\/"},"modified":"2025-06-23T19:48:09","modified_gmt":"2025-06-23T19:48:09","slug":"lequipe-vr46-racing-celebre-un-podium-special-avec-une-livree-dediee-a-cesare-cremonini","status":"publish","type":"post","link":"https:\/\/www.europesays.com\/fr\/198966\/","title":{"rendered":"L&rsquo;\u00e9quipe VR46 Racing c\u00e9l\u00e8bre un podium sp\u00e9cial avec une livr\u00e9e d\u00e9di\u00e9e \u00e0 Cesare Cremonini."},"content":{"rendered":"<p>L\u2019\u00e9quipe Pertamina Enduro VR46 Racing a v\u00e9cu un week-end de r\u00eave \u00e0 Mugello, couronn\u00e9 par un podium qui avait une signification particuli\u00e8re en raison de la livr\u00e9e comm\u00e9morative utilis\u00e9e par l\u2019\u00e9quipe.<\/p>\n<p>Pablo Nieto, le Team Manager de la structure, n\u2019a pas cach\u00e9 sa joie face aux r\u00e9sultats obtenus : \u2018C\u2019\u00e9tait un week-end merveilleux ! La livr\u00e9e sp\u00e9ciale Cesare Cremonini, le d\u00e9voilement \u00e0 Bologne et le podium en course nous rendent tr\u00e8s heureux\u2019. Le manager a attribu\u00e9 une partie du succ\u00e8s \u00e0 l\u2019atmosph\u00e8re sp\u00e9ciale cr\u00e9\u00e9e \u00e0 Mugello : \u2018Il a quelque chose de sp\u00e9cial qu\u2019il nous a apport\u00e9 \u00e0 Mugello et gr\u00e2ce \u00e0 cet amour, comme il dit, nous avons atteint le podium\u2019.<\/p>\n<p>Fabio Di Giannantonio a \u00e9t\u00e9 l\u2019objet d\u2019une satisfaction particuli\u00e8re pour Nieto : \u2018Je suis tr\u00e8s heureux pour Diggia, car ses derni\u00e8res courses ont \u00e9t\u00e9 difficiles. \u00catre de retour sur le podium est toujours positif et je pense que nous avons trouv\u00e9 un bon compromis\u2019. La confiance dans la comp\u00e9titivit\u00e9 de l\u2019\u00e9quipe pour le reste de la saison est \u00e9vidente : \u2018Si nous sommes forts ici, nous serons comp\u00e9titifs sur toutes les autres pistes\u2019.<\/p>\n<p>Franco Morbidelli a \u00e9galement re\u00e7u des \u00e9loges malgr\u00e9 la p\u00e9nalit\u00e9 subie : \u2018C\u2019est dommage pour la p\u00e9nalit\u00e9 de Franco, mais je suis tr\u00e8s heureux de son travail\u2019. Nieto a conclu en soulignant la qualit\u00e9 de la remont\u00e9e de l\u2019italien : \u2018\u00catre en sixi\u00e8me position apr\u00e8s deux longs tours est un excellent r\u00e9sultat\u2019.<\/p>\n","protected":false},"excerpt":{"rendered":"L\u2019\u00e9quipe Pertamina Enduro VR46 Racing a v\u00e9cu un week-end de r\u00eave \u00e0 Mugello, couronn\u00e9 par un podium qui&hellip;\n","protected":false},"author":2,"featured_media":198967,"comment_status":"","ping_status":"","sticky":false,"template":"","format":"standard","meta":{"footnotes":""},"categories":[1413],"tags":[1011,27,1457,1456,1458,33862,60],"class_list":{"0":"post-198966","1":"post","2":"type-post","3":"status-publish","4":"format-standard","5":"has-post-thumbnail","7":"category-moto","8":"tag-fr","9":"tag-france","10":"tag-moto","11":"tag-motocycle","12":"tag-motogp","13":"tag-pablo-nieto","14":"tag-sports"},"share_on_mastodon":{"url":"https:\/\/pubeurope.com\/@fr\/114734412830565061","error":""},"_links":{"self":[{"href":"https:\/\/www.europesays.com\/fr\/wp-json\/wp\/v2\/posts\/198966","targetHints":{"allow":["GET"]}}],"collection":[{"href":"https:\/\/www.europesays.com\/fr\/wp-json\/wp\/v2\/posts"}],"about":[{"href":"https:\/\/www.europesays.com\/fr\/wp-json\/wp\/v2\/types\/post"}],"author":[{"embeddable":true,"href":"https:\/\/www.europesays.com\/fr\/wp-json\/wp\/v2\/users\/2"}],"replies":[{"embeddable":true,"href":"https:\/\/www.europesays.com\/fr\/wp-json\/wp\/v2\/comments?post=198966"}],"version-history":[{"count":0,"href":"https:\/\/www.europesays.com\/fr\/wp-json\/wp\/v2\/posts\/198966\/revisions"}],"wp:featuredmedia":[{"embeddable":true,"href":"https:\/\/www.europesays.com\/fr\/wp-json\/wp\/v2\/media\/198967"}],"wp:attachment":[{"href":"https:\/\/www.europesays.com\/fr\/wp-json\/wp\/v2\/media?parent=198966"}],"wp:term":[{"taxonomy":"category","embeddable":true,"href":"https:\/\/www.europesays.com\/fr\/wp-json\/wp\/v2\/categories?post=198966"},{"taxonomy":"post_tag","embeddable":true,"href":"https:\/\/www.europesays.com\/fr\/wp-json\/wp\/v2\/tags?post=198966"}],"curies":[{"name":"wp","href":"https:\/\/api.w.org\/{rel}","templated":true}]}}