{"id":198968,"date":"2025-06-23T19:49:09","date_gmt":"2025-06-23T19:49:09","guid":{"rendered":"https:\/\/www.europesays.com\/fr\/198968\/"},"modified":"2025-06-23T19:49:09","modified_gmt":"2025-06-23T19:49:09","slug":"le-havre-sur-le-point-detre-rachete-par-un-fonds-dinvestissement-americain","status":"publish","type":"post","link":"https:\/\/www.europesays.com\/fr\/198968\/","title":{"rendered":"Le Havre sur le point d\u2019\u00eatre rachet\u00e9 par un fonds d\u2019investissement am\u00e9ricain"},"content":{"rendered":"<p>Selon les informations de RMC, le fonds d\u2019investissement Blue Crow est proche de devenir propri\u00e9taire du Havre AC, au point que ses repr\u00e9sentants am\u00e9ricains devraient \u00eatre pr\u00e9sents au passage de la DNCG des Normands demain.<\/p>\n<p class=\"fig-paragraph\"><a href=\"http:\/\/www.lefigaro.fr\/sports\/football\/ligue-1\/ligue-1-un-joueur-du-havre-a-aussi-dissimule-le-logo-de-la-lutte-contre-l-homophobie-20250519\" data-fig-type=\"NewsFlash\" data-gtm-custom-categorie=\"navigation\" data-gtm-custom-action=\"crossclick\" data-gtm-custom-label=\"Contextuel\" data-gtm-event=\"customEventSPE\" data-fig-domain=\"LEFIGARO\" target=\"_blank\" rel=\"noopener\">Le Havre<\/a>\u00a0devrait prochainement changer de cap. RMC assure que le fonds d\u2019investissement am\u00e9ricain Blue Crow est en passe de racheter le HAC. Ce groupe est d\u00e9j\u00e0 propri\u00e9taire de Legan\u00e9s (Espagne) et du MFK Vy\u0161kov (R\u00e9publique tch\u00e8que) en Europe. Il poss\u00e8de m\u00eame un club \u00e0 Duba\u00ef et \u00e0 Canc\u00fan.<\/p>\n<p>Les acheteurs pr\u00e9sents au passage DNCG du Havre mardi<\/p>\n<p class=\"fig-paragraph\">Paris-Normandie assure que des repr\u00e9sentants de ce fonds am\u00e9ricain seront pr\u00e9sents lors du passage DNCG (gendarme financier du football) des Havrais, comme pour acter leur prise de fonction aupr\u00e8s de l\u2019instance.<\/p>\n<p class=\"fig-paragraph\">Le Havre a termin\u00e9 15e de la saison 2024-2025 de Ligue 1. Une panenka sur p\u00e9nalty d\u2019Abdoulaye Doucour\u00e9 \u00e0 la 99e minute face \u00e0 Strasbourg a permis aux Normandes de doubler Reims sur le fil et d\u2019assurer leur place dans l\u2019\u00e9lite sans passer par les barrages.<\/p>\n<p>    <a href=\"https:\/\/photo.lefigaro.fr\/sports\/football\/transferts\/neymar-mbappe-wirtz-en-images-les-10-plus-gros-transferts-de-l-histoire-20250613\" target=\"_blank\" rel=\"noopener\"><\/p>\n<p class=\"fig-slideshow__title\">\n                    Neymar, Mbapp\u00e9, Wirtz&#8230; En images, les 10 plus gros transferts de l\u2019histoire\n                <\/p>\n<p>Acc\u00e9der au diaporama (10)<\/p>\n<p>    <\/a><\/p>\n","protected":false},"excerpt":{"rendered":"Selon les informations de RMC, le fonds d\u2019investissement Blue Crow est proche de devenir propri\u00e9taire du Havre AC,&hellip;\n","protected":false},"author":2,"featured_media":198969,"comment_status":"","ping_status":"","sticky":false,"template":"","format":"standard","meta":{"footnotes":""},"categories":[1412],"tags":[454,69,448,83,451,64,450,449,1451,33863,1452,1453,1454,1455,1011,27,452,4447,453,66,446,447,70,8847,60,455],"class_list":{"0":"post-198968","1":"post","2":"type-post","3":"status-publish","4":"format-standard","5":"has-post-thumbnail","7":"category-f1","8":"tag-ballon-dor","9":"tag-bundesliga","10":"tag-champions-league","11":"tag-coupe-de-france","12":"tag-coupe-du-monde","13":"tag-equipe-de-france","14":"tag-euro","15":"tag-europa-league","16":"tag-f1","17":"tag-fonds-dinvestissement","18":"tag-formula-1","19":"tag-formula1","20":"tag-formule-1","21":"tag-formule1","22":"tag-fr","23":"tag-france","24":"tag-italie","25":"tag-le-havre-ac","26":"tag-liga","27":"tag-ligue-1","28":"tag-ligue-2","29":"tag-ligue-des-champions","30":"tag-premier-league","31":"tag-rachat","32":"tag-sports","33":"tag-uefa"},"share_on_mastodon":{"url":"https:\/\/pubeurope.com\/@fr\/114734416757729238","error":""},"_links":{"self":[{"href":"https:\/\/www.europesays.com\/fr\/wp-json\/wp\/v2\/posts\/198968","targetHints":{"allow":["GET"]}}],"collection":[{"href":"https:\/\/www.europesays.com\/fr\/wp-json\/wp\/v2\/posts"}],"about":[{"href":"https:\/\/www.europesays.com\/fr\/wp-json\/wp\/v2\/types\/post"}],"author":[{"embeddable":true,"href":"https:\/\/www.europesays.com\/fr\/wp-json\/wp\/v2\/users\/2"}],"replies":[{"embeddable":true,"href":"https:\/\/www.europesays.com\/fr\/wp-json\/wp\/v2\/comments?post=198968"}],"version-history":[{"count":0,"href":"https:\/\/www.europesays.com\/fr\/wp-json\/wp\/v2\/posts\/198968\/revisions"}],"wp:featuredmedia":[{"embeddable":true,"href":"https:\/\/www.europesays.com\/fr\/wp-json\/wp\/v2\/media\/198969"}],"wp:attachment":[{"href":"https:\/\/www.europesays.com\/fr\/wp-json\/wp\/v2\/media?parent=198968"}],"wp:term":[{"taxonomy":"category","embeddable":true,"href":"https:\/\/www.europesays.com\/fr\/wp-json\/wp\/v2\/categories?post=198968"},{"taxonomy":"post_tag","embeddable":true,"href":"https:\/\/www.europesays.com\/fr\/wp-json\/wp\/v2\/tags?post=198968"}],"curies":[{"name":"wp","href":"https:\/\/api.w.org\/{rel}","templated":true}]}}