{"id":198972,"date":"2025-06-23T19:51:19","date_gmt":"2025-06-23T19:51:19","guid":{"rendered":"https:\/\/www.europesays.com\/fr\/198972\/"},"modified":"2025-06-23T19:51:19","modified_gmt":"2025-06-23T19:51:19","slug":"girondins-plan-de-continuation-cession-ou-liquidation-les-scenarios-possibles","status":"publish","type":"post","link":"https:\/\/www.europesays.com\/fr\/198972\/","title":{"rendered":"Girondins : plan de continuation, cession ou liquidation ? Les sc\u00e9narios possibles"},"content":{"rendered":"<p><img decoding=\"async\" src=\"https:\/\/www.europesays.com\/fr\/wp-content\/uploads\/2025\/06\/671_0304a70ac9a021b302c2b19ab3808888.jpg\" alt=\"Girondins : plan de continuation, cession ou liquidation ? Les sc\u00e9narios possibles\" class=\"img-responsive mt-3\"\/><\/p>\n<p class=\"text-center mb-3\" style=\"font-size: 14px\">\u00a9 Iconsport<\/p>\n<p><strong>Un verdict qui influencera la DNCG<\/strong><\/p>\n<p style=\"text-align: justify;\">Si le plan est valid\u00e9 par les juges, la DNCG pourrait autoriser les Girondins \u00e0 repartir en National 2, avec possiblement un encadrement de la masse salariale ou un sursis \u00e0 statuer. La dette de 26 millions d\u2019euros serait alors rembours\u00e9e sur dix ans, sous la surveillance d\u2019un commissaire \u00e0 l\u2019ex\u00e9cution. Mais des appels restent possibles de la part des cr\u00e9anciers. La FIFA pourrait aussi s\u2019emparer du dossier, ce qui pourrait entra\u00eener une interdiction de recrutement.<\/p>\n<p style=\"text-align: justify;\">En cas de refus du plan de continuation, trois options sont envisageables : une prolongation de la p\u00e9riode d\u2019observation, un plan de cession ou une liquidation judiciaire. Dans les deux derniers cas, le club serait rel\u00e9gu\u00e9 en R\u00e9gional. En effet, en cas de plan de cession, l\u2019article 234 de la FFF pr\u00e9voit une r\u00e9trogradation \u00e0 l\u2019\u00e9chelon r\u00e9gional, sauf d\u00e9rogation exceptionnelle.<\/p>\n<p style=\"text-align: justify;\">Si le tribunal refuse le plan de continuation, la d\u00e9cision de la DNCG ne pourra qu\u2019aller dans le sens d\u2019une issue d\u00e9favorable pour les Girondins.<\/p>\n<p><strong>Les engagements de G\u00e9rard Lopez<\/strong><\/p>\n<p style=\"text-align: justify;\">Le plan repose sur les engagements financiers de G\u00e9rard Lopez, li\u00e9s \u00e0 une remont\u00e9e en Ligue 1 ou en Ligue 2 dans les prochaines ann\u00e9es. <a href=\"https:\/\/www.lequipe.fr\/Football\/Article\/Maintien-en-national-2-cession-du-club-ou-liquidation-judiciaire-bordeaux-va-etre-fixe-sur-son-avenir-ce-mardi\/1572300\" target=\"_blank\" rel=\"noopener\">L\u2019\u00c9quipe pr\u00e9cise<\/a> qu\u2019il est pr\u00e9vu que G\u00e9rard Lopez verse 33 M\u20ac si Bordeaux remonte en Ligue 1 d\u2019ici 2030, 61 M\u20ac en cas de mont\u00e9e en Ligue 2 d\u2019ici 2032, et jusqu\u2019\u00e0 69 M\u20ac si le club reste au niveau National.<\/p>\n<p>\u00a0<\/p>\n<p>\u00c0 lire &gt;&gt;<strong><a href=\"https:\/\/www.webgirondins.com\/actualite-mercato-mercato-nathanael-bai-passe-des-girondins-a-saint-malo-129520\" target=\"_blank\" rel=\"noopener\"> Mercato : Nathana\u00ebl Bai passe des Girondins \u00e0 Saint-Malo<\/a><\/strong><\/p>\n<p>\u00a0<\/p>\n<p>Notre podcast court :<\/p>\n<p>\u00a0<\/p>\n<p>\u00a0<\/p>\n","protected":false},"excerpt":{"rendered":"\u00a9 Iconsport Un verdict qui influencera la DNCG Si le plan est valid\u00e9 par les juges, la DNCG&hellip;\n","protected":false},"author":2,"featured_media":198973,"comment_status":"","ping_status":"","sticky":false,"template":"","format":"standard","meta":{"footnotes":""},"categories":[1410],"tags":[3232,1997,10322,215,21464,4070,63,1011,27,8294,1987,16026,3687,13225,8295,9778,5355,33865,6088,33866,33864,60,5426,3693,376],"class_list":{"0":"post-198972","1":"post","2":"type-post","3":"status-publish","4":"format-standard","5":"has-post-thumbnail","7":"category-football","8":"tag-avenir","9":"tag-bordeaux","10":"tag-cession","11":"tag-commerce","12":"tag-continuation","13":"tag-deux","14":"tag-football","15":"tag-fr","16":"tag-france","17":"tag-gerard","18":"tag-girondins","19":"tag-joue","20":"tag-juin","21":"tag-liquidation","22":"tag-lopez","23":"tag-mardi","24":"tag-plan","25":"tag-possibles","26":"tag-propose","27":"tag-rendra","28":"tag-scenarios","29":"tag-sports","30":"tag-temps","31":"tag-tribunal","32":"tag-verdict"},"share_on_mastodon":{"url":"https:\/\/pubeurope.com\/@fr\/114734424731678804","error":""},"_links":{"self":[{"href":"https:\/\/www.europesays.com\/fr\/wp-json\/wp\/v2\/posts\/198972","targetHints":{"allow":["GET"]}}],"collection":[{"href":"https:\/\/www.europesays.com\/fr\/wp-json\/wp\/v2\/posts"}],"about":[{"href":"https:\/\/www.europesays.com\/fr\/wp-json\/wp\/v2\/types\/post"}],"author":[{"embeddable":true,"href":"https:\/\/www.europesays.com\/fr\/wp-json\/wp\/v2\/users\/2"}],"replies":[{"embeddable":true,"href":"https:\/\/www.europesays.com\/fr\/wp-json\/wp\/v2\/comments?post=198972"}],"version-history":[{"count":0,"href":"https:\/\/www.europesays.com\/fr\/wp-json\/wp\/v2\/posts\/198972\/revisions"}],"wp:featuredmedia":[{"embeddable":true,"href":"https:\/\/www.europesays.com\/fr\/wp-json\/wp\/v2\/media\/198973"}],"wp:attachment":[{"href":"https:\/\/www.europesays.com\/fr\/wp-json\/wp\/v2\/media?parent=198972"}],"wp:term":[{"taxonomy":"category","embeddable":true,"href":"https:\/\/www.europesays.com\/fr\/wp-json\/wp\/v2\/categories?post=198972"},{"taxonomy":"post_tag","embeddable":true,"href":"https:\/\/www.europesays.com\/fr\/wp-json\/wp\/v2\/tags?post=198972"}],"curies":[{"name":"wp","href":"https:\/\/api.w.org\/{rel}","templated":true}]}}