{"id":198976,"date":"2025-06-23T19:53:15","date_gmt":"2025-06-23T19:53:15","guid":{"rendered":"https:\/\/www.europesays.com\/fr\/198976\/"},"modified":"2025-06-23T19:53:15","modified_gmt":"2025-06-23T19:53:15","slug":"une-villa-sensible-et-lumineuse-dans-le-sud-de-la-france","status":"publish","type":"post","link":"https:\/\/www.europesays.com\/fr\/198976\/","title":{"rendered":"Une villa sensible et lumineuse dans le sud de la France"},"content":{"rendered":"<p class=\"is-style-question\">Alessandro, qui \u00eates-vous et quel est votre parcours ?<\/p>\n<p class=\"is-style-default\">Je suis originaire de\u00a0<a href=\"https:\/\/www.milkdecoration.com\/voici-lexceptionnel-hotel-toscan-signe-alessandro-moriconi\/\" target=\"_blank\" rel=\"noopener\">Toscane<\/a>, o\u00f9 j\u2019ai v\u00e9cu jusqu\u2019\u00e0 mon d\u00e9part pour\u00a0Londres\u00a0afin d\u2019y poursuivre mes \u00e9tudes. Apr\u00e8s avoir \u00e9tudi\u00e9 au\u00a0Westminster College, j\u2019ai rejoint\u00a0Paris\u00a0pour me former \u00e0 la mode \u00e0\u00a0l\u2019\u00c9cole de la Chambre Syndicale de la Couture Parisienne. J\u2019ai ensuite travaill\u00e9 pour plusieurs maisons prestigieuses, dont\u00a0Chlo\u00e9, Nina Ricci, JW Anderson et <a href=\"https:\/\/www.milkdecoration.com\/tag\/lemaire\/\" target=\"_blank\" rel=\"noopener\">Lemaire<\/a>, avant de devenir\u00a0assistant directeur cr\u00e9atif pour Vogue Italia. J\u2019ai toujours eu une passion pour le\u00a0design vintage, mais celle-ci s\u2019est r\u00e9ellement affirm\u00e9e gr\u00e2ce \u00e0 une relation de\u00a0huit ans avec un architecte d\u2019int\u00e9rieur. En passant du temps \u00e0 ses c\u00f4t\u00e9s, j\u2019ai d\u00e9couvert et appris \u00e0 appr\u00e9cier cet univers, jusqu\u2019au moment o\u00f9, apr\u00e8s notre s\u00e9paration, nous avons commenc\u00e9 \u00e0\u00a0travailler ensemble. Aujourd\u2019hui, nous sommes\u00a0associ\u00e9s, et c\u2019est ainsi que mon parcours dans le design d\u2019int\u00e9rieur a pris tout son sens.<\/p>\n<p class=\"is-style-question\">Pour qui avez-vous r\u00e9alis\u00e9 ce projet ?<\/p>\n<p>Le projet a \u00e9t\u00e9 con\u00e7u pour un homme c\u00e9libataire dans la trentaine.<\/p>\n<p><img fetchpriority=\"high\" decoding=\"async\" width=\"1920\" height=\"1440\" src=\"https:\/\/www.europesays.com\/fr\/wp-content\/uploads\/2025\/06\/alessandro-livrable-jpg-ludovicbalay-projet-nice-10.jpg\" alt=\"\" class=\"wp-image-73879\"  \/><\/p>\n<p class=\"is-style-question\">Pourriez-vous d\u00e9crire l\u2019espace et votre intervention ici. Quelle est la superficie ? Avez-vous redistribu\u00e9 les pi\u00e8ces, retir\u00e9 des cloisons ?<\/p>\n<p>La villa de 200 m2 comprend un salon, une salle \u00e0 manger, une cuisine, une chambre principale avec salle de bain attenante, ainsi que deux chambres d\u2019amis, chacune dot\u00e9e de sa propre salle de bain. Durant la conception, le choix fondamental a \u00e9t\u00e9 de renforcer la connexion entre l\u2019int\u00e9rieur et l\u2019ext\u00e9rieur en int\u00e9grant de grandes baies vitr\u00e9es, pour permettre \u00e0 la lumi\u00e8re naturelle d\u2019inonder les espaces tout en encadrant des vues \u00e0 couper le souffle. Pour assurer une continuit\u00e9 visuelle, nous avons unifi\u00e9 la palette chromatique des sols int\u00e9rieurs et ext\u00e9rieurs, accentuant ainsi la fluidit\u00e9 entre les espaces. Notre objectif \u00e9tait de cr\u00e9er une maison qui d\u00e9gage une sensation de chaleur, obtenue gr\u00e2ce \u00e0 une s\u00e9lection soign\u00e9e de mat\u00e9riaux et de tonalit\u00e9s. La combinaison de teintes et de textures terreuses \u2014 sols en terrazzo bordeaux et vert, arcs en travertin gris \u2014 conf\u00e8re au projet une personnalit\u00e9 r\u00e9solument contemporaine. Nous avons reconfigur\u00e9 le plan g\u00e9n\u00e9ral de la villa, en introduisant strat\u00e9giquement de nouvelles ouvertures pour cr\u00e9er de nouveaux points focaux. Par exemple, une fen\u00eatre r\u00e9cemment ajout\u00e9e dans la salle \u00e0 manger offre d\u00e9sormais une vue spectaculaire sur la mer.<\/p>\n<p class=\"is-style-question\">Combien de temps ont dur\u00e9 les travaux ?<\/p>\n<p>Les travaux ont dur\u00e9 sept mois<\/p>\n<p class=\"is-style-question\">Avez-vous rencontr\u00e9 des difficult\u00e9s particuli\u00e8res lors de ce projet ?<\/p>\n<p>Comme dans tout projet, il y a eu quelques impr\u00e9vus et la coordination de plusieurs fournisseurs \u00e0 g\u00e9rer, ce qui fait naturellement partie du processus. Cela dit, nous n\u2019avons rencontr\u00e9 aucune difficult\u00e9 majeure ayant eu un r\u00e9el impact sur le calendrier du projet. L\u2019ensemble s\u2019est d\u00e9roul\u00e9 de mani\u00e8re fluide.<\/p>\n<p class=\"is-style-question\">Comment proc\u00e9dez-vous pour concevoir un projet. Quel \u00e9tait votre point de d\u00e9part et vos envies ?<\/p>\n<p>Mon processus cr\u00e9atif commence toujours par une rencontre, un lieu, ou les deux \u00e0 la fois. D\u00e8s le d\u00e9but, j\u2019ai besoin d\u2019analyser l\u2019ensemble des \u00e9l\u00e9ments et de commencer \u00e0 chercher des images de r\u00e9f\u00e9rence. \u00c0 partir de l\u00e0, je me raconte ma\u00a0dream story, une sorte de narration imaginaire qui me permet de donner une \u00e2me au projet. Ensuite, je la partage avec mes \u00e9qui\u00eas, qui parfois me regardent en se demandant ce qui a pu me passer par la t\u00eate ! Mais c\u2019est pr\u00e9cis\u00e9ment ce moment de partage qui lance la discussion et fait \u00e9voluer l\u2019histoire. \u00c0 partir de cette vision, mon \u00e9quipe effectue des recherches d\u2019images, de tissus et d\u2019inspirations pour construire un\u00a0moodboard, que nous pr\u00e9sentons au client accompagn\u00e9 des plans du projet. Travailler sur le plan est pour moi essentiel, car la r\u00e9ussite d\u2019un projet repose aussi sur la mani\u00e8re dont il est v\u00e9cu et sa circulation. Une fois les moodboards et la structure valid\u00e9s, je passe rapidement en\u00a03D\u00a0pour m\u2019immerger dans l\u2019espace et comprendre son fonctionnement. En parall\u00e8le, je collabore avec mon \u00e9quipe sur la recherche des tissus, du mobilier et des objets, qu\u2019ils soient vintage, faits sur mesure ou issus d\u2019\u00e9ditions sp\u00e9cifiques. C\u2019est \u00e0 ce moment-l\u00e0 que nous sommes le plus cr\u00e9atifs, explorant plusieurs pistes pour choisir la meilleure option. Nous nous lan\u00e7ons toujours des d\u00e9fis pour repousser nos limites et apporter une dynamique stimulante au projet. Et bien s\u00fbr, nous ne sommes jamais \u00e0 l\u2019abri d\u2019un\u00a0superbe\u00a0meuble vintage qui pourrait totalement\u00a0r\u00e9volutionner\u00a0l\u2019ensemble. Jusqu\u2019au dernier moment, le projet reste en constante \u00e9volution. Pour nous, un int\u00e9rieur n\u2019est vraiment termin\u00e9 que lorsqu\u2019il a \u00e9t\u00e9\u00a0photographi\u00e9\u00a0et immortalis\u00e9.<\/p>\n<p class=\"is-style-question\">Avez-vous dessin\u00e9 du mobilier ici ? Lequel ?<\/p>\n<p>Oui, plusieurs pi\u00e8ces de mobilier ont \u00e9t\u00e9 dessin\u00e9es sur-mesure pour ce projet, dans une volont\u00e9 d\u2019harmoniser chaque espace et de cr\u00e9er un dialogue fluide entre architecture et d\u00e9coration. Par exemple, le canap\u00e9 du salon a \u00e9t\u00e9 sp\u00e9cialement con\u00e7u dans un esprit n\u00e9oclassique, pens\u00e9 pour s\u2019accorder aux volumes et aux \u00e9l\u00e9ments vintage du lieu, comme la chemin\u00e9e d\u2019origine et le plafond \u00e0 caissons. Le mobilier sur-mesure joue un r\u00f4le central dans l\u2019identit\u00e9 du projet. La table en bois laqu\u00e9 bordeaux de la salle \u00e0 manger est une pi\u00e8ce dessin\u00e9e sp\u00e9cialement pour ce lieu ; elle dialogue avec le sol en terrazzo. Le bas-relief en c\u00e9ramique que nous avons con\u00e7u en collaboration avec Barbara Billoud. Ce travail commun a donn\u00e9 naissance \u00e0 une \u0153uvre unique qui capture le mouvement des vagues dans des tons bleu clair et beige, apportant une touche artisanale forte \u00e0 l\u2019espace. Dans la chambre principale, la t\u00eate de lit est \u00e9galement une cr\u00e9ation sur-mesure. R\u00e9alis\u00e9e en bois avec des panneaux en cuir tress\u00e9s, elle s\u2019inspire directement de la Villa K\u00e9rylos.\u00a0Nous avons aussi r\u00e9interpr\u00e9t\u00e9 des pi\u00e8ces existantes : les chaises de la salle \u00e0 manger, initialement issues de ma collection outdoor, ont \u00e9t\u00e9 adapt\u00e9es pour l\u2019int\u00e9rieur avec un tissu sur-mesure de chez Pierre Frey, renfor\u00e7ant le lien entre int\u00e9rieur et ext\u00e9rieur, qui est un fil conducteur dans tout le projet. Chaque cr\u00e9ation a \u00e9t\u00e9 pens\u00e9e comme une r\u00e9ponse \u00e0 la structure existante, avec une attention particuli\u00e8re port\u00e9e aux mat\u00e9riaux, aux proportions et \u00e0 l\u2019\u00e9quilibre visuel, afin de faire de cette villa un espace \u00e0 la fois coh\u00e9rent, vivant et profond\u00e9ment personnel.<\/p>\n<p class=\"is-style-question\">Le vintage semble d\u00e9tenir une place primordalie dans votre pratique. Est-ce n\u00e9cessaire pour vous de chiner du mobilier et de l\u2019art ?\u00a0<\/p>\n<p>Absolument, le vintage occupe une place centrale dans ma pratique. Une part importante du mobilier et des objets que nous s\u00e9lectionnons est constitu\u00e9e de pi\u00e8ces vintage, soulignant ainsi notre engagement en faveur de la durabilit\u00e9. Chiner fait pleinement partie du processus cr\u00e9atif \u2014 cela permet non seulement de donner une seconde vie \u00e0 des objets charg\u00e9s d\u2019histoire, mais aussi d\u2019apporter une authenticit\u00e9 et une singularit\u00e9 aux espaces que nous concevons. Ce choix nous pousse \u00e0 contrebalancer les \u00e9l\u00e9ments historiques par des mat\u00e9riaux architecturaux lisses et brillants, afin de cr\u00e9er un \u00e9quilibre subtil entre pass\u00e9 et pr\u00e9sent, entre sophistication et convivialit\u00e9. Gr\u00e2ce \u00e0 une planification spatiale minutieuse et une curation rigoureuse, chaque projet devient un lieu vivant o\u00f9 se rencontrent architecture, design et art, dans une harmonie pleinement assum\u00e9e.<\/p>\n<p class=\"is-style-question\">Quelles sont vos adresses pour chiner ?<\/p>\n<p>Pour trouver les pi\u00e8ces vintage de ce projet, j\u2019ai puis\u00e9 dans plusieurs sources que j\u2019affectionne particuli\u00e8rement. Certains \u00e9l\u00e9ments, comme les miroirs de la salle \u00e0 manger ou les lampes de l\u2019entr\u00e9e, ont \u00e9t\u00e9 chin\u00e9s aux Puces de Saint-Ouen, une adresse incontournable. D\u2019autres, comme les fauteuils du salon ou les lampes de Gio Ponti dans la chambre d\u2019amis, ont \u00e9t\u00e9 acquis lors de ventes aux ench\u00e8res en Italie, o\u00f9 je trouve souvent des pi\u00e8ces uniques. J\u2019ai \u00e9galement chin\u00e9 \u00e0 L\u2019Isle-sur-la-Sorgue, qui regorge de tr\u00e9sors, et compl\u00e9t\u00e9 la s\u00e9lection avec des pi\u00e8ces issues de galeries telles que Volumina, Maison C\u00e9dric ou encore la Galleria Harteria.<\/p>\n<p class=\"is-style-question\">Pourquoi avoir dessin\u00e9 ce drap\u00e9 dans une chambre, au-dessus du lit ? Quelle \u00e9tait votre volont\u00e9 ?<\/p>\n<p>La chambre principale est envelopp\u00e9e de textures douces, avec des rideaux mont\u00e9s au plafond \u00e9voquant les tentures d\u2019une cabane, et des murs enti\u00e8rement recouverts du m\u00eame tissu. La tapisserie principale agit comme une extension visuelle de la fen\u00eatre donnant sur la mer, tandis que la t\u00eate de lit encadr\u00e9e de bois et orn\u00e9e de panneaux tress\u00e9s s\u2019inspire de la Villa K\u00e9rylos, situ\u00e9e \u00e0 quelques kilom\u00e8tres de l\u00e0. Une moquette \u00e9paisse couleur beige renforce la sensation de flotter au-dessus des nuages, face \u00e0 une vue panoramique sur la mer.<\/p>\n<p class=\"is-style-question\">Comment est venue l\u2019id\u00e9e de ce coffrage sur le plafond dans le salon ?\u00a0<\/p>\n<p>L\u2019id\u00e9e de ce d\u00e9tail dans le salon est n\u00e9e du besoin de cr\u00e9er un plafond qui apporte une vraie identit\u00e9 \u00e0 la pi\u00e8ce. Ne pouvant pas int\u00e9grer de moulures classiques fran\u00e7aises, nous nous sommes inspir\u00e9s de certaines villas \u00e0 Los Angeles, o\u00f9 les plafonds structur\u00e9s sont tr\u00e8s pr\u00e9sents. Ce coffrage nous a permis d\u2019introduire une v\u00e9ritable dimension architecturale au salon, tout en affirmant le caract\u00e8re du lieu.<\/p>\n<p class=\"is-style-question\">Avez-vous ajout\u00e9 cette chemin\u00e9e ? Quelle est son histoire ?<\/p>\n<p>Oui, cette chemin\u00e9e a \u00e9t\u00e9 l\u2019un des tout premiers \u00e9l\u00e9ments que nous avons trouv\u00e9s pour le projet. Il s\u2019agit d\u2019une pi\u00e8ce en c\u00e9ramique d\u2019origine fran\u00e7aise. Nous n\u2019avons malheureusement pas beaucoup d\u2019informations pr\u00e9cises sur son histoire, mais elle m\u2019a imm\u00e9diatement attir\u00e9 par sa couleur et sa mat\u00e9rialit\u00e9, qui \u00e9voquent pour moi les vases gr\u00e9co-romains. Nous l\u2019avons plac\u00e9e au centre du salon, et sa pr\u00e9sence a fortement influenc\u00e9 la disposition du mobilier autour. C\u2019est une pi\u00e8ce tellement forte visuellement qu\u2019elle capte naturellement le regard et structure tout l\u2019espace. Elle est devenue le point de d\u00e9part de la narration int\u00e9rieure du salon.<\/p>\n<p class=\"is-style-question\">Quelles pierres avez-vous utilis\u00e9es sur le sol et pourquoi ?<\/p>\n<p>Nous avons choisi un m\u00e9lange de mat\u00e9riaux min\u00e9raux\u00a0 s\u00e9lectionn\u00e9s pour cr\u00e9er une continuit\u00e9 visuelle\u00a0 entre l\u2019int\u00e9rieur et l\u2019ext\u00e9rieur. \u00c0 l\u2019int\u00e9rieur, les sols sont en terrazzo dans des tonalit\u00e9s bordeaux et vert, apportant une texture organique et chaleureuse, tout en affirmant un caract\u00e8re contemporain fort. Ce choix chromatique dialogue avec les \u00e9l\u00e9ments architecturaux, comme les arches en travertin gris, qui structurent les espaces avec \u00e9l\u00e9gance. Dans la salle de bain principale, nous avons opt\u00e9 pour une esth\u00e9tique min\u00e9rale plus affirm\u00e9e, en utilisant de la pierre fran\u00e7aise classique : du beige et du noir de Bourgogne. Cette combinaison cr\u00e9e un contraste subtil entre la rudesse naturelle des surfaces et la sophistication d\u2019\u00e9l\u00e9ments d\u00e9coratifs tels que le miroir Art d\u00e9co et les accessoires en nickel.<\/p>\n<p class=\"is-style-question\">Avez-vous command\u00e9 des \u0153uvres d\u2019art pour ce projet ?<\/p>\n<p>Oui, pour ce projet nous nous sommes \u00e9galement occup\u00e9s de la direction artistique et de la s\u00e9lection des \u0153uvres. Certaines pi\u00e8ces ont \u00e9t\u00e9 sp\u00e9cifiquement con\u00e7ues pour le lieu, comme le bas-relief que nous avons dessin\u00e9 sur-mesure en collaboration avec la c\u00e9ramiste Barbara Billoud. C\u2019est une \u0153uvre centrale du projet, pens\u00e9e d\u00e8s les premi\u00e8res phases de conception. La tapisserie du salon, quant \u00e0 elle, a \u00e9t\u00e9 trouv\u00e9e en Italie lors d\u2019un voyage en Sicile, tandis que celle de la chambre est une pi\u00e8ce vintage soigneusement s\u00e9lectionn\u00e9e. Pour nous, l\u2019art dans un int\u00e9rieur doit toujours jouer un r\u00f4le de point focal : il ne s\u2019agit pas uniquement de d\u00e9coration, mais de narration. Les pi\u00e8ces majeures comme le bas-relief ou les tapisseries ont \u00e9t\u00e9 imagin\u00e9es tr\u00e8s t\u00f4t dans le processus de design. D\u2019autres \u00e9l\u00e9ments sont venus plus tard, choisis avec sensibilit\u00e9 selon l\u2019\u00e9volution du lieu, sans id\u00e9e pr\u00e9con\u00e7ue, mais toujours dans une logique de coh\u00e9rence po\u00e9tique avec l\u2019ensemble.<\/p>\n","protected":false},"excerpt":{"rendered":"Alessandro, qui \u00eates-vous et quel est votre parcours ? Je suis originaire de\u00a0Toscane, o\u00f9 j\u2019ai v\u00e9cu jusqu\u2019\u00e0 mon&hellip;\n","protected":false},"author":2,"featured_media":198977,"comment_status":"","ping_status":"","sticky":false,"template":"","format":"standard","meta":{"footnotes":""},"categories":[1358],"tags":[33867,1348,1384,1385,1386,58,59,1011,27,16978],"class_list":{"0":"post-198976","1":"post","2":"type-post","3":"status-publish","4":"format-standard","5":"has-post-thumbnail","7":"category-arts-et-design","8":"tag-alessandro-moriconi","9":"tag-arts","10":"tag-arts-and-design","11":"tag-arts-et-design","12":"tag-design","13":"tag-divertissement","14":"tag-entertainment","15":"tag-fr","16":"tag-france","17":"tag-interieur"},"share_on_mastodon":{"url":"https:\/\/pubeurope.com\/@fr\/114734432632600915","error":""},"_links":{"self":[{"href":"https:\/\/www.europesays.com\/fr\/wp-json\/wp\/v2\/posts\/198976","targetHints":{"allow":["GET"]}}],"collection":[{"href":"https:\/\/www.europesays.com\/fr\/wp-json\/wp\/v2\/posts"}],"about":[{"href":"https:\/\/www.europesays.com\/fr\/wp-json\/wp\/v2\/types\/post"}],"author":[{"embeddable":true,"href":"https:\/\/www.europesays.com\/fr\/wp-json\/wp\/v2\/users\/2"}],"replies":[{"embeddable":true,"href":"https:\/\/www.europesays.com\/fr\/wp-json\/wp\/v2\/comments?post=198976"}],"version-history":[{"count":0,"href":"https:\/\/www.europesays.com\/fr\/wp-json\/wp\/v2\/posts\/198976\/revisions"}],"wp:featuredmedia":[{"embeddable":true,"href":"https:\/\/www.europesays.com\/fr\/wp-json\/wp\/v2\/media\/198977"}],"wp:attachment":[{"href":"https:\/\/www.europesays.com\/fr\/wp-json\/wp\/v2\/media?parent=198976"}],"wp:term":[{"taxonomy":"category","embeddable":true,"href":"https:\/\/www.europesays.com\/fr\/wp-json\/wp\/v2\/categories?post=198976"},{"taxonomy":"post_tag","embeddable":true,"href":"https:\/\/www.europesays.com\/fr\/wp-json\/wp\/v2\/tags?post=198976"}],"curies":[{"name":"wp","href":"https:\/\/api.w.org\/{rel}","templated":true}]}}