{"id":19898,"date":"2025-04-12T13:51:21","date_gmt":"2025-04-12T13:51:21","guid":{"rendered":"https:\/\/www.europesays.com\/fr\/19898\/"},"modified":"2025-04-12T13:51:21","modified_gmt":"2025-04-12T13:51:21","slug":"pourquoi-lespagne-pourrait-enfin-detroner-la-france","status":"publish","type":"post","link":"https:\/\/www.europesays.com\/fr\/19898\/","title":{"rendered":"pourquoi l&rsquo;Espagne pourrait (enfin) d\u00e9tr\u00f4ner la France ?"},"content":{"rendered":"<p>\t\t\t\t\t Et sans surprise, alors que Ryanair a annonc\u00e9 avoir transport\u00e9  200 millions de passagers entre mars 2024 et mars 2025, les low cost sont particuli\u00e8rement pr\u00e9sentes dans le ciel espagnol. <\/p>\n<p><b>Imaginez que 68% des capacit\u00e9s de l&rsquo;Europe occidentale sont d\u00e9tenues par&#8230; les low cost. <\/b>&#13;\t\t\t\t\t <\/p>\n<p><b>Pour revenir \u00e0 l&rsquo;Espagne, Ryanair proposera 19,4 millions de si\u00e8ges pour l&rsquo;\u00e9t\u00e9, en hausse de 40% par rapport \u00e0 2019.  <\/b>&#13;\t\t\t\t\t <\/p>\n<p>Si la compagnie irlandaise arrive largement en t\u00eate en termes de part de march\u00e9, le groupe IAG est le leader, puisque ses deux entit\u00e9s (Vueling et Iberia) exploiteront 33 millions de si\u00e8ges.&#13;\t\t\t\t\t <\/p>\n<p>A noter qu&rsquo;easyJet arrive en 2e position des compagnies \u00e9trang\u00e8res, mais avec seulement 7 millions de si\u00e8ges. &#13;\t\t\t\t\t <\/p>\n<p><b>Autant d&rsquo;informations qui devraient remettre en question une fois de plus le classement des premi\u00e8res destinations touristiques au monde. La France aura des capacit\u00e9s autour de 70 millions de si\u00e8ges&#8230; pour 2025.<\/b>&#13;\t\t\t\t\t <\/p>\n<p>De quoi rejoindre la sortie de Didier Arino, sur TourMaG.&#13;\t\t\t\t\t <\/p>\n<p>\u00ab\u00a0La v\u00e9ritable premi\u00e8re destination touristique, c&rsquo;est l&rsquo;Espagne ! Les recettes sont la r\u00e9alit\u00e9 de la fr\u00e9quentation touristique. &#13;\t\t\t\t\t <\/p>\n<p>Ce chiffre des 100 millions d&rsquo;arriv\u00e9es internationales, c&rsquo;est n&rsquo;importe quoi. Nous parlons ici d&rsquo;arriv\u00e9es touristiques et non de visiteurs&#8230; Il faut arr\u00eater avec ces chiffres, ils sont faux ! &#13;\t\t\t\t\t <\/p>\n<p>Il y a bient\u00f4t plus de Belges en \u00e2ge de voyager qui se rendent en France qu&rsquo;en Belgique\u00a0\u00bb <a class=\"liens\" href=\"https:\/\/www.tourmag.com\/La-France-premiere-destination-mondiale-vraiment-%F0%9F%94%91_a122069.html\" target=\"_blank\" rel=\"noopener\">nous confiait<\/a> le directeur g\u00e9n\u00e9ral de Protourisme.&#13;\t\t\t\t\t <\/p>\n<p>Comme en football ces derni\u00e8res ann\u00e9es, l\u2019Espagne s\u2019impose de plus en plus comme la v\u00e9ritable championne&#8230; du tourisme.\n\t\t\t\t <\/p>\n","protected":false},"excerpt":{"rendered":"Et sans surprise, alors que Ryanair a annonc\u00e9 avoir transport\u00e9 200 millions de passagers entre mars 2024 et&hellip;\n","protected":false},"author":2,"featured_media":19899,"comment_status":"","ping_status":"","sticky":false,"template":"","format":"standard","meta":{"footnotes":""},"categories":[4],"tags":[11,7675,123,1011,27,12,7676,25],"class_list":{"0":"post-19898","1":"post","2":"type-post","3":"status-publish","4":"format-standard","5":"has-post-thumbnail","7":"category-france","8":"tag-actualites","9":"tag-aerien","10":"tag-espagne","11":"tag-fr","12":"tag-france","13":"tag-news","14":"tag-oag","15":"tag-republique-francaise"},"share_on_mastodon":{"url":"https:\/\/pubeurope.com\/@fr\/114325322640327743","error":""},"_links":{"self":[{"href":"https:\/\/www.europesays.com\/fr\/wp-json\/wp\/v2\/posts\/19898","targetHints":{"allow":["GET"]}}],"collection":[{"href":"https:\/\/www.europesays.com\/fr\/wp-json\/wp\/v2\/posts"}],"about":[{"href":"https:\/\/www.europesays.com\/fr\/wp-json\/wp\/v2\/types\/post"}],"author":[{"embeddable":true,"href":"https:\/\/www.europesays.com\/fr\/wp-json\/wp\/v2\/users\/2"}],"replies":[{"embeddable":true,"href":"https:\/\/www.europesays.com\/fr\/wp-json\/wp\/v2\/comments?post=19898"}],"version-history":[{"count":0,"href":"https:\/\/www.europesays.com\/fr\/wp-json\/wp\/v2\/posts\/19898\/revisions"}],"wp:featuredmedia":[{"embeddable":true,"href":"https:\/\/www.europesays.com\/fr\/wp-json\/wp\/v2\/media\/19899"}],"wp:attachment":[{"href":"https:\/\/www.europesays.com\/fr\/wp-json\/wp\/v2\/media?parent=19898"}],"wp:term":[{"taxonomy":"category","embeddable":true,"href":"https:\/\/www.europesays.com\/fr\/wp-json\/wp\/v2\/categories?post=19898"},{"taxonomy":"post_tag","embeddable":true,"href":"https:\/\/www.europesays.com\/fr\/wp-json\/wp\/v2\/tags?post=19898"}],"curies":[{"name":"wp","href":"https:\/\/api.w.org\/{rel}","templated":true}]}}