{"id":198986,"date":"2025-06-23T19:58:09","date_gmt":"2025-06-23T19:58:09","guid":{"rendered":"https:\/\/www.europesays.com\/fr\/198986\/"},"modified":"2025-06-23T19:58:09","modified_gmt":"2025-06-23T19:58:09","slug":"un-registre-national-du-cancer-enfin-vote-par-le-parlement","status":"publish","type":"post","link":"https:\/\/www.europesays.com\/fr\/198986\/","title":{"rendered":"Un registre national du cancer enfin vot\u00e9 par le Parlement"},"content":{"rendered":"<p>L\u2019Assembl\u00e9e nationale a adopt\u00e9 lundi la cr\u00e9ation d\u2019un registre de l\u2019ensemble des cas de cancers survenant en France, pour mieux en \u00e9tudier l\u2019\u00e9pid\u00e9miologie et les facteurs de risque, notamment environnementaux.<\/p>\n<p class=\"fig-paragraph\">\u00ab\u00a0Mieux pr\u00e9venir, mieux comprendre et mieux soigner\u00a0<a href=\"https:\/\/sante.lefigaro.fr\/sante\/maladie\/cancer-presentation-generale\/comment-apparait-cancer\" target=\"_blank\" data-fig-type=\"Keyword\" rel=\"noopener\" data-gtm-custom-categorie=\"navigation\" data-gtm-custom-action=\"crossclick\" data-gtm-custom-label=\"Contextuel\" data-gtm-event=\"customEventSPE\" data-fig-domain=\"SANTE\">le cancer<\/a> \u00a0\u00bb\u00a0: c\u2019est, selon le ministre de la Sant\u00e9 Yannick Neuder, l\u2019ambition du registre national des cancers dont la cr\u00e9ation a \u00e9t\u00e9 d\u00e9finitivement approuv\u00e9e par le parlement. L\u2019Assembl\u00e9e nationale a vot\u00e9 \u00e0 l\u2019unanimit\u00e9 lundi cette proposition de loi adopt\u00e9e au S\u00e9nat en juin 2023.<\/p>\n<p class=\"fig-paragraph\">Le registre national doit permettre de mieux comprendre les causes g\u00e9n\u00e9tiques et environnementales d&rsquo;apparition des cancers en France et leur r\u00e9partition g\u00e9ographique. Quelque 433\u00a0000 nouveaux cas ont \u00e9t\u00e9 diagnostiqu\u00e9s en 2023, et c\u2019est la premi\u00e8re cause de mortalit\u00e9 pr\u00e9matur\u00e9e avec 162\u00a0400 d\u00e9c\u00e8s en 2021. Il a aussi co\u00fbt\u00e9 22,6 milliards d&rsquo;euros de d\u00e9penses publiques en soins oncologiques en 2022, selon le registre europ\u00e9en des in\u00e9galit\u00e9s face au cancer. Alors que \u00ab\u00a0l\u2019incidence du cancer va augmenter de 80\u00a0% d\u2019ici 2050, avec le vieillissement de la population, ces pathologies canc\u00e9reuses vont \u00eatre un sujet de pr\u00e9occupation majeur\u00a0: il faut nous outiller davantage dans notre surveillance, notre observation et notre compr\u00e9hension de ce qu\u2019il se passe\u00a0\u00bb, a plaid\u00e9 aupr\u00e8s de l\u2019AFP Nicolas Scott\u00e9, directeur g\u00e9n\u00e9ral de L\u2019Institut national du cancer (INCa).<\/p>\n<p>Actuellement, 33 registres qui couvrent un quart de la population<\/p>\n<p class=\"fig-paragraph\">C\u2019est l\u2019INCa qui tiendra ce registre, \u00ab\u00a0un outil unique, sans \u00e9quivalent dans d&rsquo;autres pays\u00a0\u00bb, a expliqu\u00e9 Nicolas Scott\u00e9, qui fera de la France un \u00ab\u00a0pays moteur, notamment \u00e0 l&rsquo;\u00e9chelle europ\u00e9enne, dans la compr\u00e9hension de ce qui se passe en mati\u00e8re de cancer\u00a0\u00bb. Aujourd&rsquo;hui, 33 registres sont tenus en France, qui couvrent moins d&rsquo;un quart de la population, \u00ab\u00a0si bien que les donn\u00e9es disponibles reposent sur des extrapolations, dont la fiabilit\u00e9 est sujette \u00e0 caution\u00a0\u00bb, avait estim\u00e9 dans son rapport le d\u00e9put\u00e9 Michel Lauzzana, rapporteur du texte \u00e0 l&rsquo;Assembl\u00e9e. Nicolas Scott\u00e9 d\u00e9fend la n\u00e9cessit\u00e9 d\u2019assurer une \u00ab\u00a0articulation intelligente entre des registres locaux, \u00e0 la vision tr\u00e8s territoriale, et des donn\u00e9es nationales\u00a0\u00bb, o\u00f9 l\u2019INCa jouera un \u00ab\u00a0r\u00f4le pivot avec une sp\u00e9cialisation au cancer que personne n\u2019a\u00a0\u00bb, avec un nouvel outil \u00ab\u00a0performant et optimis\u00e9\u00a0\u00bb.<\/p>\n<blockquote class=\"fig-quote&#10;    \">\n<p class=\"fig-quote__text\">Actuellement, on ne peut faire que de la description sur l\u2019incidence, la pr\u00e9valence, la mortalit\u00e9, la survie&#8230; mais on est incapable de dire que telle exposition environnementale est responsable de tel type de cancer.<\/p>\n<p>            Dr Claire Morgand, directrice de l\u2019observation des sciences des donn\u00e9es et de l\u2019\u00e9valuation \u00e0 l\u2019INCa\n    <\/p><\/blockquote>\n<p class=\"fig-paragraph\">Actuellement, \u00ab\u00a0il manque des donn\u00e9es sur la population la plus socialement vuln\u00e9rable et les zones expos\u00e9es \u00e0 des risques environnementaux\u00a0\u00bb, estime le Dr Claire Morgand, directrice de l&rsquo;observation des sciences des donn\u00e9es et de l&rsquo;\u00e9valuation \u00e0 l&rsquo;INCa. \u00ab\u00a0Actuellement, on ne peut faire que de la description sur l&rsquo;incidence, la pr\u00e9valence, la mortalit\u00e9, la survie&#8230; mais on est incapable de dire que telle exposition environnementale est responsable de tel type de cancer\u00a0\u00bb, ajoute-t-elle. \u00ab\u00a0L&rsquo;enjeu est de bien comprendre les responsabilit\u00e9s, les causes du cancer, ses facteurs de risques et notamment ses \u00e9ventuels facteurs g\u00e9n\u00e9tiques ou environnementaux, mais aussi comment ils \u00e9voluent et se r\u00e9partissent sur les territoires\u00a0\u00bb, compl\u00e8te Nicolas Scott\u00e9.<\/p>\n<p class=\"fig-body-link\">\n            \u00c0 lire aussi<br \/>\n        <a class=\"fig-body-link__link fig-premium-mark\" href=\"http:\/\/sante.lefigaro.fr\/social\/sante-publique\/y-a-t-il-vraiment-plus-de-cancers-pediatriques-dans-les-environs-de-la-rochelle-20250327\" data-fig-type=\"Article\" data-gtm-custom-categorie=\"navigation\" data-gtm-custom-action=\"crossclick\" data-gtm-custom-label=\"Contextuel\" data-gtm-event=\"customEventSPE\" data-fig-domain=\"SANTE\" target=\"_blank\" rel=\"noopener\">Y a-t-il vraiment plus de cancers p\u00e9diatriques dans les environs de La Rochelle\u00a0?<br \/>\n    <\/a>\n<\/p>\n<p>16 millions d\u2019euros par an<\/p>\n<p class=\"fig-paragraph\">Le texte vot\u00e9 lundi \u00e0 l&rsquo;Assembl\u00e9e doit faire l&rsquo;objet d&rsquo;un d\u00e9cret soumis \u00e0 la Cnil, qui sera publi\u00e9 \u00ab\u00a0avant la fin de l&rsquo;ann\u00e9e\u00a0\u00bb a promis Yannick Neuder, pour une entr\u00e9e en vigueur d\u00e9but 2026. Le d\u00e9ploiement de ce registre national, d&rsquo;un co\u00fbt annuel de 16 millions d&rsquo;euros contre 10 millions pour la gestion des registres actuels, occupera la deuxi\u00e8me moiti\u00e9 de la Strat\u00e9gie d\u00e9cennale de lutte contre les cancers 2021-2030. Il exploitera aussi les donn\u00e9es de la plateforme de donn\u00e9es en canc\u00e9rologie mise en place par l&rsquo;INCa en 2011, qui int\u00e8gre 12 millions de malades, afin d&rsquo;am\u00e9liorer \u00ab\u00a0le suivi d&rsquo;apr\u00e8s-cancer avec les probl\u00e9matiques de retour en emploi, de handicap, de s\u00e9quelles\u00a0\u00bb, pr\u00e9cise Nicolas Scott\u00e9.<\/p>\n<p class=\"fig-paragraph\">Saluant l&rsquo;adoption d\u00e9finitive du texte, la Ligue contre le cancer a toutefois r\u00e9clam\u00e9 lundi \u00ab\u00a0de rapides garanties\u00a0\u00bb sur \u00ab\u00a0les moyens financiers\u00a0\u00bb et \u00ab\u00a0la m\u00e9thodologie\u00a0\u00bb du futur registre, ainsi que sa \u00ab\u00a0compl\u00e9mentarit\u00e9\u00a0\u00bb avec ceux existants.<\/p>\n","protected":false},"excerpt":{"rendered":"L\u2019Assembl\u00e9e nationale a adopt\u00e9 lundi la cr\u00e9ation d\u2019un registre de l\u2019ensemble des cas de cancers survenant en France,&hellip;\n","protected":false},"author":2,"featured_media":198987,"comment_status":"","ping_status":"","sticky":false,"template":"","format":"standard","meta":{"footnotes":""},"categories":[10],"tags":[442,228,440,441,436,1011,27,72,226,439,229,71,435,437,227,438],"class_list":{"0":"post-198986","1":"post","2":"type-post","3":"status-publish","4":"format-standard","5":"has-post-thumbnail","7":"category-sante","8":"tag-administration-de-la-sante","9":"tag-diagnostic","10":"tag-droit-a-la-sante","11":"tag-education-sanitaire-education-sanitaire-individuelle-et-collective","12":"tag-environnement","13":"tag-fr","14":"tag-france","15":"tag-health","16":"tag-maladie","17":"tag-niveau-de-vie","18":"tag-pathologie","19":"tag-sante","20":"tag-sante-de-la-population","21":"tag-services-medicaux","22":"tag-traitement","23":"tag-traitement-preventif"},"share_on_mastodon":{"url":"https:\/\/pubeurope.com\/@fr\/114734452211499356","error":""},"_links":{"self":[{"href":"https:\/\/www.europesays.com\/fr\/wp-json\/wp\/v2\/posts\/198986","targetHints":{"allow":["GET"]}}],"collection":[{"href":"https:\/\/www.europesays.com\/fr\/wp-json\/wp\/v2\/posts"}],"about":[{"href":"https:\/\/www.europesays.com\/fr\/wp-json\/wp\/v2\/types\/post"}],"author":[{"embeddable":true,"href":"https:\/\/www.europesays.com\/fr\/wp-json\/wp\/v2\/users\/2"}],"replies":[{"embeddable":true,"href":"https:\/\/www.europesays.com\/fr\/wp-json\/wp\/v2\/comments?post=198986"}],"version-history":[{"count":0,"href":"https:\/\/www.europesays.com\/fr\/wp-json\/wp\/v2\/posts\/198986\/revisions"}],"wp:featuredmedia":[{"embeddable":true,"href":"https:\/\/www.europesays.com\/fr\/wp-json\/wp\/v2\/media\/198987"}],"wp:attachment":[{"href":"https:\/\/www.europesays.com\/fr\/wp-json\/wp\/v2\/media?parent=198986"}],"wp:term":[{"taxonomy":"category","embeddable":true,"href":"https:\/\/www.europesays.com\/fr\/wp-json\/wp\/v2\/categories?post=198986"},{"taxonomy":"post_tag","embeddable":true,"href":"https:\/\/www.europesays.com\/fr\/wp-json\/wp\/v2\/tags?post=198986"}],"curies":[{"name":"wp","href":"https:\/\/api.w.org\/{rel}","templated":true}]}}