{"id":198988,"date":"2025-06-23T19:59:08","date_gmt":"2025-06-23T19:59:08","guid":{"rendered":"https:\/\/www.europesays.com\/fr\/198988\/"},"modified":"2025-06-23T19:59:08","modified_gmt":"2025-06-23T19:59:08","slug":"seattle-psg-problemes-techniques-sur-dazn-la-diffusion-du-match-perturbee","status":"publish","type":"post","link":"https:\/\/www.europesays.com\/fr\/198988\/","title":{"rendered":"Seattle-PSG\u00a0: probl\u00e8mes techniques sur DAZN, la diffusion du match perturb\u00e9e"},"content":{"rendered":"<p class=\"paragraph text_align_left lp-f-body-02\">La plateforme DAZN subit actuellement des probl\u00e8mes techniques, alors que le coup d\u2019envoi de la rencontre de <a href=\"https:\/\/www.leparisien.fr\/sports\/football\/coupe-du-monde-des-clubs\/\" target=\"_blank\" rel=\"noreferrer nofollow noopener\">Coupe du monde des clubs<\/a> entre le Paris Saint-Germain et les Seattle Sounders est pr\u00e9vu ce lundi soir \u00e0 21 heures. L\u2019image et le son propos\u00e9 semblent pr\u00e9senter une anomalie, perturbant la diffusion de l\u2019avant-match.<\/p>\n<p class=\"paragraph text_align_left lp-f-body-02\">\u00ab D\u00e9sole de l\u2019interruption, nous mettons tout en \u0153uvre pour \u00eatre rapidement de retour sur votre programme \u00bb, communique la cha\u00eene dans un message diffus\u00e9 en direct sur ses canaux, alternant avec un simple \u00e9cran noir.<\/p>\n<p class=\"paragraph text_align_left lp-f-body-02\">\u00ab Il y a en effet un probl\u00e8me technique. Nos \u00e9quipes techniques sont en train de travailler pour r\u00e9gler cela au plus vite ! \u00bb, apprend-on sur le compte X (anciennement Twitter) de DAZN.<\/p>\n<p class=\"paragraph text_align_left lp-f-body-02\">Sur les r\u00e9seaux sociaux, l\u2019\u00e9nervement se fait ressentir chez les suiveurs du club de la capitale, qui n\u2019attendent que de retrouver leur \u00e9quipe apr\u00e8s avoir manqu\u00e9, pour beaucoup, la rencontre face \u00e0 Botafogo <a href=\"https:\/\/www.leparisien.fr\/sports\/football\/coupe-du-monde-des-clubs\/je-serai-probablement-epuise-mais-ces-supporters-qui-vont-veiller-pour-suivre-psg-botafogo-en-pleine-nuit-19-06-2025-TVCSJSE5AJGXVFJSEO2SOUKC7E.php\" target=\"_blank\" rel=\"noreferrer nofollow noopener\">pr\u00e9vue dans la nuit de jeudi \u00e0 vendredi \u00e0 3 heures<\/a> (d\u00e9faite 1-0 des Parisiens).<\/p>\n<blockquote class=\"twitter-tweet\">\n<p lang=\"fr\" dir=\"ltr\">Le probl\u00e8me technique qui perturbait la diffusion des matchs du soir est maintenant r\u00e9tabli.<\/p>\n<p>Nous vous invitons \u00e0 relancer votre application si besoin.<\/p>\n<p>Nous nous excusons pour la g\u00eane occasionn\u00e9e.<\/p>\n<p>\u2014 DAZN France (@DAZN_FR) <a href=\"https:\/\/twitter.com\/DAZN_FR\/status\/1937234406235664883?ref_src=twsrc%5Etfw\" rel=\"nofollow noopener\" target=\"_blank\">June 23, 2025<\/a><\/p><\/blockquote>\n<p class=\"paragraph text_align_left lp-f-body-02\">Finalement juste avant la fin de la premi\u00e8re p\u00e9riode, DAZN a publi\u00e9 un nouveau message pour indiquer que la diffusion du match avait \u00e9t\u00e9 r\u00e9tablie apr\u00e8s r\u00e9solution du probl\u00e8me technique. Mais juste apr\u00e8s l\u2019ouverture du score parisienne&#8230;<\/p>\n<p class=\"paragraph text_align_left lp-f-body-02\"><b>Le match est \u00e0 suivre en <\/b><a href=\"https:\/\/www.leparisien.fr\/sports\/football\/coupe-du-monde-des-clubs\/direct-seattle-psg-match-decisif-pour-paris-en-quete-dune-qualification-23-06-2025-BX6ODTVEVBHR3HMKXEWGV5BZPI.php\" target=\"_blank\" rel=\"noreferrer nofollow noopener\"><b>direct comment\u00e9<\/b><\/a><b> sur notre site leparisien.fr<\/b><\/p>\n<p><script async src=\"https:\/\/platform.twitter.com\/widgets.js\" charset=\"utf-8\"><\/script><\/p>\n","protected":false},"excerpt":{"rendered":"La plateforme DAZN subit actuellement des probl\u00e8mes techniques, alors que le coup d\u2019envoi de la rencontre de Coupe&hellip;\n","protected":false},"author":2,"featured_media":198989,"comment_status":"","ping_status":"","sticky":false,"template":"","format":"standard","meta":{"footnotes":""},"categories":[9],"tags":[7151,63,1011,27,60],"class_list":{"0":"post-198988","1":"post","2":"type-post","3":"status-publish","4":"format-standard","5":"has-post-thumbnail","7":"category-sports","8":"tag-coupe-du-monde-des-clubs","9":"tag-football","10":"tag-fr","11":"tag-france","12":"tag-sports"},"share_on_mastodon":{"url":"https:\/\/pubeurope.com\/@fr\/114734456475232721","error":""},"_links":{"self":[{"href":"https:\/\/www.europesays.com\/fr\/wp-json\/wp\/v2\/posts\/198988","targetHints":{"allow":["GET"]}}],"collection":[{"href":"https:\/\/www.europesays.com\/fr\/wp-json\/wp\/v2\/posts"}],"about":[{"href":"https:\/\/www.europesays.com\/fr\/wp-json\/wp\/v2\/types\/post"}],"author":[{"embeddable":true,"href":"https:\/\/www.europesays.com\/fr\/wp-json\/wp\/v2\/users\/2"}],"replies":[{"embeddable":true,"href":"https:\/\/www.europesays.com\/fr\/wp-json\/wp\/v2\/comments?post=198988"}],"version-history":[{"count":0,"href":"https:\/\/www.europesays.com\/fr\/wp-json\/wp\/v2\/posts\/198988\/revisions"}],"wp:featuredmedia":[{"embeddable":true,"href":"https:\/\/www.europesays.com\/fr\/wp-json\/wp\/v2\/media\/198989"}],"wp:attachment":[{"href":"https:\/\/www.europesays.com\/fr\/wp-json\/wp\/v2\/media?parent=198988"}],"wp:term":[{"taxonomy":"category","embeddable":true,"href":"https:\/\/www.europesays.com\/fr\/wp-json\/wp\/v2\/categories?post=198988"},{"taxonomy":"post_tag","embeddable":true,"href":"https:\/\/www.europesays.com\/fr\/wp-json\/wp\/v2\/tags?post=198988"}],"curies":[{"name":"wp","href":"https:\/\/api.w.org\/{rel}","templated":true}]}}