{"id":198990,"date":"2025-06-23T20:00:10","date_gmt":"2025-06-23T20:00:10","guid":{"rendered":"https:\/\/www.europesays.com\/fr\/198990\/"},"modified":"2025-06-23T20:00:10","modified_gmt":"2025-06-23T20:00:10","slug":"cest-avec-beaucoup-de-tristesse-que-nous-vous-annoncons-les-equipes-de-doc-gyneco-prennent-la-parole-et-annoncent-une-mauvaise-nouvelle","status":"publish","type":"post","link":"https:\/\/www.europesays.com\/fr\/198990\/","title":{"rendered":"\u00ab\u00a0C\u2019est avec beaucoup de tristesse que nous vous annon\u00e7ons\u2026\u00a0\u00bb : les \u00e9quipes de Doc Gyneco prennent la parole et annoncent une mauvaise nouvelle"},"content":{"rendered":"<p><a href=\"https:\/\/vsd.fr\/62714-doc-gyneco-se-confie-sur-sa-complicite-avec-johnny-hallyday\/\" target=\"_blank\" rel=\"noopener\">Doc Gyn\u00e9co<\/a> ne devrait pas beaucoup chanter cet \u00e9t\u00e9. Et, ce, \u00e0 cause de sa sant\u00e9. Ce lundi 23 juin 2025, ses \u00e9quipes ont pris la parole sur les r\u00e9seaux sociaux, via un communiqu\u00e9, pour annoncer l\u2019annulation de plusieurs dates pr\u00e9vues.\u00a0<\/p>\n<p>Artiste en vogue de la fin des ann\u00e9es 1990, notamment avec ses morceaux <strong>\u00ab\u00a0Viens voir le docteur\u00a0\u00bb<\/strong> ou <strong>\u00ab\u00a0Nirvana\u00a0\u00bb<\/strong>, celui-ci continue de chanter et monter sur sc\u00e8ne lorsque l\u2019occasion se pr\u00e9sente. R\u00e9cemment, il a m\u00eame fait quelques apparitions \u00e0 la t\u00e9l\u00e9vision.<\/p>\n<p>En effet, en 2019, il officie aux c\u00f4t\u00e9s de <a href=\"https:\/\/www.public.fr\/tag\/cyril-hanouna\" target=\"_blank\" rel=\"noopener\">Cyril Hanouna<\/a> et ses \u00e9quipes, en tant que chroniqueur dans <strong>\u00ab\u00a0Touche pas \u00e0 mon poste\u00a0\u00bb<\/strong>. N\u00e9anmoins, alors que les t\u00e9l\u00e9spectateurs de la quotidienne s\u2019attendent \u00e0 le retrouver l\u2019ann\u00e9e d\u2019apr\u00e8s, Doc Gyn\u00e9co ne fait pourtant plus partie de l\u2019\u00e9quipe.<\/p>\n<p>Doc Gyn\u00e9co, de la condamnation au retour \u00e0 la musique<\/p>\n<p>Malgr\u00e9 ce d\u00e9part de la quotidienne autrefois diffus\u00e9e sur C8, le rappeur n\u2019a pas mis sa carri\u00e8re en pause, bien au contraire. En juillet 2024, il a d\u2019ailleurs d\u00e9voil\u00e9 un nouveau single intitul\u00e9 <strong>\u00ab\u00a0Sunshine\u00a0\u00bb<\/strong>. Il avait d\u2019ailleurs profit\u00e9 de la sortie de ce projet pour \u00e9voquer <a href=\"https:\/\/www.public.fr\/doc-gyneco-a-reconnu-avoir-donne-quatre-violentes-gifles-a-son-ancienne-epouse\" target=\"_blank\" rel=\"noopener\">sa condamnation \u00e0 cinq mois de prison<\/a> avec sursis pour des faits de violences conjugales sur la m\u00e8re de ses enfants.<\/p>\n<p>\u00ab\u00a0Je n\u2019en tire aucune gloire. Je ne fais pas la guerre, je ne suis pas boxeur et encore moins champion de MMA, et la violence ne m\u2019a jamais inspir\u00e9. Et je cherche juste, je le r\u00e9p\u00e8te, \u00e0 \u00e9crire mon histoire avec ma propre orthographe, \u00e0 donner du sens \u00e0 mes fautes\u00a0\u00bb, indiquait-il dans les colonnes de Gala.<\/p>\n<p>Aujourd\u2019hui, c\u2019est bel et bien \u00e0 la musique qu\u2019il se consacre et il doit d\u2019ailleurs monter sur la sc\u00e8ne de Kermesse Festival. Un festival cr\u00e9\u00e9 en 2022 qui met \u00e0 l\u2019honneur les artistes des ann\u00e9es 2000 dont Fatal Bazooka,\u00a0Shy&rsquo;m, Zaho, PZK, ou encore K. Maro. Mais aussi\u00a0Oph\u00e9lie Winter,\u00a0Kenza Farah, N\u00e8g&rsquo;Marrons, Nuttea, L5,\u00a0Willy Denzey,\u00a0Kamini, Tom Frager, Faf Larage, ou encore Helmut Fritz.<\/p>\n<p>Le rappeur, contraint d&rsquo;annuler plusieurs dates<\/p>\n<p>N\u00e9anmoins, Doc Gyn\u00e9co ne pourra pas honorer le public de sa pr\u00e9sence. Ses \u00e9quipes viennent de prendre la parole sur les r\u00e9seaux sociaux, ce lundi 23 juin 2025, pour annoncer l\u2019annulation de ses prochaines dates.\u00a0<\/p>\n<p>\u00ab\u00a0C&rsquo;est <strong>avec beaucoup de tristesse et de d\u00e9ception<\/strong> que nous vous annon\u00e7ons que Doc Gyn\u00e9co est contraint d&rsquo;annuler ses prochaines dates de concert, pour des raisons personnelles et m\u00e9dicales. Cette d\u00e9cision a \u00e9t\u00e9 prise afin qu&rsquo;il puisse prendre soin de sa sant\u00e9 et se recentrer pleinement\u00a0\u00bb, indique un communiqu\u00e9.\u00a0<\/p>\n<p>Le principal int\u00e9ress\u00e9 a tenu \u00e0 \u00ab\u00a0<strong>remercier du fond du c\u0153ur son public pour le soutien constant<\/strong>, la fid\u00e9lit\u00e9 et l&rsquo;affection exprim\u00e9s depuis tant d\u2019ann\u00e9es\u00a0\u00bb. \u00ab\u00a0Vos messages et votre bienveillance comptent \u00e9norm\u00e9ment. Nous vous tiendrons inform\u00e9s\u00a0\u00bb, conclut le communiqu\u00e9.<\/p>\n<p>      Mentionn\u00e9s dans cet article<\/p>\n<p>\u00c0 lire aussi<\/p>\n","protected":false},"excerpt":{"rendered":"Doc Gyn\u00e9co ne devrait pas beaucoup chanter cet \u00e9t\u00e9. Et, ce, \u00e0 cause de sa sant\u00e9. Ce lundi&hellip;\n","protected":false},"author":2,"featured_media":198991,"comment_status":"","ping_status":"","sticky":false,"template":"","format":"standard","meta":{"footnotes":""},"categories":[8],"tags":[58,33868,59,1011,27],"class_list":{"0":"post-198990","1":"post","2":"type-post","3":"status-publish","4":"format-standard","5":"has-post-thumbnail","7":"category-divertissement","8":"tag-divertissement","9":"tag-doc-gyneco","10":"tag-entertainment","11":"tag-fr","12":"tag-france"},"share_on_mastodon":{"url":"https:\/\/pubeurope.com\/@fr\/114734460104463405","error":""},"_links":{"self":[{"href":"https:\/\/www.europesays.com\/fr\/wp-json\/wp\/v2\/posts\/198990","targetHints":{"allow":["GET"]}}],"collection":[{"href":"https:\/\/www.europesays.com\/fr\/wp-json\/wp\/v2\/posts"}],"about":[{"href":"https:\/\/www.europesays.com\/fr\/wp-json\/wp\/v2\/types\/post"}],"author":[{"embeddable":true,"href":"https:\/\/www.europesays.com\/fr\/wp-json\/wp\/v2\/users\/2"}],"replies":[{"embeddable":true,"href":"https:\/\/www.europesays.com\/fr\/wp-json\/wp\/v2\/comments?post=198990"}],"version-history":[{"count":0,"href":"https:\/\/www.europesays.com\/fr\/wp-json\/wp\/v2\/posts\/198990\/revisions"}],"wp:featuredmedia":[{"embeddable":true,"href":"https:\/\/www.europesays.com\/fr\/wp-json\/wp\/v2\/media\/198991"}],"wp:attachment":[{"href":"https:\/\/www.europesays.com\/fr\/wp-json\/wp\/v2\/media?parent=198990"}],"wp:term":[{"taxonomy":"category","embeddable":true,"href":"https:\/\/www.europesays.com\/fr\/wp-json\/wp\/v2\/categories?post=198990"},{"taxonomy":"post_tag","embeddable":true,"href":"https:\/\/www.europesays.com\/fr\/wp-json\/wp\/v2\/tags?post=198990"}],"curies":[{"name":"wp","href":"https:\/\/api.w.org\/{rel}","templated":true}]}}