{"id":198995,"date":"2025-06-23T20:03:12","date_gmt":"2025-06-23T20:03:12","guid":{"rendered":"https:\/\/www.europesays.com\/fr\/198995\/"},"modified":"2025-06-23T20:03:12","modified_gmt":"2025-06-23T20:03:12","slug":"en-cas-de-renversement-du-regime-des-mollahs-en-iran-le-chaos-ou-leffet-domino","status":"publish","type":"post","link":"https:\/\/www.europesays.com\/fr\/198995\/","title":{"rendered":"\u00abEn cas de renversement du r\u00e9gime des mollahs en Iran, le chaos ou l\u2019effet domino\u00a0?\u00bb"},"content":{"rendered":"<p><strong>TRIBUNE &#8211; <\/strong>En signant le premier grand \u00e9chec de l\u2019islamisme politique mondial, la possible chute du r\u00e9gime en place \u00e0 T\u00e9h\u00e9ran apporterait de grands b\u00e9n\u00e9fices, estime l\u2019essayiste.<\/p>\n<p class=\"fig-paragraph\">Et si nous \u00e9tions \u00e0 l\u2019aube d\u2019une nouvelle \u00e8re de paix et de prosp\u00e9rit\u00e9 mondiales, totalement inattendue\u00a0? Le monde n\u2019a jamais \u00e9t\u00e9 aussi proche de la troisi\u00e8me guerre mondiale et du triomphe des dictatures sur les d\u00e9mocraties. L\u2019usine \u00e0 morts de la Russie poutinienne\u00a0<a href=\"http:\/\/www.lefigaro.fr\/international\/dossier\/guerre-en-ukraine-les-reportages-du-figaro\" target=\"_blank\" data-fig-type=\"Topic\" rel=\"noopener\" data-gtm-custom-categorie=\"navigation\" data-gtm-custom-action=\"crossclick\" data-gtm-custom-label=\"Contextuel\" data-gtm-event=\"customEventSPE\" data-fig-domain=\"LEFIGARO\">tourne \u00e0 plein r\u00e9gime en Ukraine\u00a0<\/a>(1300\u00a0morts et bless\u00e9s par jour, pour un front fig\u00e9), o\u00f9 les missiles comme les drones iraniens Shahed tuent les civils par dizaines. Dans un ordre croissant du nombre de victimes, les\u00a0<a href=\"http:\/\/www.lefigaro.fr\/international\/gaza-israel-accuse-le-hamas-d-instrumentaliser-la-souffrance-apres-la-mort-d-humanitaires-20250612\" target=\"_blank\" data-fig-type=\"NewsFlash\" rel=\"noopener\" data-gtm-custom-categorie=\"navigation\" data-gtm-custom-action=\"crossclick\" data-gtm-custom-label=\"Contextuel\" data-gtm-event=\"customEventSPE\" data-fig-domain=\"LEFIGARO\">50.000 morts de Gaza<\/a>\u00a0pris en otages entre le Hamas et l\u2019arm\u00e9e isra\u00e9lienne,\u00a0<a href=\"http:\/\/www.lefigaro.fr\/flash-eco\/accusations-de-travail-force-des-ouighours-une-enquete-francaise-visant-des-geants-du-textile-classee-20230504\" target=\"_blank\" data-fig-type=\"NewsFlash\" rel=\"noopener\" data-gtm-custom-categorie=\"navigation\" data-gtm-custom-action=\"crossclick\" data-gtm-custom-label=\"Contextuel\" data-gtm-event=\"customEventSPE\" data-fig-domain=\"LEFIGARO\">le g\u00e9nocide silencieux des Ou\u00efgours en Chine<\/a>\u00a0(st\u00e9rilisation des femmes, incarc\u00e9rations par millions), les massacres au Soudan (des dizaines de milliers de morts, 13\u00a0millions de personnes d\u00e9plac\u00e9es, 25\u00a0millions au bord de la famine) n\u2019incitent pas \u00e0 l\u2019optimisme. Les dictatures nord-cor\u00e9enne et v\u00e9n\u00e9zu\u00e9lienne semblent aussi solidement \u00e9tablies que les militaires chinois s\u2019entra\u00eenent d\u00e9sormais quotidiennement<a href=\"http:\/\/www.lefigaro.fr\/international\/la-chine-teste-d-imposantes-barges-de-debarquement-necessaires-pour-une-invasion-de-taiwan-20250314\" target=\"_blank\" data-fig-type=\"NewsFlash\" rel=\"noopener\" data-gtm-custom-categorie=\"navigation\" data-gtm-custom-action=\"crossclick\" data-gtm-custom-label=\"Contextuel\" data-gtm-event=\"customEventSPE\" data-fig-domain=\"LEFIGARO\">\u00a0\u00e0 l\u2019invasion en apparence in\u00e9luctable\u2026<\/a><\/p>\n<p class=\"fig-premium-paywall__infos\">\n        Cet article est r\u00e9serv\u00e9 aux abonn\u00e9s.        Il vous reste 83% \u00e0 d\u00e9couvrir.\n    <\/p>\n<p>                <img  data- alt=\"Le Figaro\" class=\"fig-img--complete fig-img\"\/><\/p>\n<p class=\"fig-premium-paywall__title\">Vente Flash<\/p>\n<p class=\"fig-premium-paywall__subtitle\">3,99\u20ac par mois pendant 12 mois. Sans engagement.<\/p>\n<p class=\"fig-premium-paywall__connect\">\n                D\u00e9j\u00e0 abonn\u00e9\u00a0?                <a class=\"fig-premium-paywall__connect-link\" href=\"https:\/\/connect.lefigaro.fr\/login?client=horizon_web&amp;type=main&amp;redirect_uri=https%3A%2F%2Fwww.lefigaro.fr%2Fvox%2Fmonde%2Fedouard-tetreau-en-cas-de-renversement-du-regime-des-mollahs-en-iran-le-chaos-ou-l-effet-domino-20250623\" data-js-gtm=\"{&quot;customCategorie&quot;: &quot;conversion&quot;, &quot;customAction&quot;: &quot;before_Landing_Connexion_paywall_auto&quot;, &quot;customLabel&quot;: &quot;bGVmaWdhcm8uZnJfXzFmMDUwMGFmLTEyMjEtNjkxOC1hNDM5LTk5OWEzZjNlZDgwYl9fQXJ0aWNsZQ==_\u00c9douard T\u00e9treau\u00a0: \u00abEn cas de renversement du r\u00e9gime des mollahs en Iran, le chaos ou l\u2019effet domino\u00a0?\u00bb_1000&quot;, &quot;customIDSPE&quot;: &quot;bGVmaWdhcm8uZnJfXzFmMDUwMGFmLTEyMjEtNjkxOC1hNDM5LTk5OWEzZjNlZDgwYl9fQXJ0aWNsZQ==&quot;, &quot;event&quot;: &quot;customEventSPE&quot;}\" target=\"_blank\" rel=\"noopener\"><br \/>\n                    Connectez-vous<br \/>\n                <\/a>\n            <\/p>\n","protected":false},"excerpt":{"rendered":"TRIBUNE &#8211; En signant le premier grand \u00e9chec de l\u2019islamisme politique mondial, la possible chute du r\u00e9gime en&hellip;\n","protected":false},"author":2,"featured_media":198996,"comment_status":"","ping_status":"","sticky":false,"template":"","format":"standard","meta":{"footnotes":""},"categories":[5],"tags":[11,1428,1292,2198,2197,1429,1011,27,14,3019,1253,12,1427,1426,28],"class_list":{"0":"post-198995","1":"post","2":"type-post","3":"status-publish","4":"format-standard","5":"has-post-thumbnail","7":"category-international","8":"tag-actualites","9":"tag-chroniqueurs","10":"tag-debat","11":"tag-debat-monde","12":"tag-debats-international","13":"tag-figarovox","14":"tag-fr","15":"tag-france","16":"tag-international","17":"tag-iran","18":"tag-islamisme","19":"tag-news","20":"tag-opinions","21":"tag-questions","22":"tag-world"},"share_on_mastodon":{"url":"https:\/\/pubeurope.com\/@fr\/114734471831115975","error":""},"_links":{"self":[{"href":"https:\/\/www.europesays.com\/fr\/wp-json\/wp\/v2\/posts\/198995","targetHints":{"allow":["GET"]}}],"collection":[{"href":"https:\/\/www.europesays.com\/fr\/wp-json\/wp\/v2\/posts"}],"about":[{"href":"https:\/\/www.europesays.com\/fr\/wp-json\/wp\/v2\/types\/post"}],"author":[{"embeddable":true,"href":"https:\/\/www.europesays.com\/fr\/wp-json\/wp\/v2\/users\/2"}],"replies":[{"embeddable":true,"href":"https:\/\/www.europesays.com\/fr\/wp-json\/wp\/v2\/comments?post=198995"}],"version-history":[{"count":0,"href":"https:\/\/www.europesays.com\/fr\/wp-json\/wp\/v2\/posts\/198995\/revisions"}],"wp:featuredmedia":[{"embeddable":true,"href":"https:\/\/www.europesays.com\/fr\/wp-json\/wp\/v2\/media\/198996"}],"wp:attachment":[{"href":"https:\/\/www.europesays.com\/fr\/wp-json\/wp\/v2\/media?parent=198995"}],"wp:term":[{"taxonomy":"category","embeddable":true,"href":"https:\/\/www.europesays.com\/fr\/wp-json\/wp\/v2\/categories?post=198995"},{"taxonomy":"post_tag","embeddable":true,"href":"https:\/\/www.europesays.com\/fr\/wp-json\/wp\/v2\/tags?post=198995"}],"curies":[{"name":"wp","href":"https:\/\/api.w.org\/{rel}","templated":true}]}}