{"id":199021,"date":"2025-06-23T20:18:13","date_gmt":"2025-06-23T20:18:13","guid":{"rendered":"https:\/\/www.europesays.com\/fr\/199021\/"},"modified":"2025-06-23T20:18:13","modified_gmt":"2025-06-23T20:18:13","slug":"voici-quand-ils-vont-frapper","status":"publish","type":"post","link":"https:\/\/www.europesays.com\/fr\/199021\/","title":{"rendered":"voici quand ils vont frapper"},"content":{"rendered":"<p>            Par<br \/>\n        <strong><br \/>\n            <a href=\"https:\/\/actu.fr\/auteur\/clemence-pays02-actu-fr\" title=\"Consulter tous les articles de Cl\u00e9mence Pays\" target=\"_blank\" rel=\"noopener\">Cl\u00e9mence Pays<\/a><br \/>\n        <\/strong><\/p>\n<p>        Publi\u00e9 le<\/p>\n<p>            23 juin 2025 \u00e0 15h11        <\/p>\n<p>Apr\u00e8s un \u00e9pisode de<a href=\"https:\/\/actu.fr\/bretagne\/saint-malo_35288\/vague-de-chaleur-en-ille-et-vilaine-jusqua-38-attendus-ou-fera-t-il-le-plus-chaud_62790711.html\" target=\"_blank\" rel=\"noopener\"> canicule en Bretagne<\/a> \u00e0 la mi-juin,<strong> la m\u00e9t\u00e9o va changer<\/strong> durant la semaine du lundi\u00a023 au dimanche 29\u00a0juin 2025.<\/p>\n<p class=\" wall-content\">Comme annonc\u00e9 pr\u00e9c\u00e9demment, <a href=\"https:\/\/actu.fr\/bretagne\/rennes_35238\/canicule-en-bretagne-un-air-beaucoup-plus-respirable-va-s-installer-la-nuit-de-la-fete-de-la-musique_62803665.html\" target=\"_blank\" rel=\"noopener\">les temp\u00e9ratures ont baiss\u00e9 lors de la soir\u00e9e de la F\u00eate de la musique<\/a>. La raison\u2009?<strong> \u00ab\u00a0Le vent a tourn\u00e9<\/strong>, r\u00e9pond S\u00e9bastien Decaux, m\u00e9t\u00e9orologue pour M\u00e9t\u00e9o Bretagne. Avant, on avait un vent de terre venu du sud-est. <strong>Ces vents tr\u00e8s chauds en provenance d\u2019Afrique du Nord<\/strong> ont c\u00e9d\u00e9 leur place <strong>\u00e0 un vent oc\u00e9anique plus frais<\/strong>, samedi 21\u00a0juin.<\/p>\n<p class=\" wall-content\"><strong>Baisse des temp\u00e9ratures<\/strong>, <strong>pluie<\/strong> et <strong>possibles orages,<\/strong> <a href=\"https:\/\/actu.fr\/rennes\/\" target=\"_blank\" rel=\"noopener\">actu Rennes<\/a> fait le point sur les pr\u00e9visions de la semaine.<\/p>\n<p>\u00c0 Rennes, 10\u00b0C d\u2019\u00e9cart avec le week-end pr\u00e9c\u00e9dent<\/p>\n<p class=\" wall-content\">Ce lundi, le temps est variable. Le ciel nuageux en matin\u00e9e doit laisser place au soleil. \u00ab\u2009Les \u00e9claircies reviendront par le nord et vont s\u2019\u00e9tendre \u00e0 toute la r\u00e9gion\u2009\u00bb, indique le m\u00e9t\u00e9orologue.<\/p>\n<p class=\" wall-content\"><strong>Les temp\u00e9ratures<\/strong> seront <strong>\u00ab\u2009agr\u00e9ables\u2009\u00bb.<\/strong> \u00c0 Rennes, il fera jusqu\u2019\u00e0 26\u00b0C, soit plus de 10\u00b0C de diff\u00e9rence avec la journ\u00e9e de samedi et ses 36,9\u00b0C enregistr\u00e9s.<\/p>\n<p>Vid\u00e9os : en ce moment sur ActuDes temp\u00e9ratures au-dessus des normales de saison<\/p>\n<p>Bien que les temp\u00e9ratures sont en baisses cette semaine, celles-ci restent en moyenne au-dessus des normales de saison. \u00c0 Rennes, par exemple, la norme enregistr\u00e9e pour une fin juin est de 24\u00b0C.<\/p>\n<p class=\" wall-content\">Le mercure montera jusqu\u2019\u00e0<strong> 24\u00a0\u00b0C \u00e0 Vannes<\/strong>, ou encore <strong>22\u00b0C \u00e0 Dinan<\/strong>. \u00ab\u2009Il fera plus frais sur la c\u00f4te avec <strong>20\u00b0C \u00e0 Saint-Malo.\u2009\u00bb<\/strong><\/p>\n<p class=\" wall-content\">Mardi, \u00ab\u2009ce sera une tr\u00e8s belle journ\u00e9e estivale, avec quelques brumes et brouillard le matin, note notre interlocuteur. Mais le soleil va dominer toute la journ\u00e9e\u2009\u00bb.<\/p>\n<p class=\" wall-content\"><strong>Le littoral breton<\/strong> restera plus frais avec <strong>entre 20 et 23\u00b0C.<\/strong><\/p>\n<blockquote class=\"ac-article-quote wall-content\">\n<p>\u00c0 l&rsquo;int\u00e9rieur des terres, le mercure va nettement monter. On pr\u00e9voit 27\u00b0C \u00e0 Pontivy, 28\u00b0C dans le bassin rennais et jusqu&rsquo;\u00e0 30\u00b0C \u00e0 La Guerche-de-Bretagne.<\/p>\n<p>    <strong>S\u00e9bastien Decaux<\/strong><br \/>\n        M\u00e9t\u00e9orologue pour M\u00e9t\u00e9o Bretagne    <\/p><\/blockquote>\n<p>Creux d\u00e9pressionnaire et orages attendus<\/p>\n<p class=\" wall-content\">La journ\u00e9e de mercredi sera marqu\u00e9e par<strong> \u00ab\u2009un changement de configuration\u2009\u00bb<\/strong> avec l\u2019arriv\u00e9e <strong>d\u2019un thalweg,<\/strong> soit \u00ab\u2009un creux d\u00e9pressionnaire surmont\u00e9 d\u2019air froid en altitude\u2009\u00bb, pr\u00e9cise S\u00e9bastien Decaux.<\/p>\n<p class=\" wall-content\">Cette masse d\u2019air va s\u2019installer sur la r\u00e9gion et entra\u00eener <strong>de l\u2019instabilit\u00e9 \u00ab\u2009avec des averses et orages\u2009\u00bb.<\/strong><\/p>\n<p class=\" wall-content\">Les averses tomberont sur la Bretagne particuli\u00e8rement <strong>le matin,<\/strong> avant un r\u00e9pit et des \u00e9claircies l\u2019apr\u00e8s-midi.<\/p>\n<blockquote class=\"ac-article-quote wall-content\">\n<p>Une possible d\u00e9gradation orageuse est attendue en soir\u00e9e, surtout sur l&rsquo;est de la Bretagne. \u00c0 ce jour, il y a des signaux forts, mais pas suffisamment pr\u00e9cis pour anticiper leur localisation. Les coups de tonnerres et averses seront localis\u00e9s.<\/p>\n<p>    <strong>S\u00e9bastien Decaux<\/strong><br \/>\n        M\u00e9t\u00e9orologue pour M\u00e9t\u00e9o Bretagne    <\/p><\/blockquote>\n<p class=\" wall-content\">Une situation qui pourrait entra\u00eener le placement par M\u00e9t\u00e9o France de certains d\u00e9partements bretons <strong>en vigilance jaune orages<\/strong>, a minima.<\/p>\n<p>Des temp\u00e9ratures estivales mais un temps mitig\u00e9<\/p>\n<p class=\" wall-content\">La m\u00e9t\u00e9o changera \u00e0 nouveau \u00e0 partir de <strong>jeudi,<\/strong> avec un flux oc\u00e9anique ouest.<strong> \u00ab\u2009Le temps sera mitig\u00e9<\/strong> avec des averses et perturbations plut\u00f4t le matin\u2009\u00bb, informe S\u00e9bastien Decaux.<\/p>\n<p class=\" wall-content\">\u00ab\u2009Les temp\u00e9ratures baisseront, avec 23\u00b0C \u00e0 Saint-Brieuc et Vannes, et 25\u00b0C \u00e0 Rennes. Cela reste des temp\u00e9ratures estivales.\u2009\u00bb<\/p>\n<p class=\" wall-content\">\n<p class=\" wall-content\"><strong>Vendredi,<\/strong> le ciel variera avec <strong>des averses tr\u00e8s localis\u00e9es voire absentes,<\/strong> en raison d\u2019une pouss\u00e9e anticyclonique.<\/p>\n<blockquote class=\"ac-article-quote wall-content\">\n<p>L&rsquo;anticyclone des A\u00e7ores fait son retour avec au menu du soleil et des temp\u00e9ratures de plus en plus \u00e9lev\u00e9es.<\/p>\n<p>    <strong>S\u00e9bastien Decaux<\/strong><br \/>\n        M\u00e9t\u00e9orologue pour M\u00e9t\u00e9o Bretagne    <\/p><\/blockquote>\n<p class=\" wall-content\">Une tendance qui se poursuivra <strong>samedi et dimanche<\/strong>. Ce dernier jour du week-end sera <strong>\u00ab\u2009la journ\u00e9e la plus chaude de la semaine\u2009\u00bb.<\/strong><\/p>\n<p class=\" wall-content\"><strong>La semaine du 30\u00a0juin au 6\u00a0juillet<\/strong> devrait voir ses temp\u00e9ratures au-dessus des normales de saison perdurer selon les diff\u00e9rentes mod\u00e9lisations. \u00ab\u2009L\u2019\u00e9tat du ciel est difficile voire impossible \u00e0 pr\u00e9dire\u2009\u00bb, conclut le m\u00e9t\u00e9orologue.<\/p>\n<p class=\" wall-content\">Suivez toute l\u2019actualit\u00e9 de vos villes et m\u00e9dias favoris en vous inscrivant \u00e0 <a href=\"https:\/\/moncompte.actu.fr\" title=\"D\u00e9couvez Mon Actu\" rel=\"nofollow noopener\" data-trk=\"{&quot;cta&quot;:{&quot;action&quot;:&quot;https:\\\/\\\/moncompte.actu.fr&quot;,&quot;category&quot;:&quot;mon compte&quot;,&quot;from&quot;:&quot;article footer&quot;,&quot;name&quot;:&quot;Mon actu&quot;,&quot;type&quot;:&quot;cta&quot;}}\" target=\"_blank\">Mon Actu<\/a>.<\/p>\n","protected":false},"excerpt":{"rendered":"Par Cl\u00e9mence Pays Publi\u00e9 le 23 juin 2025 \u00e0 15h11 Apr\u00e8s un \u00e9pisode de canicule en Bretagne \u00e0&hellip;\n","protected":false},"author":2,"featured_media":165283,"comment_status":"","ping_status":"","sticky":false,"template":"","format":"standard","meta":{"footnotes":""},"categories":[2821],"tags":[1111,11,829,1777,674,1011,27,2487,12,4594,4459,584,25],"class_list":{"0":"post-199021","1":"post","2":"type-post","3":"status-publish","4":"format-standard","5":"has-post-thumbnail","7":"category-rennes","8":"tag-actu","9":"tag-actualites","10":"tag-bretagne","11":"tag-eu","12":"tag-europe","13":"tag-fr","14":"tag-france","15":"tag-meteo","16":"tag-news","17":"tag-orages","18":"tag-pluie","19":"tag-rennes","20":"tag-republique-francaise"},"share_on_mastodon":{"url":"https:\/\/pubeurope.com\/@fr\/114734530877065884","error":""},"_links":{"self":[{"href":"https:\/\/www.europesays.com\/fr\/wp-json\/wp\/v2\/posts\/199021","targetHints":{"allow":["GET"]}}],"collection":[{"href":"https:\/\/www.europesays.com\/fr\/wp-json\/wp\/v2\/posts"}],"about":[{"href":"https:\/\/www.europesays.com\/fr\/wp-json\/wp\/v2\/types\/post"}],"author":[{"embeddable":true,"href":"https:\/\/www.europesays.com\/fr\/wp-json\/wp\/v2\/users\/2"}],"replies":[{"embeddable":true,"href":"https:\/\/www.europesays.com\/fr\/wp-json\/wp\/v2\/comments?post=199021"}],"version-history":[{"count":0,"href":"https:\/\/www.europesays.com\/fr\/wp-json\/wp\/v2\/posts\/199021\/revisions"}],"wp:featuredmedia":[{"embeddable":true,"href":"https:\/\/www.europesays.com\/fr\/wp-json\/wp\/v2\/media\/165283"}],"wp:attachment":[{"href":"https:\/\/www.europesays.com\/fr\/wp-json\/wp\/v2\/media?parent=199021"}],"wp:term":[{"taxonomy":"category","embeddable":true,"href":"https:\/\/www.europesays.com\/fr\/wp-json\/wp\/v2\/categories?post=199021"},{"taxonomy":"post_tag","embeddable":true,"href":"https:\/\/www.europesays.com\/fr\/wp-json\/wp\/v2\/tags?post=199021"}],"curies":[{"name":"wp","href":"https:\/\/api.w.org\/{rel}","templated":true}]}}