{"id":199024,"date":"2025-06-23T20:20:12","date_gmt":"2025-06-23T20:20:12","guid":{"rendered":"https:\/\/www.europesays.com\/fr\/199024\/"},"modified":"2025-06-23T20:20:12","modified_gmt":"2025-06-23T20:20:12","slug":"histoire-un-livre-veut-raviver-la-memoire-autour-de-la-resistance-strasbourgeoise-dans-lalsace-annexee","status":"publish","type":"post","link":"https:\/\/www.europesays.com\/fr\/199024\/","title":{"rendered":"Histoire. Un livre veut raviver la m\u00e9moire autour de la r\u00e9sistance strasbourgeoise dans l\u2019Alsace annex\u00e9e"},"content":{"rendered":"<p>Pas moins de 200 r\u00e9sistants, pour certains connus, la plupart oubli\u00e9s, sont r\u00e9pertori\u00e9s dans R\u00e9sistantes et r\u00e9sistants strasbourgeois. En r\u00e9alit\u00e9, ils seraient beaucoup plus nombreux. R\u00e9sister, ce n\u2019est pas que le maquis, la lutte arm\u00e9e, les sabotages, rappelle <a href=\"http:\/\/www.dna.fr\/societe\/2024\/11\/05\/le-club-jacques-peirotes-souhaite-raviver-le-souvenir-des-resistants-strasbourgeois\" target=\"_blank\" rel=\"nofollow noopener\">Jean-Claude Richez, historien, qui dirige l\u2019ouvrage avec L\u00e9on Strauss, r\u00e9sistant et historien, et H\u00e9l\u00e8ne Bigot, pr\u00e9sidente du Club Jacques Peirotes.<\/a><\/p>\n<p>  \u00ab\u00a0Une r\u00e9sistance massive, tr\u00e8s diversifi\u00e9e\u00a0\u00bb<\/p>\n<p>Pour chacun d\u2019eux, des notices descriptives comprenant le nom, l\u2019adresse et les actions men\u00e9es, souvent au p\u00e9ril de leur vie. On conna\u00eet les embl\u00e9matiques Lucienne Welschinger (1911-2001) ou Marcel Weinum (1924-1942), de la Main noire. \u00ab\u00a0Mais c\u2019\u00e9tait une r\u00e9sistance\u00a0massive par le nombre, tr\u00e8s diversifi\u00e9e sur le plan politique\u00a0\u00bb, insiste Jean-Claude Richez.<\/p>\n<p>L\u2019un des enseignements de l\u2019ouvrage est qu\u2019il y avait beaucoup de femmes. Et si pas moins de 42 rues portent aujourd\u2019hui des noms de r\u00e9sistants \u00e0 Strasbourg, cette m\u00e9moire a fini par s\u2019\u00e9tioler. Car l\u2019une des particularit\u00e9s de cette r\u00e9sistance est aussi d\u2019avoir \u00e9t\u00e9 \u00ab\u00a0d\u00e9territorialis\u00e9e\u00a0\u00bb. Ceux qui ne sont pas revenus apr\u00e8s l\u2019\u00e9vacuation de 1939 ont rejoint des maquis dans le Sud-Ouest, \u00e0 Lyon, \u00e0 Clermont-Ferrand\u2026 \u00e9num\u00e8rent Jean-Claude Richez et L\u00e9on Strauss.<\/p>\n<p>Ce livre est un nouveau jalon dans la compr\u00e9hension du ph\u00e9nom\u00e8ne et plusieurs contributions reviennent sur les\u00a0connaissances engrang\u00e9es ces 20 derni\u00e8res ann\u00e9es, depuis un colloque initi\u00e9 par l\u2019historien Alfred Wahl \u2013 on retrouve l\u2019un de ses articles sur le poids de la ville dans la r\u00e9sistance bas-rhinoise et haut-rhinoise. Bertrand Merle, de l\u2019association Aeria (pour des \u00e9tudes sur la r\u00e9sistance int\u00e9rieure des Alsaciens), tr\u00e8s active sur ces sujets, \u00e9voque les fili\u00e8res d\u2019\u00e9vasion. \u00c0 lire aussi, un point sur la r\u00e9sistance ouvri\u00e8re communiste par Fran\u00e7oise Olivier-Utard. O\u00f9 l\u2019on retrouve \u00e9galement une liste des diff\u00e9rents r\u00e9seaux de r\u00e9sistants strasbourgeois et alsaciens.<\/p>\n<p class=\"note\">R\u00e9sistantes et r\u00e9sistants strasbourgeois , \u00e9d. EDBH, 18\u00a0\u20ac, 226 pages.<\/p>\n<p class=\"note\">Rencontre ce mardi 24\u00a0juin \u00e0 18\u00a0h \u00e0 la librairie Kl\u00e9ber, \u00e0 Strasbourg (sur inscription\u00a0: <a href=\"https:\/\/www.librairie-kleber.com\" target=\"_blank\" rel=\"nofollow noopener\">www.librairie-kleber.com<\/a> ).<\/p>\n","protected":false},"excerpt":{"rendered":"Pas moins de 200 r\u00e9sistants, pour certains connus, la plupart oubli\u00e9s, sont r\u00e9pertori\u00e9s dans R\u00e9sistantes et r\u00e9sistants strasbourgeois.&hellip;\n","protected":false},"author":2,"featured_media":198763,"comment_status":"","ping_status":"","sticky":false,"template":"","format":"standard","meta":{"footnotes":""},"categories":[2820],"tags":[1111,11,2389,1687,2880,1777,674,107,1011,27,775,2410,12,25,640,2879],"class_list":{"0":"post-199024","1":"post","2":"type-post","3":"status-publish","4":"format-standard","5":"has-post-thumbnail","7":"category-strasbourg","8":"tag-actu","9":"tag-actualites","10":"tag-alsace","11":"tag-culture-loisirs","12":"tag-edition-strasbourg","13":"tag-eu","14":"tag-europe","15":"tag-fil-info","16":"tag-fr","17":"tag-france","18":"tag-grand-est","19":"tag-livres-bd","20":"tag-news","21":"tag-republique-francaise","22":"tag-strasbourg","23":"tag-strasbourg-ville"},"share_on_mastodon":{"url":"https:\/\/pubeurope.com\/@fr\/114734538634844032","error":""},"_links":{"self":[{"href":"https:\/\/www.europesays.com\/fr\/wp-json\/wp\/v2\/posts\/199024","targetHints":{"allow":["GET"]}}],"collection":[{"href":"https:\/\/www.europesays.com\/fr\/wp-json\/wp\/v2\/posts"}],"about":[{"href":"https:\/\/www.europesays.com\/fr\/wp-json\/wp\/v2\/types\/post"}],"author":[{"embeddable":true,"href":"https:\/\/www.europesays.com\/fr\/wp-json\/wp\/v2\/users\/2"}],"replies":[{"embeddable":true,"href":"https:\/\/www.europesays.com\/fr\/wp-json\/wp\/v2\/comments?post=199024"}],"version-history":[{"count":0,"href":"https:\/\/www.europesays.com\/fr\/wp-json\/wp\/v2\/posts\/199024\/revisions"}],"wp:featuredmedia":[{"embeddable":true,"href":"https:\/\/www.europesays.com\/fr\/wp-json\/wp\/v2\/media\/198763"}],"wp:attachment":[{"href":"https:\/\/www.europesays.com\/fr\/wp-json\/wp\/v2\/media?parent=199024"}],"wp:term":[{"taxonomy":"category","embeddable":true,"href":"https:\/\/www.europesays.com\/fr\/wp-json\/wp\/v2\/categories?post=199024"},{"taxonomy":"post_tag","embeddable":true,"href":"https:\/\/www.europesays.com\/fr\/wp-json\/wp\/v2\/tags?post=199024"}],"curies":[{"name":"wp","href":"https:\/\/api.w.org\/{rel}","templated":true}]}}