{"id":199025,"date":"2025-06-23T20:21:10","date_gmt":"2025-06-23T20:21:10","guid":{"rendered":"https:\/\/www.europesays.com\/fr\/199025\/"},"modified":"2025-06-23T20:21:10","modified_gmt":"2025-06-23T20:21:10","slug":"pape-demba-diop-est-a-strasbourg-pour-signer-son-contrat-alsasports","status":"publish","type":"post","link":"https:\/\/www.europesays.com\/fr\/199025\/","title":{"rendered":"Pape Demba Diop est \u00e0 Strasbourg pour signer son contrat \u2014 Alsa&rsquo;Sports"},"content":{"rendered":"<p><strong>Le milieu s\u00e9n\u00e9galais Pape Demba Diop a \u00e9t\u00e9 aper\u00e7u \u00e0 Strasbourg ce lundi et va signer son contrat pour rejoindre le Racing apr\u00e8s une saison compl\u00e8te en Belgique avec Zulte Waregem. <\/strong><\/p>\n<p>Suivi par le Racing Club de Strasbourg depuis plusieurs semaines, Pape Demba Diop a \u00e9t\u00e9 aper\u00e7u ce lundi en sortant d\u2019un h\u00f4tel du quartier r\u00e9sidentiel du Wacken, situ\u00e9 au nord du centre-ville de Strasbourg. Le milieu s\u00e9n\u00e9galais de 21 ans va signer un contrat pour rejoindre le club alsacien, toujours \u00e0 la recherche de jeunes joueurs \u00e0 fort potentiel. Pour Strasbourg, cette signature viendrait combler un besoin au milieu de terrain, notamment apr\u00e8s le retour d\u2019Andrey Santos \u00e0 Chelsea et les incertitudes concernant l\u2019avenir d\u2019Habib Diarra. <\/p>\n<p><strong>Quel profil au milieu de terrain ?<\/strong><\/p>\n<p>Pape Demba Diop a \u00e9t\u00e9 form\u00e9 \u00e0 l\u2019acad\u00e9mie Diambars au S\u00e9n\u00e9gal, reconnue pour avoir r\u00e9v\u00e9l\u00e9 de nombreux internationaux comme Idrissa Gueye ou Bamba Dieng.\u00a0Il\u00a0rejoint en 2022 le Zulte Waregem (D2) en Belgique, o\u00f9 il s\u2019impose progressivement comme un \u00e9l\u00e9ment d\u00e9cisif du milieu de terrain. Son rendement et ses bonnes statistiques (6 buts et 4 passes d\u00e9cisives en 28 matches disput\u00e9s sur 29) lui ont permis d\u2019obtenir le titre de champion et la mont\u00e9e du club en Jupiler Pro League, puis d\u2019\u00eatre \u00e9lu meilleur joueur de la deuxi\u00e8me division belge cette saison.<\/p>\n<p>Bien qu\u2019il lui reste encore trois ans de contrat avec Zulte Waregem, Pape Demba Diop est sur le point de franchir une \u00e9tape importante dans sa carri\u00e8re en rejoignant la jeune garde strasbourgeoise. Pour ce qui est de son profil de jeu, Pape Demba Diop est un milieu d\u00e9fensif qualifi\u00e9 de \u00ab\u00a0box to box\u00a0\u00bb. Solide pour d\u00e9fendre mais \u00e0 l\u2019aise avec le ballon, il est capable d\u2019organiser le jeu avec de bonnes passes pour casser des lignes, ou de se projeter vers l\u2019avant. Le jeune s\u00e9n\u00e9galais d\u20191m82 peut \u00e9galement \u00e9voluer en relayeur, ce qui pourrait s\u2019av\u00e9rer utile dans le syst\u00e8me de Liam Rosenior.\u00a0En ralliant l\u2019Alsace, il retrouverait ses compatriotes s\u00e9n\u00e9galais Habib Diarra et Pape Diong (dont les avenirs sont encore incertains). Et ferait l\u2019objet d\u2019un transfert d\u2019environ 2 millions d\u2019euros.<\/p>\n","protected":false},"excerpt":{"rendered":"Le milieu s\u00e9n\u00e9galais Pape Demba Diop a \u00e9t\u00e9 aper\u00e7u \u00e0 Strasbourg ce lundi et va signer son contrat&hellip;\n","protected":false},"author":2,"featured_media":199026,"comment_status":"","ping_status":"","sticky":false,"template":"","format":"standard","meta":{"footnotes":""},"categories":[2820],"tags":[1111,11,1777,674,63,1011,27,775,66,12,33869,4448,25,640],"class_list":{"0":"post-199025","1":"post","2":"type-post","3":"status-publish","4":"format-standard","5":"has-post-thumbnail","7":"category-strasbourg","8":"tag-actu","9":"tag-actualites","10":"tag-eu","11":"tag-europe","12":"tag-football","13":"tag-fr","14":"tag-france","15":"tag-grand-est","16":"tag-ligue-1","17":"tag-news","18":"tag-pape-demba-diop","19":"tag-rc-strasbourg","20":"tag-republique-francaise","21":"tag-strasbourg"},"share_on_mastodon":{"url":"https:\/\/pubeurope.com\/@fr\/114734542777933953","error":""},"_links":{"self":[{"href":"https:\/\/www.europesays.com\/fr\/wp-json\/wp\/v2\/posts\/199025","targetHints":{"allow":["GET"]}}],"collection":[{"href":"https:\/\/www.europesays.com\/fr\/wp-json\/wp\/v2\/posts"}],"about":[{"href":"https:\/\/www.europesays.com\/fr\/wp-json\/wp\/v2\/types\/post"}],"author":[{"embeddable":true,"href":"https:\/\/www.europesays.com\/fr\/wp-json\/wp\/v2\/users\/2"}],"replies":[{"embeddable":true,"href":"https:\/\/www.europesays.com\/fr\/wp-json\/wp\/v2\/comments?post=199025"}],"version-history":[{"count":0,"href":"https:\/\/www.europesays.com\/fr\/wp-json\/wp\/v2\/posts\/199025\/revisions"}],"wp:featuredmedia":[{"embeddable":true,"href":"https:\/\/www.europesays.com\/fr\/wp-json\/wp\/v2\/media\/199026"}],"wp:attachment":[{"href":"https:\/\/www.europesays.com\/fr\/wp-json\/wp\/v2\/media?parent=199025"}],"wp:term":[{"taxonomy":"category","embeddable":true,"href":"https:\/\/www.europesays.com\/fr\/wp-json\/wp\/v2\/categories?post=199025"},{"taxonomy":"post_tag","embeddable":true,"href":"https:\/\/www.europesays.com\/fr\/wp-json\/wp\/v2\/tags?post=199025"}],"curies":[{"name":"wp","href":"https:\/\/api.w.org\/{rel}","templated":true}]}}