{"id":199051,"date":"2025-06-23T20:35:31","date_gmt":"2025-06-23T20:35:31","guid":{"rendered":"https:\/\/www.europesays.com\/fr\/199051\/"},"modified":"2025-06-23T20:35:31","modified_gmt":"2025-06-23T20:35:31","slug":"les-commercants-impactes-par-les-travaux-se-mobilisent-pour-leur-indemnisation","status":"publish","type":"post","link":"https:\/\/www.europesays.com\/fr\/199051\/","title":{"rendered":"les commer\u00e7ants impact\u00e9s par les travaux se mobilisent pour leur indemnisation"},"content":{"rendered":"<p>En mai dernier, le collectif des D\u00e9fenseurs de Lyon et du Grand Lyon, qui milite \u00ab\u00a0contre la fermeture\u00a0\u00bb de la ville, annon\u00e7ait sa volont\u00e9 d\u2019engager une action en justice pour que les commer\u00e7ants \u00ab\u00a0impact\u00e9s par les travaux urbains\u00a0\u00bb obtiennent une compensation financi\u00e8re. \u00ab\u00a0Trop de commerces ont ferm\u00e9, il est temps de se d\u00e9fendre\u00a0\u00bb, annon\u00e7ait-il.<\/p>\n<p>\u00ab\u00a0Les pertes moyennes enregistr\u00e9es, affirme le collectif, se situent pour la grande majorit\u00e9 entre -20 et -40\u00a0%. Mais chez certains commerces, le chiffre d\u2019affaires s\u2019effondre \u00e0 -50, -60, voire -70\u00a0% [&#8230;] Une situation insoutenable. Tout cela, sans aucun accompagnement des collectivit\u00e9s locales responsables, ni dialogue ni prise en consid\u00e9ration.\u00a0\u00bb<\/p>\n<p>  \u00ab\u00a0La p\u00e9riode n\u2019est pas facile, mais la sortie est proche\u00a0\u00bb<\/p>\n<p>En mai dernier, l\u2019\u00e9cologiste Camille Augey, adjointe au maire de Lyon en charge de l\u2019Emploi et de l\u2019\u00c9conomie durable, reconnaissait dans nos colonnes\u00a0: \u00ab\u00a0On est dans une phase de travaux dense, la p\u00e9riode n\u2019est pas facile, mais la sortie est proche. Beaucoup de retard a \u00e9t\u00e9 pris sur l\u2019entretien des r\u00e9seaux, ces travaux sont donc essentiels.\u00a0\u00bb<\/p>\n<p>L\u2019\u00e9lue rappelait que la mairie de Lyon met en place un plan d\u2019actions pour soutenir les commerces, citant p\u00eale-m\u00eale des formations, des campagnes de promotion, la cr\u00e9ation de labels, <a href=\"https:\/\/oye.participer.lyon.fr\/processes\/assisescommerce?locale=fr\" target=\"_blank\" rel=\"nofollow noopener\">les Assises du commerce<\/a>\u2026 Et signalait que \u00ab\u00a0la R\u00e9gion est la collectivit\u00e9 comp\u00e9tente pour aider financi\u00e8rement les entreprises, surtout celles en difficult\u00e9 \u00bb.<\/p>\n","protected":false},"excerpt":{"rendered":"En mai dernier, le collectif des D\u00e9fenseurs de Lyon et du Grand Lyon, qui milite \u00ab\u00a0contre la fermeture\u00a0\u00bb&hellip;\n","protected":false},"author":2,"featured_media":199052,"comment_status":"","ping_status":"","sticky":false,"template":"","format":"standard","meta":{"footnotes":""},"categories":[1889],"tags":[1111,11,2430,33,2757,1777,674,1011,27,2428,2756,12,25,801,104],"class_list":{"0":"post-199051","1":"post","2":"type-post","3":"status-publish","4":"format-standard","5":"has-post-thumbnail","7":"category-lyon","8":"tag-actu","9":"tag-actualites","10":"tag-auvergne-rhone-alpes","11":"tag-economie","12":"tag-edition-lyon-villeurbanne","13":"tag-eu","14":"tag-europe","15":"tag-fr","16":"tag-france","17":"tag-lyon","18":"tag-lyon-bassin","19":"tag-news","20":"tag-republique-francaise","21":"tag-social","22":"tag-societe"},"share_on_mastodon":{"url":"https:\/\/pubeurope.com\/@fr\/114734597606447109","error":""},"_links":{"self":[{"href":"https:\/\/www.europesays.com\/fr\/wp-json\/wp\/v2\/posts\/199051","targetHints":{"allow":["GET"]}}],"collection":[{"href":"https:\/\/www.europesays.com\/fr\/wp-json\/wp\/v2\/posts"}],"about":[{"href":"https:\/\/www.europesays.com\/fr\/wp-json\/wp\/v2\/types\/post"}],"author":[{"embeddable":true,"href":"https:\/\/www.europesays.com\/fr\/wp-json\/wp\/v2\/users\/2"}],"replies":[{"embeddable":true,"href":"https:\/\/www.europesays.com\/fr\/wp-json\/wp\/v2\/comments?post=199051"}],"version-history":[{"count":0,"href":"https:\/\/www.europesays.com\/fr\/wp-json\/wp\/v2\/posts\/199051\/revisions"}],"wp:featuredmedia":[{"embeddable":true,"href":"https:\/\/www.europesays.com\/fr\/wp-json\/wp\/v2\/media\/199052"}],"wp:attachment":[{"href":"https:\/\/www.europesays.com\/fr\/wp-json\/wp\/v2\/media?parent=199051"}],"wp:term":[{"taxonomy":"category","embeddable":true,"href":"https:\/\/www.europesays.com\/fr\/wp-json\/wp\/v2\/categories?post=199051"},{"taxonomy":"post_tag","embeddable":true,"href":"https:\/\/www.europesays.com\/fr\/wp-json\/wp\/v2\/tags?post=199051"}],"curies":[{"name":"wp","href":"https:\/\/api.w.org\/{rel}","templated":true}]}}