{"id":199061,"date":"2025-06-23T20:42:10","date_gmt":"2025-06-23T20:42:10","guid":{"rendered":"https:\/\/www.europesays.com\/fr\/199061\/"},"modified":"2025-06-23T20:42:10","modified_gmt":"2025-06-23T20:42:10","slug":"une-premiere-statue-de-la-fleche-de-notre-dame-est-de-retour-sur-la-cathedrale","status":"publish","type":"post","link":"https:\/\/www.europesays.com\/fr\/199061\/","title":{"rendered":"une premi\u00e8re statue de la fl\u00e8che de Notre-Dame est de retour sur la cath\u00e9drale"},"content":{"rendered":"<p>Nouvelle \u00e9tape pour la reconstruction de la cath\u00e9drale Notre-Dame. La fl\u00e8che de l&rsquo;\u00e9difice a retrouv\u00e9 lundi une des 16 statues qui ornaient sa base et avaient \u00e9t\u00e9 d\u00e9pos\u00e9es pour <a href=\"https:\/\/www.ledauphine.com\/culture-loisirs\/2024\/11\/29\/decouvrez-l-interieur-de-la-cathedrale-notre-dame-de-paris-enfin-renovee\" target=\"_blank\" rel=\"nofollow noopener\">r\u00e9novation quatre jours avant l&rsquo;incendie de 2019<\/a>.<\/p>\n<p>Soulev\u00e9e par une immense grue, la statue en cuivre de Saint Paul a \u00e9t\u00e9 replac\u00e9e sur le gradin qu&rsquo;elle occupait depuis la moiti\u00e9 du XIXe si\u00e8cle sur le toit de Notre-Dame, au pied de la fl\u00e8che qui avait \u00e9t\u00e9<a href=\"https:\/\/www.ledauphine.com\/societe\/2024\/12\/07\/reouverture-de-notre-dame-de-paris-suivez-les-ceremonies\" target=\"_blank\" rel=\"nofollow noopener\"> totalement d\u00e9truite par les flammes le 15 avril 2019. <\/a><\/p>\n<p>Toutes les statues de retour fin juillet<\/p>\n<p>A la faveur d&rsquo;une r\u00e9novation pr\u00e9vue de longue date, les 16 statues repr\u00e9sentant les ap\u00f4tres et les \u00e9vangiles avaient, elles, \u00e9chapp\u00e9 \u00e0 l&rsquo;incendie qui a ravag\u00e9 une partie de la cath\u00e9drale, reb\u00e2tie \u00e0 l&rsquo;identique dans le cadre d&rsquo;un chantier titanesque de plus de cinq ans.<\/p>\n<p>A l&rsquo;issue de 700 millions d&rsquo;euros de travaux, ce chef-d&rsquo;oeuvre gothique du XIIe si\u00e8cle a rouvert ses portes au public d\u00e9but d\u00e9cembre mais reste encore aujourd&rsquo;hui partiellement ceint d&rsquo;\u00e9chafaudages pour parachever sa r\u00e9novation.<\/p>\n<p>Le retour \u00e0 Notre-Dame de cette premi\u00e8re statue, avant les 15 autres d&rsquo;ici \u00e0 la fin juillet, est un \u00ab nouveau grand moment de la restauration (&#8230;) de notre cath\u00e9drale \u00bb, a salu\u00e9 l&rsquo;archev\u00eaque de Paris, Mgr Laurent Ulrich, qui a b\u00e9ni la sculpture avant qu&rsquo;elle ne s&rsquo;\u00e9l\u00e8ve dans les airs.<\/p>\n<p>\u00ab Un nouveau moment symbolique \u00bb<\/p>\n<p>Dessin\u00e9es en 1857 par l&rsquo;architecte Viollet-le-Duc, ces 16 statues de 3,4 m\u00e8tres de haut avaient \u00e9t\u00e9 r\u00e9nov\u00e9es entre 2019 et 2021 en Dordogne (sud-ouest) et \u00e9taient, depuis d\u00e9but 2023, expos\u00e9es \u00e0 la Cit\u00e9 de l&rsquo;architecture \u00e0 Paris.<\/p>\n<p>C&rsquo;est le prochain ach\u00e8vement des travaux de couverture de la fl\u00e8che qui a permis de d\u00e9buter le retour des statues \u00e0 leur emplacement d&rsquo;origine. \u00ab Une boucle est boucl\u00e9e aujourd&rsquo;hui \u00bb, a d\u00e9clar\u00e9 le pr\u00e9sident de l&rsquo;\u00e9tablissement public en charge du chantier de reconstruction de Notre-Dame, Philippe Jost, \u00e9voquant \u00ab un nouveau moment symbolique \u00bb.<\/p>\n<p>La r\u00e9novation des 16 statues a co\u00fbt\u00e9 environ 1,4 million d&rsquo;euros, dont 85% ont \u00e9t\u00e9 r\u00e9unis par la Fondation Notre-Dame. Ces statues \u00ab incarnent une g\u00e9n\u00e9rosit\u00e9 qui a pr\u00e9c\u00e9d\u00e9 le drame (de l&rsquo;incendie, NDLR) et un attachement universel \u00e0 Notre-Dame \u00bb, a d\u00e9clar\u00e9 le vice-pr\u00e9sident de cette fondation, Robert Leblanc, cit\u00e9 dans un communiqu\u00e9.<\/p>\n","protected":false},"excerpt":{"rendered":"Nouvelle \u00e9tape pour la reconstruction de la cath\u00e9drale Notre-Dame. La fl\u00e8che de l&rsquo;\u00e9difice a retrouv\u00e9 lundi une des&hellip;\n","protected":false},"author":2,"featured_media":199062,"comment_status":"","ping_status":"","sticky":false,"template":"","format":"standard","meta":{"footnotes":""},"categories":[1888],"tags":[11,1777,674,107,1011,27,329,12,626,2661,5889,25,104],"class_list":{"0":"post-199061","1":"post","2":"type-post","3":"status-publish","4":"format-standard","5":"has-post-thumbnail","7":"category-paris","8":"tag-actualites","9":"tag-eu","10":"tag-europe","11":"tag-fil-info","12":"tag-fr","13":"tag-france","14":"tag-france-monde","15":"tag-news","16":"tag-paris","17":"tag-patrimoine-culturel","18":"tag-religion-croyance","19":"tag-republique-francaise","20":"tag-societe"},"share_on_mastodon":{"url":"https:\/\/pubeurope.com\/@fr\/114734625213923109","error":""},"_links":{"self":[{"href":"https:\/\/www.europesays.com\/fr\/wp-json\/wp\/v2\/posts\/199061","targetHints":{"allow":["GET"]}}],"collection":[{"href":"https:\/\/www.europesays.com\/fr\/wp-json\/wp\/v2\/posts"}],"about":[{"href":"https:\/\/www.europesays.com\/fr\/wp-json\/wp\/v2\/types\/post"}],"author":[{"embeddable":true,"href":"https:\/\/www.europesays.com\/fr\/wp-json\/wp\/v2\/users\/2"}],"replies":[{"embeddable":true,"href":"https:\/\/www.europesays.com\/fr\/wp-json\/wp\/v2\/comments?post=199061"}],"version-history":[{"count":0,"href":"https:\/\/www.europesays.com\/fr\/wp-json\/wp\/v2\/posts\/199061\/revisions"}],"wp:featuredmedia":[{"embeddable":true,"href":"https:\/\/www.europesays.com\/fr\/wp-json\/wp\/v2\/media\/199062"}],"wp:attachment":[{"href":"https:\/\/www.europesays.com\/fr\/wp-json\/wp\/v2\/media?parent=199061"}],"wp:term":[{"taxonomy":"category","embeddable":true,"href":"https:\/\/www.europesays.com\/fr\/wp-json\/wp\/v2\/categories?post=199061"},{"taxonomy":"post_tag","embeddable":true,"href":"https:\/\/www.europesays.com\/fr\/wp-json\/wp\/v2\/tags?post=199061"}],"curies":[{"name":"wp","href":"https:\/\/api.w.org\/{rel}","templated":true}]}}