{"id":199071,"date":"2025-06-23T20:47:11","date_gmt":"2025-06-23T20:47:11","guid":{"rendered":"https:\/\/www.europesays.com\/fr\/199071\/"},"modified":"2025-06-23T20:47:11","modified_gmt":"2025-06-23T20:47:11","slug":"berlin-appelle-liran-a-negocier-avec-israel-et-les-usa","status":"publish","type":"post","link":"https:\/\/www.europesays.com\/fr\/199071\/","title":{"rendered":"Berlin appelle l&rsquo;Iran \u00e0 n\u00e9gocier avec Isra\u00ebl et les USA"},"content":{"rendered":"<p>Le communiqu\u00e9 publi\u00e9 par le gouvernement allemand \u00e0 l&rsquo;issue de la r\u00e9union du cabinet de s\u00e9curit\u00e9 est bref : Berlin estime que de grandes parties du programme nucl\u00e9aire iranien ont \u00e9t\u00e9 affect\u00e9es par les <a href=\"https:\/\/fr.news.yahoo.com\/etats-unis-bombard%C3%A9-liran-074700475.html\" data-ylk=\"slk:frappes a\u00e9riennes;elm:context_link;itc:0;sec:content-canvas;outcm:mb_qualified_link;_E:mb_qualified_link;ct:story;\" class=\"link  yahoo-link\" rel=\"nofollow noopener\" target=\"_blank\">frappes a\u00e9riennes<\/a> des \u00c9tats-Unis mais qu&rsquo;une analyse pr\u00e9cise des dommages ne sera possible qu&rsquo;ult\u00e9rieurement.<\/p>\n<p>Pour le reste, l&rsquo;Allemagne va s&rsquo;entretenir \u00e9troitement avec ses partenaires \u00e9trangers sur la marche \u00e0 suivre.<\/p>\n<p>Ce matin, le porte-parole du gouvernement, Stefan Kornelius, affirmait aussi que l&rsquo;approvisionnement en p\u00e9trole et en gaz de l&rsquo;Allemagne \u00e9tait assur\u00e9 et que le pays ne d\u00e9pendait pas de l&rsquo;Iran pour ces deux ressources.<\/p>\n<p>CDU et SPD s&rsquo;\u00e9quilibrent<\/p>\n<p>Du c\u00f4t\u00e9 des partis politiques qui composent la coalition au pouvoir, on retient la r\u00e9action de J\u00fcrgen Hardt, vice-pr\u00e9sident de la CDU au Bundestag, la chambre basse du Parlement allemand. Il estime que le coup port\u00e9 par les \u00c9tats-Unis \u00e0 l&rsquo;Iran \u00e9tait pr\u00e9visible \u00e9tant donn\u00e9 le refus de T\u00e9h\u00e9ran de r\u00e9pondre \u00e0 l&rsquo;offre de n\u00e9gociation des Europ\u00e9ens \u2013 ces derniers avaient tent\u00e9, vendredi, de trouver avec leur homologue iranien, une solution diplomatique au conflit sans succ\u00e8s.<\/p>\n<p>Toujours selon le conservateur, les frappes am\u00e9ricaines \u00e9loignent au moins pour plusieurs ann\u00e9es la <a href=\"https:\/\/fr.news.yahoo.com\/offensive-iran-o%C3%B9-%C3%A9tait-programme-181000537.html\" data-ylk=\"slk:menace nucl\u00e9aire;elm:context_link;itc:0;sec:content-canvas;outcm:mb_qualified_link;_E:mb_qualified_link;ct:story;\" class=\"link  yahoo-link\" rel=\"nofollow noopener\" target=\"_blank\">menace nucl\u00e9aire<\/a> \u00e9manant de l&rsquo;Iran ce qui constitue une bonne nouvelle pour Isra\u00ebl et le reste du monde libre, notamment l&rsquo;Allemagne.<\/p>\n<p>Autre son de cloche du c\u00f4t\u00e9 du SPD avec cette r\u00e9action de Rolf M\u00fctzenich, sp\u00e9cialiste de la politique \u00e9trang\u00e8re du parti social-d\u00e9mocrate. Dans un entretien au quotidien Tagesspiegel, il estime que \u00ab\u00a0la tentative de renforcer l&rsquo;ordre international par la coop\u00e9ration, le contr\u00f4le et les trait\u00e9s fait un pas en arri\u00e8re de plusieurs d\u00e9cennies\u00a0\u00bb.<\/p>\n<p>\u00ab\u00a0Sur le plan juridique, l&rsquo;Allemagne doit \u00e9videmment critiquer les actions des \u00c9tats-Unis et d&rsquo;Isra\u00ebl parce qu&rsquo;elles ne sont pas conformes au <a href=\"https:\/\/fr.news.yahoo.com\/offensive-iran-dit-droit-international-173500353.html\" data-ylk=\"slk:droit international;elm:context_link;itc:0;sec:content-canvas;outcm:mb_qualified_link;_E:mb_qualified_link;ct:story;\" class=\"link  yahoo-link\" rel=\"nofollow noopener\" target=\"_blank\">droit international<\/a>\u00ab\u00a0, affirme aussi Rachel Tausendfreund, chercheuse \u00e0 la DGAP, la soci\u00e9t\u00e9 allemande de politique \u00e9trang\u00e8re  . Ce n&rsquo;est pas l\u00e0 une fa\u00e7on de faire qui est souhaitable. C&rsquo;est m\u00eame un processus tr\u00e8s dangereux lorsque des pays d\u00e9cident d&rsquo;utiliser un avantage militaire et de frapper. Ce n&rsquo;est pas un monde que l&rsquo;Allemagne souhaite. Ce n&rsquo;est pas un monde s\u00fbr pour qui que ce soit\u00a0\u00bb.<\/p>\n<p><img class=\"caas-img caas-lazy has-preview\" alt=\"Samedi, des milliers de personnes ont protest\u00e9 devant le Parlement allemand \u00e0 Berlin pour d\u00e9noncer la politique isra\u00e9lienne dans la bande de Gaza et vis-\u00e0-vis de l'Iran.&lt;span class=&quot;copyright&quot;&gt;Halil Sagirkaya\/Anadolu Agency\/IMAGO&lt;\/span&gt;\" data-src=\"https:\/\/www.europesays.com\/fr\/wp-content\/uploads\/2025\/06\/fde8d6bd8d966cd8d5e69c98cccb19e2.jpeg\"\/><\/p>\n<p>Samedi, des milliers de personnes ont protest\u00e9 devant le Parlement allemand \u00e0 Berlin pour d\u00e9noncer la politique isra\u00e9lienne dans la bande de Gaza et vis-\u00e0-vis de l&rsquo;Iran.Halil Sagirkaya\/Anadolu Agency\/IMAGO<\/p>\n<p>Pr\u00e9occupations du c\u00f4t\u00e9 de l&rsquo;opposition<\/p>\n<p>Du c\u00f4t\u00e9 de l&rsquo;opposition allemande, signalons la r\u00e9action des \u00e9cologistes qui demandent des comptes aux Etats-Unis en mati\u00e8re de droit international, un droit qui ne tol\u00e8re pas les attaques sur des cibles nucl\u00e9aires.<\/p>\n<p>Des critiques des frappes am\u00e9ricaines, aussi, \u00e0 gauche. Die Linke estime que les bombardements am\u00e9ricains sont contraires au droit international. Et qu&rsquo;il faut que toutes les parties m\u00e8nent une politique de d\u00e9sescalade. Pour Die Linke, seules des n\u00e9gociations peuvent \u00e9viter l&rsquo;Iran de se doter de l&rsquo;arme atomique et par ailleurs, le parti estime que si les Occidentaux se mettent aussi \u00e0 violer de la sorte le droit international, il leur sera difficile de trouver des appuis pour critiques les violations commises par la Russie de Vladimir Poutine.<\/p>\n<p>La Bundeswehr \u00e0 la man\u0153uvre<\/p>\n<p>Une autre grande pr\u00e9occupation du gouvernement allemand depuis le d\u00e9but de la <a href=\"https:\/\/fr.news.yahoo.com\/isra%C3%ABl-iran-tension-continue-monter-171500791.html\" data-ylk=\"slk:confrontation entre Isra\u00ebl et l&#039;Iran;elm:context_link;itc:0;sec:content-canvas;outcm:mb_qualified_link;_E:mb_qualified_link;ct:story;\" class=\"link  yahoo-link\" rel=\"nofollow noopener\" target=\"_blank\">confrontation entre Isra\u00ebl et l&rsquo;Iran<\/a> c&rsquo;est l&rsquo;\u00e9vacuation de ressortissants bas\u00e9s en Isra\u00ebl \u2013 une t\u00e2che rendue d\u00e9licate par la fermeture de l&rsquo;espace a\u00e9rien isra\u00e9lien depuis le 13 juin. Il a depuis \u00e9t\u00e9 r\u00e9ouvert par intermittence pour des vols de rapatriement.<\/p>\n<p>A l&rsquo;issue de n\u00e9gociations ardues avec Isra\u00ebl, la Bundeswehr a pu ainsi, pour la premi\u00e8re fois, se poser en Isra\u00ebl et rapatrier 64 ressortissants allemands dans la soir\u00e9e de samedi. Une op\u00e9ration qui visait en particulier des familles avec des enfants et des personnes vuln\u00e9rables. Par ailleurs, 123 citoyens allemands ont aussi pu rejoindre l&rsquo;Allemagne ce week-end via la Jordanie.<\/p>\n<p>Selon la liste \u00e9lectronique qui recense, sur une base volontaire, les Allemands vivants \u00e0 l&rsquo;\u00e9tranger, 4.300 citoyens allemands vivent en Isra\u00ebl, un millier en Iran. Pour ces derniers, aucun transport sp\u00e9cial n&rsquo;a \u00e9t\u00e9 pr\u00e9vu pour le moment.<\/p>\n","protected":false},"excerpt":{"rendered":"Le communiqu\u00e9 publi\u00e9 par le gouvernement allemand \u00e0 l&rsquo;issue de la r\u00e9union du cabinet de s\u00e9curit\u00e9 est bref&hellip;\n","protected":false},"author":2,"featured_media":199072,"comment_status":"","ping_status":"","sticky":false,"template":"","format":"standard","meta":{"footnotes":""},"categories":[1587],"tags":[11,672,1804,1805,1803,73,1777,674,1801,664,12,33872,12228,10458,1802],"class_list":{"0":"post-199071","1":"post","2":"type-post","3":"status-publish","4":"format-standard","5":"has-post-thumbnail","7":"category-allemagne","8":"tag-actualites","9":"tag-allemagne","10":"tag-bundesrepublik-deutschland","11":"tag-de","12":"tag-deutschland","13":"tag-etats-unis","14":"tag-eu","15":"tag-europe","16":"tag-germany","17":"tag-israel","18":"tag-news","19":"tag-parlement-allemand","20":"tag-porte-parole-du-gouvernement","21":"tag-programme-nucleaire-iranien","22":"tag-republique-federale-dallemagne"},"share_on_mastodon":{"url":"https:\/\/pubeurope.com\/@fr\/114734644779377879","error":""},"_links":{"self":[{"href":"https:\/\/www.europesays.com\/fr\/wp-json\/wp\/v2\/posts\/199071","targetHints":{"allow":["GET"]}}],"collection":[{"href":"https:\/\/www.europesays.com\/fr\/wp-json\/wp\/v2\/posts"}],"about":[{"href":"https:\/\/www.europesays.com\/fr\/wp-json\/wp\/v2\/types\/post"}],"author":[{"embeddable":true,"href":"https:\/\/www.europesays.com\/fr\/wp-json\/wp\/v2\/users\/2"}],"replies":[{"embeddable":true,"href":"https:\/\/www.europesays.com\/fr\/wp-json\/wp\/v2\/comments?post=199071"}],"version-history":[{"count":0,"href":"https:\/\/www.europesays.com\/fr\/wp-json\/wp\/v2\/posts\/199071\/revisions"}],"wp:featuredmedia":[{"embeddable":true,"href":"https:\/\/www.europesays.com\/fr\/wp-json\/wp\/v2\/media\/199072"}],"wp:attachment":[{"href":"https:\/\/www.europesays.com\/fr\/wp-json\/wp\/v2\/media?parent=199071"}],"wp:term":[{"taxonomy":"category","embeddable":true,"href":"https:\/\/www.europesays.com\/fr\/wp-json\/wp\/v2\/categories?post=199071"},{"taxonomy":"post_tag","embeddable":true,"href":"https:\/\/www.europesays.com\/fr\/wp-json\/wp\/v2\/tags?post=199071"}],"curies":[{"name":"wp","href":"https:\/\/api.w.org\/{rel}","templated":true}]}}