{"id":1991,"date":"2025-04-04T05:37:09","date_gmt":"2025-04-04T05:37:09","guid":{"rendered":"https:\/\/www.europesays.com\/fr\/1991\/"},"modified":"2025-04-04T05:37:09","modified_gmt":"2025-04-04T05:37:09","slug":"je-souffre-cyril-hanouna-revele-avoir-subi-une-intervention-a-gorge-ouverte","status":"publish","type":"post","link":"https:\/\/www.europesays.com\/fr\/1991\/","title":{"rendered":"Je souffre\u2026\u00a0\u00bb : Cyril Hanouna r\u00e9v\u00e8le avoir subi une intervention \u00ab\u00a0\u00e0 gorge ouverte"},"content":{"rendered":"<p>      R\u00e9sum\u00e9<\/p>\n<p>Cyril Hanouna r\u00e9v\u00e8le avoir subi une intervention \u00ab\u00a0\u00e0 gorge ouverte\u00a0\u00bb sans anesth\u00e9sie et explique les raisons de cette op\u00e9ration lors de son \u00e9mission sur Europe 1.<\/p>\n<p>        Sommaire<\/p>\n<p>Une op\u00e9ration sans anesth\u00e9sie pour <a href=\"https:\/\/www.public.fr\/tag\/cyril-hanouna\" target=\"_blank\" rel=\"noopener\">Cyril Hanouna<\/a>. Dans son \u00e9mission <strong>\u00ab\u00a0On marche sur la t\u00eate\u00a0\u00bb<\/strong> sur Europe 1, ce jeudi 3 avril 2025, <a href=\"https:\/\/www.public.fr\/cyril-hanouna-surprise-il-annonce-sa-presence-a-lantenne-jusqu-en-juin\" target=\"_blank\" rel=\"noopener\">le pr\u00e9sentateur<\/a> a r\u00e9v\u00e9l\u00e9 sur les ondes, et \u00e0 ses \u00e9quipes, avoir r\u00e9cemment subi une intervention.<\/p>\n<p>Une intervention que de nombreux fans de l\u2019animateur ignoraient peut-\u00eatre. En effet, si son \u00e9mission <strong>\u00ab\u00a0TPMP\u00a0\u00bb <\/strong>se poursuivait, l\u2019animateur aurait pu \u00e9voquer le sujet. N\u00e9anmoins, la quotidienne a officiellement disparu pour de bon le 26 mars dernier.<\/p>\n<p>La fin d&rsquo;une aventure pour Cyril Hanouna<\/p>\n<p>Environ un mois apr\u00e8s la fermeture de C8, Cyril Hanouna a r\u00e9ussi \u00e0 poursuivre l\u2019aventure avec son \u00e9mission lanc\u00e9e le 1er avril 2010. En compagnie de ses chroniqueurs Val\u00e9rie Bena\u00efm, Jean-Michel Maire, G\u00e9raldine Maillet, ou encore Raymond Aabou, <a href=\"https:\/\/vsd.fr\/tag\/cyril-hanouna\/\" target=\"_blank\" rel=\"noopener\">\u00ab\u00a0Baba\u00a0\u00bb<\/a> pr\u00e9sentait <strong>\u00ab\u00a0TPMP\u00a0\u00bb<\/strong> tous les soirs via sa cha\u00eene YouTube et sur DailyMotion.<\/p>\n<p>En plus de ces deux plateformes, il \u00e9tait \u00e9galement possible pour les fans du pr\u00e9sentateur de le retrouver sur le canal 29 de Canal+ et sur divers autres canaux des Box internet. <\/p>\n<p>Alors qu\u2019il devait poursuivre l\u2019animation de la quotidienne jusqu\u2019\u00e0 la fin de l\u2019ann\u00e9e, avant de d\u00e9barquer sur W9 \u00e0 la rentr\u00e9e prochaine, Cyril Hanouna annon\u00e7ait, contre toute attente, la fin d\u00e9finitive de son programme le 26 mars dernier.<\/p>\n<p>Une op\u00e9ration \u00e0 \u00ab\u00a0gorge ouverte\u00a0\u00bb pour l&rsquo;animateur<\/p>\n<p>Malgr\u00e9 cet arr\u00eat qui a chagrin\u00e9 de nombreux fans, ces derniers peuvent retrouver \u00ab\u00a0Baba\u00a0\u00bb de fa\u00e7on quotidienne. Depuis le 17 juin 2024, il anime l\u2019\u00e9mission <strong>\u00ab\u00a0On marche sur la t\u00eate\u00a0\u00bb <\/strong>sur Europe 1. Et c\u2019est justement dans cette \u00e9mission que l\u2019animateur a fait une \u00e9trange r\u00e9v\u00e9lation.\u00a0<\/p>\n<p>L\u2019\u00e9mission radio \u00e9tant film\u00e9e, il \u00e9tait possible de d\u00e9couvrir le pr\u00e9sentateur avec un pansement sur la gorge. Questionn\u00e9 sur le sujet, Cyril Hanouna en a rapidement donn\u00e9 la raison : <strong>\u00ab\u00a0Je viens de faire une petite intervention, j&rsquo;ai fait une intervention \u00e0 gorge ouverte\u00a0\u00bb.<\/strong><\/p>\n<p>Apr\u00e8s avoir pris connaissance de cette intervention, Val\u00e9rie Bena\u00efm lui a alors demand\u00e9 s&rsquo;il s&rsquo;\u00e9tait fait retirer un grain de beaut\u00e9.\u00a0<strong>\u00ab\u00a0Non, non, ce n&rsquo;est pas du tout un grain de beaut\u00e9, mais un kyste [\u2026] Et tout \u00e7a sans anesth\u00e9sie\u00a0\u00bb<\/strong>, a alors pr\u00e9cis\u00e9 le principal int\u00e9ress\u00e9 qui assure garder des s\u00e9quelles de cette op\u00e9ration :\u00a0\u00ab\u00a0Je souffre, mais je suis l\u00e0\u00a0\u00bb.<\/p>\n<p>      Mentionn\u00e9s dans cet article<\/p>\n<p>\u00c0 lire aussi<\/p>\n","protected":false},"excerpt":{"rendered":"R\u00e9sum\u00e9 Cyril Hanouna r\u00e9v\u00e8le avoir subi une intervention \u00ab\u00a0\u00e0 gorge ouverte\u00a0\u00bb sans anesth\u00e9sie et explique les raisons de&hellip;\n","protected":false},"author":2,"featured_media":1992,"comment_status":"","ping_status":"","sticky":false,"template":"","format":"standard","meta":{"footnotes":""},"categories":[1359],"tags":[1083,58,59,1473,1011,27,1474,1475,1476,973,551],"class_list":{"0":"post-1991","1":"post","2":"type-post","3":"status-publish","4":"format-standard","5":"has-post-thumbnail","7":"category-people","8":"tag-cyril-hanouna","9":"tag-divertissement","10":"tag-entertainment","11":"tag-europe-1","12":"tag-fr","13":"tag-france","14":"tag-geraldine-maillet","15":"tag-gorge","16":"tag-operation","17":"tag-people","18":"tag-valerie-benaim"},"share_on_mastodon":{"url":"https:\/\/pubeurope.com\/@fr\/114278081722898149","error":""},"_links":{"self":[{"href":"https:\/\/www.europesays.com\/fr\/wp-json\/wp\/v2\/posts\/1991","targetHints":{"allow":["GET"]}}],"collection":[{"href":"https:\/\/www.europesays.com\/fr\/wp-json\/wp\/v2\/posts"}],"about":[{"href":"https:\/\/www.europesays.com\/fr\/wp-json\/wp\/v2\/types\/post"}],"author":[{"embeddable":true,"href":"https:\/\/www.europesays.com\/fr\/wp-json\/wp\/v2\/users\/2"}],"replies":[{"embeddable":true,"href":"https:\/\/www.europesays.com\/fr\/wp-json\/wp\/v2\/comments?post=1991"}],"version-history":[{"count":0,"href":"https:\/\/www.europesays.com\/fr\/wp-json\/wp\/v2\/posts\/1991\/revisions"}],"wp:featuredmedia":[{"embeddable":true,"href":"https:\/\/www.europesays.com\/fr\/wp-json\/wp\/v2\/media\/1992"}],"wp:attachment":[{"href":"https:\/\/www.europesays.com\/fr\/wp-json\/wp\/v2\/media?parent=1991"}],"wp:term":[{"taxonomy":"category","embeddable":true,"href":"https:\/\/www.europesays.com\/fr\/wp-json\/wp\/v2\/categories?post=1991"},{"taxonomy":"post_tag","embeddable":true,"href":"https:\/\/www.europesays.com\/fr\/wp-json\/wp\/v2\/tags?post=1991"}],"curies":[{"name":"wp","href":"https:\/\/api.w.org\/{rel}","templated":true}]}}