{"id":199102,"date":"2025-06-23T21:04:10","date_gmt":"2025-06-23T21:04:10","guid":{"rendered":"https:\/\/www.europesays.com\/fr\/199102\/"},"modified":"2025-06-23T21:04:10","modified_gmt":"2025-06-23T21:04:10","slug":"fnac-guadeloupe-phidel-en-dedicace-pour-ti-jose-et-la-graine-mysterieuse-a-la-fnac-milenis","status":"publish","type":"post","link":"https:\/\/www.europesays.com\/fr\/199102\/","title":{"rendered":"Fnac Guadeloupe : Phidel en d\u00e9dicace pour \u00ab\u00a0Ti Jos\u00e9 et la graine myst\u00e9rieuse\u00a0\u00bb \u00e0 la Fnac Milenis"},"content":{"rendered":"<p>Le jeudi 3 juillet d\u00e8s 10h, la Fnac Milenis recevra en d\u00e9dicace Phidel pour son livre jeunesse \u00ab\u00a0Ti Jos\u00e9 et la graine myst\u00e9rieuse\u00a0\u00bb.<\/p>\n<p>C\u2019est l\u2019histoire d\u2019une rencontre entre Ti Jos\u00e9 et la graine myst\u00e9rieuse. Mais cette graine porte-t-elle bonheur ou malheur ? Ti Jos\u00e9 va le d\u00e9couvrir dans cette nouvelle aventure.<\/p>\n<p>\u00c9dition bilingue Fran\u00e7ais-cr\u00e9ole<br \/>Texte \/ illustrations de Philippe Del\u00e9pine Jocelyne Ermond (Traductrice)<\/p>\n<p>\u2014<\/p>\n<p>Un \u00e9v\u00e9nement gratuit et libre d\u2019acc\u00e8s\u00a0<\/p>\n<p>        <img decoding=\"async\" src=\"https:\/\/www.europesays.com\/fr\/wp-content\/uploads\/2025\/04\/logo-rse.png\" alt=\"Logo RSE\" loading=\"lazy\" width=\"84\" height=\"116\"\/><\/p>\n<p>\n        La Fnac s\u2019engage activement dans les initiatives de responsabilit\u00e9 soci\u00e9tale des entreprises (RSE).\n    <\/p>\n<p>\n        Aidez-nous en choisissant la mobilit\u00e9 douce en privil\u00e9giant par exemple le v\u00e9lo (pistes cyclables et stationnements \u00e0 disposition), les transports en commun ou le covoiturage pour nous rejoindre. Ainsi, vous contribuez \u00e0 r\u00e9duire les \u00e9missions de gaz \u00e0 effet de serre et \u00e0 am\u00e9liorer notre qualit\u00e9 de l\u2019air. Pour plus d\u2019information, consultez la fiche du magasin.<br \/>Tous nos \u00e9v\u00e8nements sont en acc\u00e8s gratuit, dans la limite des places disponibles.\n    <\/p>\n","protected":false},"excerpt":{"rendered":"Le jeudi 3 juillet d\u00e8s 10h, la Fnac Milenis recevra en d\u00e9dicace Phidel pour son livre jeunesse \u00ab\u00a0Ti&hellip;\n","protected":false},"author":2,"featured_media":199103,"comment_status":"","ping_status":"","sticky":false,"template":"","format":"standard","meta":{"footnotes":""},"categories":[1357],"tags":[1379,58,59,9391,1011,27,6336,1380,4166],"class_list":{"0":"post-199102","1":"post","2":"type-post","3":"status-publish","4":"format-standard","5":"has-post-thumbnail","7":"category-livres","8":"tag-books","9":"tag-divertissement","10":"tag-entertainment","11":"tag-evenement-fnac-gratuit","12":"tag-fr","13":"tag-france","14":"tag-la-reunion","15":"tag-livres","16":"tag-outre-mer"},"share_on_mastodon":{"url":"https:\/\/pubeurope.com\/@fr\/114734711772341149","error":""},"_links":{"self":[{"href":"https:\/\/www.europesays.com\/fr\/wp-json\/wp\/v2\/posts\/199102","targetHints":{"allow":["GET"]}}],"collection":[{"href":"https:\/\/www.europesays.com\/fr\/wp-json\/wp\/v2\/posts"}],"about":[{"href":"https:\/\/www.europesays.com\/fr\/wp-json\/wp\/v2\/types\/post"}],"author":[{"embeddable":true,"href":"https:\/\/www.europesays.com\/fr\/wp-json\/wp\/v2\/users\/2"}],"replies":[{"embeddable":true,"href":"https:\/\/www.europesays.com\/fr\/wp-json\/wp\/v2\/comments?post=199102"}],"version-history":[{"count":0,"href":"https:\/\/www.europesays.com\/fr\/wp-json\/wp\/v2\/posts\/199102\/revisions"}],"wp:featuredmedia":[{"embeddable":true,"href":"https:\/\/www.europesays.com\/fr\/wp-json\/wp\/v2\/media\/199103"}],"wp:attachment":[{"href":"https:\/\/www.europesays.com\/fr\/wp-json\/wp\/v2\/media?parent=199102"}],"wp:term":[{"taxonomy":"category","embeddable":true,"href":"https:\/\/www.europesays.com\/fr\/wp-json\/wp\/v2\/categories?post=199102"},{"taxonomy":"post_tag","embeddable":true,"href":"https:\/\/www.europesays.com\/fr\/wp-json\/wp\/v2\/tags?post=199102"}],"curies":[{"name":"wp","href":"https:\/\/api.w.org\/{rel}","templated":true}]}}