{"id":199106,"date":"2025-06-23T21:06:11","date_gmt":"2025-06-23T21:06:11","guid":{"rendered":"https:\/\/www.europesays.com\/fr\/199106\/"},"modified":"2025-06-23T21:06:11","modified_gmt":"2025-06-23T21:06:11","slug":"vianney-se-retire-en-pleine-nature-pour-un-projet-tres-inattendu-dans-les-mois-a-venir","status":"publish","type":"post","link":"https:\/\/www.europesays.com\/fr\/199106\/","title":{"rendered":"Vianney se retire en pleine nature pour un projet tr\u00e8s inattendu dans les mois \u00e0 venir"},"content":{"rendered":"<p>        <img decoding=\"async\" loading=\"lazy\" src=\"https:\/\/www.europesays.com\/fr\/wp-content\/uploads\/2025\/06\/7489604_1726425922869-000-34hz2ed.jpg\"  width=\"728\" height=\"409\" alt=\"Vianney annonce ce lundi 23\u00a0juin se retirer en pleine nature pour un projet tr\u00e8s inattendu dans les mois \u00e0 venir.\"\/>  <\/p>\n<p>BERTRAND GUAY \/ AFP<\/p>\n<p>Vianney annonce ce lundi 23\u00a0juin se retirer en pleine nature pour un projet tr\u00e8s inattendu dans les mois \u00e0 venir.<\/p>\n<p class=\"asset asset-text\">PEOPLE &#8211; \u00ab\u00a0Construire plut\u00f4t que produire.\u00a0\u00bb Voici son nouveau mantra. Le <a href=\"https:\/\/www.huffingtonpost.fr\/culture\/article\/eddy-mitchell-annule-ses-prochains-concerts-prevus-cet-ete-pour-raison-de-sante_247936.html\" target=\"_blank\" rel=\"noopener\">chanteur<\/a> fran\u00e7ais <a href=\"https:\/\/www.huffingtonpost.fr\/culture\/article\/vianney-sort-sa-reprise-de-hallelujah-chantee-pour-la-reouverture-de-notre-dame-six-ans-apres-l-incendie_248827.html\" target=\"_blank\" rel=\"noopener\">Vianney<\/a> annonce ce lundi 23\u00a0juin, dans une vid\u00e9o sur Instagram, mettre sa carri\u00e8re en pause afin de se lancer dans un nouveau projet\u00a0: construire une cabane en pleine nature pour se ressourcer et retrouver le go\u00fbt pour son m\u00e9tier.<\/p>\n<p class=\"asset asset-text\">\u00ab\u00a0Seul et en silence\u00a0\u00bb, Vianney construira avec ses mains ce refuge dans les prochains mois puis, l\u2019hiver prochain, il s\u2019y enfermera \u00ab\u00a0pour fabriquer de nouvelles chansons\u00a0\u00bb. Il conc\u00e8de\u00a0: \u00ab\u00a0je ne suis nul, j\u2019y connais rien [dans la construction], mais je sais que j\u2019en ai besoin\u00a0\u00bb.<\/p>\n<p class=\"asset asset-text\">Dans cette cabane, o\u00f9, explique-t-il, il n\u2019y aura qu\u2019\u00ab\u00a0un piano, un lit, une table\u00a0\u00bb, le chanteur et jur\u00e9 de <a href=\"https:\/\/www.huffingtonpost.fr\/divertissement\/article\/de-retour-dans-the-voice-sur-tf1-florent-pagny-veut-que-tout-soit-sincere-et-honnete_242816.html\" target=\"_blank\" rel=\"noopener\">The Voice<\/a> esp\u00e8re \u00ab\u00a0r\u00e9apprendre \u00e0 devenir chanteur\u00a0\u00bb. Pour \u00eatre certain d\u2019\u00eatre seul au monde, il ne pr\u00e9cise pas la localisation de son nouveau \u00ab\u00a0bureau\u00a0sans studio\u00a0\u00bb.<\/p>\n<p>    \u00ab\u00a0Tourner\u00a0\u00bb des pages    <\/p>\n<p class=\"asset asset-text\">\u00ab\u00a0\u00c7a fait 5\u00a0ans que je mets tous mon c\u0153ur et tout mon temps au service de projets pour d\u2019autres, avec d\u2019autres\u00a0\u00bb, affirme Vianney en guise d\u2019explications de ce besoin de solitude. Et ajoute\u00a0: \u00ab\u00a0j\u2019ai aussi essay\u00e9 de transmettre un petit peu, je pense \u00e0 The Voice\u00a0qui a \u00e9t\u00e9 vraiment une des aventures les plus belles de ma vie.\u00a0\u00bb Mais maintenant, \u00ab\u00a0j\u2019ai pr\u00e9vu de tourner ces pages-l\u00e0\u00a0\u00bb.<\/p>\n<p> La lecture de ce contenu est susceptible d\u2019entra\u00eener un d\u00e9p\u00f4t de cookies de la part de l\u2019op\u00e9rateur tiers qui l\u2019h\u00e9berge. Compte-tenu des choix que vous avez exprim\u00e9s en mati\u00e8re de d\u00e9p\u00f4t de cookies, nous avons bloqu\u00e9 l\u2019affichage de ce contenu. Si vous souhaitez y acc\u00e9der, vous devez accepter la cat\u00e9gorie de cookies \u201cContenus tiers\u201d en cliquant sur le bouton ci-dessous. <\/p>\n<p> Lire la Vid\u00e9o        <\/p>\n<p class=\"asset asset-text\">Celui qui est r\u00e9cemment entr\u00e9 au<a href=\"https:\/\/www.huffingtonpost.fr\/people\/article\/vianney-entre-au-musee-grevin-et-piege-les-visiteurs-en-leur-faisant-peur-dans-les-couloirs_250731.html\" target=\"_blank\" rel=\"noopener\"> mus\u00e9e Gr\u00e9vin<\/a> a achev\u00e9 au d\u00e9but du mois de mai\u00a0la saison 14\u00a0de\u00a0The Voice\u00a0et il a mis en ligne r\u00e9cemment sa reprise du\u00a0Hallelujah\u00a0de Leonard Cohen qu\u2019il avait chant\u00e9 pour la c\u00e9r\u00e9monie de r\u00e9ouverture de la cath\u00e9drale Notre-Dame de Paris en d\u00e9cembre dernier.<\/p>\n","protected":false},"excerpt":{"rendered":"BERTRAND GUAY \/ AFP Vianney annonce ce lundi 23\u00a0juin se retirer en pleine nature pour un projet tr\u00e8s&hellip;\n","protected":false},"author":2,"featured_media":199107,"comment_status":"","ping_status":"","sticky":false,"template":"","format":"standard","meta":{"footnotes":""},"categories":[1355],"tags":[1696,58,59,1011,27,1361,873,973,8475],"class_list":{"0":"post-199106","1":"post","2":"type-post","3":"status-publish","4":"format-standard","5":"has-post-thumbnail","7":"category-musique","8":"tag-chanteur","9":"tag-divertissement","10":"tag-entertainment","11":"tag-fr","12":"tag-france","13":"tag-music","14":"tag-musique","15":"tag-people","16":"tag-vianney"},"share_on_mastodon":{"url":"https:\/\/pubeurope.com\/@fr\/114734719666925173","error":""},"_links":{"self":[{"href":"https:\/\/www.europesays.com\/fr\/wp-json\/wp\/v2\/posts\/199106","targetHints":{"allow":["GET"]}}],"collection":[{"href":"https:\/\/www.europesays.com\/fr\/wp-json\/wp\/v2\/posts"}],"about":[{"href":"https:\/\/www.europesays.com\/fr\/wp-json\/wp\/v2\/types\/post"}],"author":[{"embeddable":true,"href":"https:\/\/www.europesays.com\/fr\/wp-json\/wp\/v2\/users\/2"}],"replies":[{"embeddable":true,"href":"https:\/\/www.europesays.com\/fr\/wp-json\/wp\/v2\/comments?post=199106"}],"version-history":[{"count":0,"href":"https:\/\/www.europesays.com\/fr\/wp-json\/wp\/v2\/posts\/199106\/revisions"}],"wp:featuredmedia":[{"embeddable":true,"href":"https:\/\/www.europesays.com\/fr\/wp-json\/wp\/v2\/media\/199107"}],"wp:attachment":[{"href":"https:\/\/www.europesays.com\/fr\/wp-json\/wp\/v2\/media?parent=199106"}],"wp:term":[{"taxonomy":"category","embeddable":true,"href":"https:\/\/www.europesays.com\/fr\/wp-json\/wp\/v2\/categories?post=199106"},{"taxonomy":"post_tag","embeddable":true,"href":"https:\/\/www.europesays.com\/fr\/wp-json\/wp\/v2\/tags?post=199106"}],"curies":[{"name":"wp","href":"https:\/\/api.w.org\/{rel}","templated":true}]}}