{"id":199110,"date":"2025-06-23T21:08:10","date_gmt":"2025-06-23T21:08:10","guid":{"rendered":"https:\/\/www.europesays.com\/fr\/199110\/"},"modified":"2025-06-23T21:08:10","modified_gmt":"2025-06-23T21:08:10","slug":"un-simple-test-sanguin-pourrait-predire-le-risque-de-developper-une-forme-grave-de-la-maladie","status":"publish","type":"post","link":"https:\/\/www.europesays.com\/fr\/199110\/","title":{"rendered":"un simple test sanguin pourrait pr\u00e9dire le risque de d\u00e9velopper une forme grave de la maladie"},"content":{"rendered":"<p>D&rsquo;apr\u00e8s <a data-i13n=\"cpos:1;pos:1\" href=\"https:\/\/www.fondation-mederic-alzheimer.org\/alzheimer-en-chiffres\/\" rel=\"nofollow noopener\" target=\"_blank\" data-ylk=\"slk:les chiffres donn\u00e9s par Alzheimer\u2019s Disease International;cpos:1;pos:1;elm:context_link;itc:0;sec:content-canvas\" class=\"link \">les chiffres donn\u00e9s par Alzheimer\u2019s Disease International<\/a> en 2019, 58 millions de personnes vivent avec une maladie d\u2019Alzheimer et maladies apparent\u00e9es dans le monde. Pour le moment, il n&rsquo;est pas possible d&rsquo;en gu\u00e9rir. Mais, plus la prise en charge est pr\u00e9coce et plus il est possible de mettre en place un accompagnement pour aider le malade et ses proches au mieux.<\/p>\n<p><strong>LIRE AUSSI &gt;&gt;<\/strong> <a data-i13n=\"cpos:2;pos:1\" href=\"https:\/\/fr.news.yahoo.com\/vous-respirez-ainsi-mefiez-vous-ce-pourrait-etre-le-signe-cache-de-la-maladie-dalzheimer-140926282.html\" data-ylk=\"slk:Vous respirez ainsi ? M\u00e9fiez-vous, ce pourrait \u00eatre le signe cach\u00e9 de la maladie d&#039;Alzheimer;cpos:2;pos:1;elm:context_link;itc:0;sec:content-canvas;outcm:mb_qualified_link;_E:mb_qualified_link;ct:story;\" class=\"link  yahoo-link\" target=\"_blank\" rel=\"noopener\">Vous respirez ainsi ? M\u00e9fiez-vous, ce pourrait \u00eatre le signe cach\u00e9 de la maladie d&rsquo;Alzheimer<\/a><\/p>\n<p>Une recherche pr\u00e9sent\u00e9e au congr\u00e8s 2025 de l&rsquo;Acad\u00e9mie europ\u00e9enne de neurologie (EAN) s&rsquo;est int\u00e9ress\u00e9e \u00e0 un nouveau test de d\u00e9pistage. En effet, les chercheurs assurent que la r\u00e9sistance \u00e0 l&rsquo;insuline d\u00e9tect\u00e9e par l&rsquo;indice triglyc\u00e9ride-glucose de routine (TyG) peut signaler les personnes atteintes par la maladie d&rsquo;Alzheimer pr\u00e9coce qui seront quatre fois plus susceptibles de pr\u00e9senter un d\u00e9clin cognitif rapide.<\/p>\n<p>Dans le cadre de cette \u00e9tude, des neurologues de l&rsquo;Universit\u00e9 de Brescia (Italie) ont examin\u00e9 les dossiers de 315 patients non diab\u00e9tiques pr\u00e9sentant des d\u00e9ficits cognitifs. Parmi eux, 200 sont atteints de la maladie d&rsquo;Alzheimer. Tous les sujets ont subi une \u00e9valuation de leur r\u00e9sistance \u00e0 l&rsquo;insuline et ont \u00e9t\u00e9 suivis pendant trois ans. Ces conclusions ont \u00e9t\u00e9 publi\u00e9es dans la revue scientifique Alzheimer&rsquo;s &amp; Dementia.<\/p>\n<p>La r\u00e9sistance \u00e0 l&rsquo;insuline point\u00e9e du doigt<\/p>\n<p>Parmi les personnes souffrant de troubles cognitifs l\u00e9gers dus \u00e0 la maladie d\u2019Alzheimer, celles avec les scores TyG les plus \u00e9lev\u00e9s ont d\u00e9clin\u00e9 quatre fois plus rapidement que les autres. \u00ab\u00a0Une fois qu&rsquo;une d\u00e9ficience cognitive l\u00e9g\u00e8re est diagnostiqu\u00e9e, les familles se demandent toujours \u00e0 quelle vitesse elle va progresser\u00a0\u00bb, expose la chercheuse principale, le Dr Bianca Gumina, cit\u00e9e par <a data-i13n=\"cpos:3;pos:1\" href=\"https:\/\/medicalxpress.com\/news\/2025-06-simple-insulin-resistance-cognitive-decline.html\" rel=\"nofollow noopener\" target=\"_blank\" data-ylk=\"slk:le communiqu\u00e9 de l&#039;\u00e9tude;cpos:3;pos:1;elm:context_link;itc:0;sec:content-canvas\" class=\"link \">le communiqu\u00e9 de l&rsquo;\u00e9tude<\/a>. Avant de compl\u00e9ter : \u00ab\u00a0Nos donn\u00e9es montrent qu\u2019un simple marqueur m\u00e9tabolique disponible dans chaque laboratoire hospitalier peut aider \u00e0 identifier les sujets plus vuln\u00e9rables qui pourraient \u00eatre des candidats appropri\u00e9s pour une th\u00e9rapie cibl\u00e9e ou des strat\u00e9gies d\u2019intervention sp\u00e9cifiques\u00a0\u00bb.<\/p>\n<p><strong>LIRE AUSSI &gt;&gt; <\/strong><a data-i13n=\"cpos:4;pos:1\" href=\"https:\/\/fr.news.yahoo.com\/alzheimer-5-habitudes-retarder-apparition-maladie-101023538.html\" data-ylk=\"slk:Cinq habitudes \u00e0 prendre pour retarder l\u2019apparition de la maladie d\u2019Alzheimer;cpos:4;pos:1;elm:context_link;itc:0;sec:content-canvas;outcm:mb_qualified_link;_E:mb_qualified_link;ct:story;\" class=\"link  yahoo-link\" target=\"_blank\" rel=\"noopener\">Cinq habitudes \u00e0 prendre pour retarder l\u2019apparition de la maladie d\u2019Alzheimer<\/a><\/p>\n<p>D&rsquo;autres \u00e9tudes ont d\u00e9j\u00e0 confirm\u00e9 que la r\u00e9sistance \u00e0 l&rsquo;insuline \u00e9tait associ\u00e9e \u00e0 l&rsquo;apparition de la maladie d&rsquo;Alzheimer. Elle pourrait alt\u00e9rer l\u2019absorption du glucose par le cerveau, favoriser l\u2019accumulation d\u2019amylo\u00efde et perturber la barri\u00e8re h\u00e9mato-enc\u00e9phalique.<\/p>\n<p>D&rsquo;apr\u00e8s les chercheurs, la r\u00e9sistance \u00e0 l&rsquo;insuline alimente l\u2019inflammation. \u00ab\u00a0Si le ciblage du m\u00e9tabolisme peut retarder la progression, nous aurons une cible facilement modifiable qui fonctionne aux c\u00f4t\u00e9s des nouveaux m\u00e9dicaments modificateurs de la maladie\u00a0\u00bb, rapporte le Dr Bianca Gumina. La maladie d&rsquo;Alzheimer se caract\u00e9rise par des troubles de la m\u00e9moire imm\u00e9diate, de l&rsquo;orientation dans l&rsquo;espace et dans les rep\u00e8res temporels, etc. Au fil des ann\u00e9es, le patient voit son autonomie diminu\u00e9e.<\/p>\n","protected":false},"excerpt":{"rendered":"D&rsquo;apr\u00e8s les chiffres donn\u00e9s par Alzheimer\u2019s Disease International en 2019, 58 millions de personnes vivent avec une maladie&hellip;\n","protected":false},"author":2,"featured_media":199111,"comment_status":"","ping_status":"","sticky":false,"template":"","format":"standard","meta":{"footnotes":""},"categories":[10],"tags":[33873,1011,27,72,33874,7243,277,71,29416],"class_list":{"0":"post-199110","1":"post","2":"type-post","3":"status-publish","4":"format-standard","5":"has-post-thumbnail","7":"category-sante","8":"tag-alzheimers-disease-international","9":"tag-fr","10":"tag-france","11":"tag-health","12":"tag-la-resistance","13":"tag-le-monde","14":"tag-maladie-dalzheimer","15":"tag-sante","16":"tag-troubles-de-la-memoire"},"share_on_mastodon":{"url":"https:\/\/pubeurope.com\/@fr\/114734727372573633","error":""},"_links":{"self":[{"href":"https:\/\/www.europesays.com\/fr\/wp-json\/wp\/v2\/posts\/199110","targetHints":{"allow":["GET"]}}],"collection":[{"href":"https:\/\/www.europesays.com\/fr\/wp-json\/wp\/v2\/posts"}],"about":[{"href":"https:\/\/www.europesays.com\/fr\/wp-json\/wp\/v2\/types\/post"}],"author":[{"embeddable":true,"href":"https:\/\/www.europesays.com\/fr\/wp-json\/wp\/v2\/users\/2"}],"replies":[{"embeddable":true,"href":"https:\/\/www.europesays.com\/fr\/wp-json\/wp\/v2\/comments?post=199110"}],"version-history":[{"count":0,"href":"https:\/\/www.europesays.com\/fr\/wp-json\/wp\/v2\/posts\/199110\/revisions"}],"wp:featuredmedia":[{"embeddable":true,"href":"https:\/\/www.europesays.com\/fr\/wp-json\/wp\/v2\/media\/199111"}],"wp:attachment":[{"href":"https:\/\/www.europesays.com\/fr\/wp-json\/wp\/v2\/media?parent=199110"}],"wp:term":[{"taxonomy":"category","embeddable":true,"href":"https:\/\/www.europesays.com\/fr\/wp-json\/wp\/v2\/categories?post=199110"},{"taxonomy":"post_tag","embeddable":true,"href":"https:\/\/www.europesays.com\/fr\/wp-json\/wp\/v2\/tags?post=199110"}],"curies":[{"name":"wp","href":"https:\/\/api.w.org\/{rel}","templated":true}]}}