{"id":199114,"date":"2025-06-23T21:10:08","date_gmt":"2025-06-23T21:10:08","guid":{"rendered":"https:\/\/www.europesays.com\/fr\/199114\/"},"modified":"2025-06-23T21:10:08","modified_gmt":"2025-06-23T21:10:08","slug":"cyril-hanouna-et-tiphaine-auziere-reunis-pour-la-premiere-fois-et-un-gros-bidon-un","status":"publish","type":"post","link":"https:\/\/www.europesays.com\/fr\/199114\/","title":{"rendered":"Cyril Hanouna et Tiphaine Auzi\u00e8re r\u00e9unis pour la premi\u00e8re fois : et un gros bidon, un !"},"content":{"rendered":"<p><a href=\"https:\/\/www.public.fr\/tag\/cyril-hanouna\" target=\"_blank\" rel=\"noopener\">Cyril Hanouna<\/a> et Marl\u00e8ne Schiappa ne se l\u00e2chent plus. Il y a quelques jours, l\u2019animateur qui va bient\u00f4t d\u00e9barquer sur W9 pour pr\u00e9senter sa nouvelle quotidienne <strong>\u00ab\u00a0Tout beau, tout n9uf\u00a0\u00bb<\/strong>, et l\u2019ancienne ministre se retrouvaient au Chinese Business Club, un r\u00e9seau d\u2019affaires cr\u00e9e en 2012, \u00a0\u00e0 l\u2019h\u00f4tel du Collectionneur dans le 8e arrondissement de Paris.<\/p>\n<p>Invit\u00e9 d\u2019honneur de l\u2019\u00e9v\u00e9nement, le pr\u00e9sentateur a d\u2019ailleurs fait un discours. Il a profit\u00e9 de sa prise de parole pour annoncer le redoublement de son fils. Apr\u00e8s cette parenth\u00e8se, \u00ab\u00a0Baba\u00a0\u00bb a parl\u00e9 de sa propre exp\u00e9rience de vie pour \u00e9voquer l\u2019entrepreneuriat, mis \u00e0 l\u2019honneur au cours de la journ\u00e9e du 19 juin 2025.<\/p>\n<p>Une journ\u00e9e \u00e0 laquelle Marl\u00e8ne Schiappa a pris part. Et il y a quelques heures, l\u2019ancienne ministre d\u00e9l\u00e9gu\u00e9e aupr\u00e8s du ministre de l&rsquo;Int\u00e9rieur, charg\u00e9e de la Citoyennet\u00e9, et Cyril Hanouna, ont une nouvelle fois pu se retrouver.<\/p>\n<p>Cyril Hanouna pr\u00e9sent avec Tiphaine Auzi\u00e8re pour la d\u00e9coration de Marl\u00e8ne Schiappa<\/p>\n<p>Nos confr\u00e8res de Gala ont en effet publi\u00e9 plusieurs vid\u00e9os de l\u2019animateur et de l\u2019ancienne ministre actuellement enceinte de son troisi\u00e8me enfant, en direct de l\u2019h\u00f4tel de Lassay \u00e0 Paris. Le futur pr\u00e9sentateur de <strong>\u00ab\u00a0Tout beau, tout n9uf\u00a0\u00bb<\/strong> a assist\u00e9 \u00e0 la remise des insignes de Chevalier de la L\u00e9gion d\u2019honneur \u00e0 Marl\u00e8ne Schiappa.<\/p>\n<p>Les deux apparaissent complices aux c\u00f4t\u00e9s de Tiphaine Auzi\u00e8re, la fille de Brigitte Macron, ou encore Lionel Stan le directeur g\u00e9n\u00e9ral de H2O Productions.<\/p>\n<p>Dans une autre vid\u00e9o, \u00e9galement partag\u00e9e par nos confr\u00e8res, Cyril Hanouna, Marl\u00e8ne Schiappa, et Tiphaine Auzi\u00e8re, apparaissent une nouvelle fois ensemble, toujours depuis l\u2019Elys\u00e9e, mais cette fois-ci avec Gabriel Attal \u00e0 leurs c\u00f4t\u00e9s.\u00a0<\/p>\n<p>Les rumeurs de liaison<\/p>\n<p>Outre la proximit\u00e9 affich\u00e9e avec Marl\u00e8ne Schiappa, Cyril Hanouna appara\u00eet pour la premi\u00e8re fois publiquement aux c\u00f4t\u00e9s de Tiphaine Auzi\u00e8re depuis que <a href=\"https:\/\/www.public.fr\/brigitte-macron-sa-fille-tiphaine-auziere-en-couple-avec-lanimateur-cyril-hanouna\" target=\"_blank\" rel=\"noopener\">les rumeurs de couple ont vu le jour<\/a>. En effet, nos confr\u00e8res de Paris Match indiquaient en mars dernier, que l\u2019animateur et la fille de Brigitte Macron couleraient des jours heureux.\u00a0<\/p>\n<p>Nos confr\u00e8res\u00a0ont consacr\u00e9 une de leur couverture avec des photos des deux int\u00e9ress\u00e9s en train de partager un repas dans un restaurant du VIIIe arrondissement. Depuis la parution de ces clich\u00e9s, aucun des deux n\u2019a pris la parole.<\/p>\n<p>N\u00e9anmoins, plusieurs jours apr\u00e8s la parution de cette couverture, Cyril Hanouna, dans sa quotidienne <strong>\u00ab\u00a0TPMP\u00a0\u00bb<\/strong>, <a href=\"https:\/\/www.public.fr\/tiphaine-auziere-la-fille-de-brigitte-macron-en-couple-avec-cyril-hanouna-lanimateur-sexprime-pour-la-toute-premiere-fois\" target=\"_blank\" rel=\"noopener\">donnait sa vision du bonheur<\/a> et r\u00e9v\u00e9lait \u00eatre toujours, \u00e0 l\u2019\u00e9poque, c\u00e9libataire. <strong>\u00ab\u00a0Regardez-moi, je suis c\u00e9libataire, et pourtant je ne suis pas riche mais j\u2019arrive \u00e0 joindre les deux bouts\u00a0\u00bb<\/strong>, indiquait-il \u00e0 ses chroniqueurs.\u00a0<\/p>\n<p>      Mentionn\u00e9s dans cet article<\/p>\n<p>\u00c0 lire aussi<\/p>\n","protected":false},"excerpt":{"rendered":"Cyril Hanouna et Marl\u00e8ne Schiappa ne se l\u00e2chent plus. Il y a quelques jours, l\u2019animateur qui va bient\u00f4t&hellip;\n","protected":false},"author":2,"featured_media":199115,"comment_status":"","ping_status":"","sticky":false,"template":"","format":"standard","meta":{"footnotes":""},"categories":[8],"tags":[986,1083,58,59,1011,27,33875,8147,33876],"class_list":{"0":"post-199114","1":"post","2":"type-post","3":"status-publish","4":"format-standard","5":"has-post-thumbnail","7":"category-divertissement","8":"tag-brigitte-macron","9":"tag-cyril-hanouna","10":"tag-divertissement","11":"tag-entertainment","12":"tag-fr","13":"tag-france","14":"tag-marlene-schiappa","15":"tag-palais-de-lelysee","16":"tag-tiphaine-auziere"},"share_on_mastodon":{"url":"https:\/\/pubeurope.com\/@fr\/114734735431374953","error":""},"_links":{"self":[{"href":"https:\/\/www.europesays.com\/fr\/wp-json\/wp\/v2\/posts\/199114","targetHints":{"allow":["GET"]}}],"collection":[{"href":"https:\/\/www.europesays.com\/fr\/wp-json\/wp\/v2\/posts"}],"about":[{"href":"https:\/\/www.europesays.com\/fr\/wp-json\/wp\/v2\/types\/post"}],"author":[{"embeddable":true,"href":"https:\/\/www.europesays.com\/fr\/wp-json\/wp\/v2\/users\/2"}],"replies":[{"embeddable":true,"href":"https:\/\/www.europesays.com\/fr\/wp-json\/wp\/v2\/comments?post=199114"}],"version-history":[{"count":0,"href":"https:\/\/www.europesays.com\/fr\/wp-json\/wp\/v2\/posts\/199114\/revisions"}],"wp:featuredmedia":[{"embeddable":true,"href":"https:\/\/www.europesays.com\/fr\/wp-json\/wp\/v2\/media\/199115"}],"wp:attachment":[{"href":"https:\/\/www.europesays.com\/fr\/wp-json\/wp\/v2\/media?parent=199114"}],"wp:term":[{"taxonomy":"category","embeddable":true,"href":"https:\/\/www.europesays.com\/fr\/wp-json\/wp\/v2\/categories?post=199114"},{"taxonomy":"post_tag","embeddable":true,"href":"https:\/\/www.europesays.com\/fr\/wp-json\/wp\/v2\/tags?post=199114"}],"curies":[{"name":"wp","href":"https:\/\/api.w.org\/{rel}","templated":true}]}}