{"id":199118,"date":"2025-06-23T21:12:12","date_gmt":"2025-06-23T21:12:12","guid":{"rendered":"https:\/\/www.europesays.com\/fr\/199118\/"},"modified":"2025-06-23T21:12:12","modified_gmt":"2025-06-23T21:12:12","slug":"nouvelle-alerte-dedf-sur-de-possibles-baisses-de-production-nucleaire-liees-a-la-canicule","status":"publish","type":"post","link":"https:\/\/www.europesays.com\/fr\/199118\/","title":{"rendered":"Nouvelle alerte d\u2019EDF sur de possibles baisses de production nucl\u00e9aire li\u00e9es \u00e0 la canicule"},"content":{"rendered":"<p>L\u2019\u00e9nerg\u00e9ticien annonce de possibles restrictions de production \u00e0 partir du mardi 1er juillet, notamment sur le site de sa centrale de Saint-Alban (Is\u00e8re).<\/p>\n<p class=\"fig-paragraph\">La production nucl\u00e9aire perturb\u00e9e par la canicule. Le<a href=\"http:\/\/www.lefigaro.fr\/societes\/edf-envisage-des-baisses-de-production-nucleaire-a-cause-de-la-canicule-a-partir-de-mercredi-20250619\" data-fig-type=\"NewsFlash\" data-gtm-custom-categorie=\"navigation\" data-gtm-custom-action=\"crossclick\" data-gtm-custom-label=\"Contextuel\" data-gtm-event=\"customEventSPE\" data-fig-domain=\"LEFIGARO\" target=\"_blank\" rel=\"noopener\">\u00a0groupe \u00e9lectricien fran\u00e7ais EDF<\/a>\u00a0a \u00e9mis ce lundi un nouveau message annon\u00e7ant de possibles restrictions de production dans son parc nucl\u00e9aire, \u00e0 partir du mardi 1er juillet, notamment sur le site de sa centrale de Saint-Alban (Is\u00e8re), en raison des cons\u00e9quences des fortes chaleurs sur la temp\u00e9rature des eaux du Rh\u00f4ne. \u00abEn raison des pr\u00e9visions de temp\u00e9ratures \u00e9lev\u00e9es du Rh\u00f4ne, des restrictions de production sont susceptibles d&rsquo;affecter le parc de production nucl\u00e9aire d&rsquo;EDF \u00e0 partir du mardi 1er juillet, et plus particuli\u00e8rement le site\u00bb de la centrale \u00abde Saint-Alban (Is\u00e8re)\u00bb refroidie par le Rh\u00f4ne, a indiqu\u00e9 samedi EDF dans un message d&rsquo;information. Ces pr\u00e9visions seront affin\u00e9es \u00e0 \u00abJ-1\u00bb, a pr\u00e9cis\u00e9 EDF.<\/p>\n<p class=\"fig-paragraph\"><a href=\"http:\/\/www.lefigaro.fr\/meteo\/meteo-la-france-va-connaitre-un-ete-caniculaire-alerte-le-ministre-de-la-sante-20250621\" data-fig-type=\"NewsFlash\" data-gtm-custom-categorie=\"navigation\" data-gtm-custom-action=\"crossclick\" data-gtm-custom-label=\"Contextuel\" data-gtm-event=\"customEventSPE\" data-fig-domain=\"LEFIGARO\" target=\"_blank\" rel=\"noopener\">M\u00e9t\u00e9o-France\u00a0<\/a>a d\u00e9cid\u00e9 lundi du maintien de la vigilance orange \u00abcanicule\u00bb dans deux d\u00e9partements, le Rh\u00f4ne et l&rsquo;Is\u00e8re, comme depuis dimanche. Jeudi, alors que la France faisait face \u00e0 une vague de chaleur pr\u00e9coce, EDF avait \u00e9mis\u00a0<a href=\"http:\/\/www.lefigaro.fr\/societes\/edf-envisage-des-baisses-de-production-nucleaire-a-cause-de-la-canicule-a-partir-de-mercredi-20250619\" target=\"_blank\" data-fig-type=\"NewsFlash\" rel=\"noopener\" data-gtm-custom-categorie=\"navigation\" data-gtm-custom-action=\"crossclick\" data-gtm-custom-label=\"Contextuel\" data-gtm-event=\"customEventSPE\" data-fig-domain=\"LEFIGARO\">le premier message d&rsquo;alerte<\/a>\u00a0pr\u00e9venant de possibles baisses de production, en particulier pour la centrale du Bugey (Ain). Finalement, aucune restriction n&rsquo;a \u00e9t\u00e9 engag\u00e9e sur ce site ce lundi, la journ\u00e9e potentiellement concern\u00e9e, a pr\u00e9cis\u00e9 EDF \u00e0 l&rsquo;AFP. L&rsquo;activit\u00e9 des centrales, qui pompent l&rsquo;eau des rivi\u00e8res adjacentes (ou en mer, le cas \u00e9ch\u00e9ant) pour leur refroidissement avant de la rejeter plus chaude, est encadr\u00e9e par des seuils d&rsquo;\u00e9chauffement et de d\u00e9bit de ces cours d&rsquo;eau \u00e0 ne pas d\u00e9passer. Ces seuils sont propres \u00e0 chaque centrale et visent \u00e0 prot\u00e9ger la faune et la flore.<\/p>\n<p>Respecter les limites de rejets thermiques<\/p>\n<p class=\"fig-paragraph\">Depuis plusieurs ann\u00e9es, dans un contexte de<a href=\"http:\/\/www.lefigaro.fr\/sciences\/dossier\/lutte-rechauffement-climatique-planete-climat-changements-menace-oceans-transports-pollution-energie\" data-fig-type=\"Topic\" data-gtm-custom-categorie=\"navigation\" data-gtm-custom-action=\"crossclick\" data-gtm-custom-label=\"Contextuel\" data-gtm-event=\"customEventSPE\" data-fig-domain=\"LEFIGARO\" target=\"_blank\" rel=\"noopener\">\u00a0r\u00e9chauffement climatique<\/a>, les s\u00e9cheresses et canicules conduisent EDF, parfois d\u00e8s juin, \u00e0 ajuster sa production pour respecter ces limites de rejets thermiques. Si les pertes sont relativement faibles, la puissance disponible mobilisable peut \u00eatre amoindrie de mani\u00e8re importante lors d&rsquo;\u00e9pisodes de fortes chaleurs, selon un rapport de la Cour des comptes de 2023 sur l&rsquo;adaptation au changement climatique du parc nucl\u00e9aire.<\/p>\n<p class=\"fig-paragraph\">Selon le groupe, depuis 2000, les pertes de production nucl\u00e9aire pour des causes environnementales (temp\u00e9rature \u00e9lev\u00e9e et faible d\u00e9bit des fleuves) ont repr\u00e9sent\u00e9 en moyenne 0,3% de la production annuelle du parc nucl\u00e9aire. Lors de la<a href=\"http:\/\/www.lefigaro.fr\/actualite-france\/vingt-ans-apres-la-canicule-de-2003-reste-ancree-comme-un-traumatisme-dans-l-esprit-des-francais-20230822\" data-fig-type=\"Article\" data-gtm-custom-categorie=\"navigation\" data-gtm-custom-action=\"crossclick\" data-gtm-custom-label=\"Contextuel\" data-gtm-event=\"customEventSPE\" data-fig-domain=\"LEFIGARO\" target=\"_blank\" rel=\"noopener\">\u00a0canicule de 2003<\/a>, les pertes de production avaient atteint 1,43% de la production nucl\u00e9aire annuelle d&rsquo;EDF. Les indisponibilit\u00e9s simultan\u00e9es avaient atteint plus de 6 GW, soit pr\u00e8s de 10% de la capacit\u00e9 nucl\u00e9aire install\u00e9e, selon le rapport de la Cour des comptes.<\/p>\n","protected":false},"excerpt":{"rendered":"L\u2019\u00e9nerg\u00e9ticien annonce de possibles restrictions de production \u00e0 partir du mardi 1er juillet, notamment sur le site de&hellip;\n","protected":false},"author":2,"featured_media":199119,"comment_status":"","ping_status":"","sticky":false,"template":"","format":"standard","meta":{"footnotes":""},"categories":[6],"tags":[631,627,630,340,398,35,343,6698,634,405,629,636,33,34,1647,632,638,1011,27,637,399,639,635,5654,401,628,633,407],"class_list":{"0":"post-199118","1":"post","2":"type-post","3":"status-publish","4":"format-standard","5":"has-post-thumbnail","7":"category-economie","8":"tag-action","9":"tag-actions-francaise","10":"tag-actualite-bourse","11":"tag-bourse","12":"tag-bourse-de-paris","13":"tag-business","14":"tag-cac-40","15":"tag-canicule","16":"tag-cotation","17":"tag-cotations","18":"tag-cours-des-societes-francaises","19":"tag-devises","20":"tag-economie","21":"tag-economy","22":"tag-edf","23":"tag-fcp","24":"tag-figaro","25":"tag-fr","26":"tag-france","27":"tag-indices","28":"tag-investissement","29":"tag-le-figaro","30":"tag-marches","31":"tag-nucleaire","32":"tag-sicav","33":"tag-societes-etrangeres","34":"tag-warrant","35":"tag-warrants"},"share_on_mastodon":{"url":"https:\/\/pubeurope.com\/@fr\/114734743131221103","error":""},"_links":{"self":[{"href":"https:\/\/www.europesays.com\/fr\/wp-json\/wp\/v2\/posts\/199118","targetHints":{"allow":["GET"]}}],"collection":[{"href":"https:\/\/www.europesays.com\/fr\/wp-json\/wp\/v2\/posts"}],"about":[{"href":"https:\/\/www.europesays.com\/fr\/wp-json\/wp\/v2\/types\/post"}],"author":[{"embeddable":true,"href":"https:\/\/www.europesays.com\/fr\/wp-json\/wp\/v2\/users\/2"}],"replies":[{"embeddable":true,"href":"https:\/\/www.europesays.com\/fr\/wp-json\/wp\/v2\/comments?post=199118"}],"version-history":[{"count":0,"href":"https:\/\/www.europesays.com\/fr\/wp-json\/wp\/v2\/posts\/199118\/revisions"}],"wp:featuredmedia":[{"embeddable":true,"href":"https:\/\/www.europesays.com\/fr\/wp-json\/wp\/v2\/media\/199119"}],"wp:attachment":[{"href":"https:\/\/www.europesays.com\/fr\/wp-json\/wp\/v2\/media?parent=199118"}],"wp:term":[{"taxonomy":"category","embeddable":true,"href":"https:\/\/www.europesays.com\/fr\/wp-json\/wp\/v2\/categories?post=199118"},{"taxonomy":"post_tag","embeddable":true,"href":"https:\/\/www.europesays.com\/fr\/wp-json\/wp\/v2\/tags?post=199118"}],"curies":[{"name":"wp","href":"https:\/\/api.w.org\/{rel}","templated":true}]}}