{"id":199122,"date":"2025-06-23T21:14:10","date_gmt":"2025-06-23T21:14:10","guid":{"rendered":"https:\/\/www.europesays.com\/fr\/199122\/"},"modified":"2025-06-23T21:14:10","modified_gmt":"2025-06-23T21:14:10","slug":"apres-une-journee-brulante-a-36-voici-ou-ils-pourraient-eclater","status":"publish","type":"post","link":"https:\/\/www.europesays.com\/fr\/199122\/","title":{"rendered":"apr\u00e8s une journ\u00e9e br\u00fblante \u00e0 36\u00b0, voici o\u00f9 ils pourraient \u00e9clater"},"content":{"rendered":"<p>            Par<br \/>\n        <strong><br \/>\n            <a href=\"https:\/\/actu.fr\/auteur\/david-saint-sernin\" title=\"Consulter tous les articles de David Saint-Sernin\" target=\"_blank\" rel=\"noopener\">David Saint-Sernin<\/a><br \/>\n        <\/strong><\/p>\n<p>        Publi\u00e9 le<\/p>\n<p>            23 juin 2025 \u00e0 19h51        <\/p>\n<p>Le <a href=\"https:\/\/actu.fr\/occitanie\/l-hospitalet-pres-l-andorre_09139\/intense-tempete-de-grele-deluge-et-inondations-les-images-du-violent-orage-qui-s-abat-sur-l-andorre_62813257.html\" target=\"_blank\" rel=\"noopener\">violent orage<\/a> qui s\u2019est abattu ce lundi 23\u00a0juin sur la <a href=\"https:\/\/actu.fr\/tag\/andorre\" target=\"_blank\" rel=\"noopener\">Principaut\u00e9 d\u2019Andorre<\/a> est venu le rappeler assez violemment \u00e0 ses habitants\u2009: au pied des montagnes pyr\u00e9n\u00e9ennes, les changements de temps sont brutaux, avec des cons\u00e9quences qui peuvent rapidement \u00eatre f\u00e2cheuses, voire dramatiques.<\/p>\n<p>La Haute-Garonne en vigilance jaune<\/p>\n<p class=\" wall-content\">Pr\u00e8s de deux mois apr\u00e8s les<a href=\"https:\/\/actu.fr\/occitanie\/ardiege_31013\/inondations-la-vague-d-eau-est-arrivee-et-a-tout-emporte-au-pied-des-pyrenees-un-village-durement-touche_62599689.html\" target=\"_blank\" rel=\"noopener\"> inondations qui ont touch\u00e9 Ardi\u00e8ge<\/a> dans le Comminges, ce territoire du d\u00e9partement de Haute-Garonne pourrait encore \u00eatre en premi\u00e8re ligne des intemp\u00e9ries mardi 24\u00a0juin 2025. Ce lundi soir, la vigilance est en effet de mise selon M\u00e9t\u00e9o France qui place la Haute-Garonne en <strong>vigilance jaune aux orages.<\/strong><\/p>\n<p class=\" wall-content\">Une ligne orageuse pourrait ainsi se former de Montr\u00e9jeau \u00e0 Saint-Martory, en passant par Saint-Gaudens.<\/p>\n<p>    <img   decoding=\"async\" loading=\"lazy\" src=\"https:\/\/www.europesays.com\/fr\/wp-content\/uploads\/2025\/06\/capture-decran-2025-06-23-190032-960x640.png\" alt=\"Mardi 24 juin 2025, une ligne orageuse assez intense pourrait se d\u00e9velopper sur le pi\u00e9mont pyr\u00e9n\u00e9en.\" width=\"960\" height=\"640\"\/><br \/>\n    Mardi 24\u00a0juin 2025, une ligne orageuse assez intense pourrait se d\u00e9velopper sur le pi\u00e9mont pyr\u00e9n\u00e9en. (\u00a9Arome\/M\u00e9t\u00e9o France)Jusqu\u2019\u00e0 40\u00b0 en plaine\u2009?<\/p>\n<p class=\" wall-content\">\u00ab\u2009Demain nouvelle advection d\u2019air chaud dans un flux de sud devenant dynamique avec des temp\u00e9ratures proches de 40 degr\u00e9s en plaine, 36 \u00e0 38 sur le Pi\u00e9mont, 28 \u00e0 30 vers 1500m. Des orages forts aborderont le massif venu du sud en fin de journ\u00e9e notamment sur l\u2019ouest\u2009\u00bb, avertit M\u00e9t\u00e9o Pyr\u00e9n\u00e9es.<\/p>\n<p class=\" wall-content\">Sa\u00efd Asbatri, pr\u00e9visionniste chez M\u00e9t\u00e9o France, a annonc\u00e9 plus t\u00f4t dans la journ\u00e9e, \u00e0 Actu Toulouse \u00ab\u2009des maximales \u00e0 36\u00b0C sur Toulouse\u2009\u00bb, mais, selon lui, le ciel ne devrait pas virer \u00e0 l\u2019orage ce mardi sur la Ville rose.<\/p>\n<p>Vid\u00e9os : en ce moment sur Actu<br \/>\n    <img   decoding=\"async\" loading=\"lazy\" src=\"https:\/\/www.europesays.com\/fr\/wp-content\/uploads\/2025\/06\/capture-decran-2025-06-23-192213-960x640.png\" alt=\"Le risque d'orage concerne essentiellement le sud du d\u00e9partement de la Haute-Garonne, mardi 24 juin 2025.\" width=\"960\" height=\"640\"\/><br \/>\n    Le risque d\u2019orage concerne essentiellement le sud du d\u00e9partement de la Haute-Garonne, mardi 24\u00a0juin 2025. (\u00a9M\u00e9t\u00e9o France)<\/p>\n<p class=\" wall-content\">.<\/p>\n<p class=\" wall-content\">Suivez toute l\u2019actualit\u00e9 de vos villes et m\u00e9dias favoris en vous inscrivant \u00e0 <a href=\"https:\/\/moncompte.actu.fr\" title=\"D\u00e9couvez Mon Actu\" rel=\"nofollow noopener\" data-trk=\"{&quot;cta&quot;:{&quot;action&quot;:&quot;https:\\\/\\\/moncompte.actu.fr&quot;,&quot;category&quot;:&quot;mon compte&quot;,&quot;from&quot;:&quot;article footer&quot;,&quot;name&quot;:&quot;Mon actu&quot;,&quot;type&quot;:&quot;cta&quot;}}\" target=\"_blank\">Mon Actu<\/a>.<\/p>\n","protected":false},"excerpt":{"rendered":"Par David Saint-Sernin Publi\u00e9 le 23 juin 2025 \u00e0 19h51 Le violent orage qui s\u2019est abattu ce lundi&hellip;\n","protected":false},"author":2,"featured_media":199123,"comment_status":"","ping_status":"","sticky":false,"template":"","format":"standard","meta":{"footnotes":""},"categories":[4],"tags":[11,1011,27,2487,2357,12,4594,2723,25],"class_list":{"0":"post-199122","1":"post","2":"type-post","3":"status-publish","4":"format-standard","5":"has-post-thumbnail","7":"category-france","8":"tag-actualites","9":"tag-fr","10":"tag-france","11":"tag-meteo","12":"tag-meteo-france","13":"tag-news","14":"tag-orages","15":"tag-pyrenees","16":"tag-republique-francaise"},"share_on_mastodon":{"url":"https:\/\/pubeurope.com\/@fr\/114734751092297891","error":""},"_links":{"self":[{"href":"https:\/\/www.europesays.com\/fr\/wp-json\/wp\/v2\/posts\/199122","targetHints":{"allow":["GET"]}}],"collection":[{"href":"https:\/\/www.europesays.com\/fr\/wp-json\/wp\/v2\/posts"}],"about":[{"href":"https:\/\/www.europesays.com\/fr\/wp-json\/wp\/v2\/types\/post"}],"author":[{"embeddable":true,"href":"https:\/\/www.europesays.com\/fr\/wp-json\/wp\/v2\/users\/2"}],"replies":[{"embeddable":true,"href":"https:\/\/www.europesays.com\/fr\/wp-json\/wp\/v2\/comments?post=199122"}],"version-history":[{"count":0,"href":"https:\/\/www.europesays.com\/fr\/wp-json\/wp\/v2\/posts\/199122\/revisions"}],"wp:featuredmedia":[{"embeddable":true,"href":"https:\/\/www.europesays.com\/fr\/wp-json\/wp\/v2\/media\/199123"}],"wp:attachment":[{"href":"https:\/\/www.europesays.com\/fr\/wp-json\/wp\/v2\/media?parent=199122"}],"wp:term":[{"taxonomy":"category","embeddable":true,"href":"https:\/\/www.europesays.com\/fr\/wp-json\/wp\/v2\/categories?post=199122"},{"taxonomy":"post_tag","embeddable":true,"href":"https:\/\/www.europesays.com\/fr\/wp-json\/wp\/v2\/tags?post=199122"}],"curies":[{"name":"wp","href":"https:\/\/api.w.org\/{rel}","templated":true}]}}