{"id":199126,"date":"2025-06-23T21:16:26","date_gmt":"2025-06-23T21:16:26","guid":{"rendered":"https:\/\/www.europesays.com\/fr\/199126\/"},"modified":"2025-06-23T21:16:26","modified_gmt":"2025-06-23T21:16:26","slug":"saint-chamond-le-cinema-se-met-a-lheure-dete","status":"publish","type":"post","link":"https:\/\/www.europesays.com\/fr\/199126\/","title":{"rendered":"Saint-Chamond. Le cin\u00e9ma se met \u00e0 l\u2019heure d\u2019\u00e9t\u00e9"},"content":{"rendered":"<p>Pour bien d\u00e9marrer l\u2019\u00e9t\u00e9, la f\u00eate du cin\u00e9ma revient du 29\u00a0juin au 2\u00a0juillet \u00e0 l\u2019initiative de la F\u00e9d\u00e9ration nationale des cin\u00e9mas fran\u00e7ais. Pendant quatre jours, toutes les s\u00e9ances seront propos\u00e9es au tarif unique de 5\u00a0euros. Tout au long des vacances, les plus jeunes (3-7 ans) auront droit \u00e0 leur propre programmation gr\u00e2ce au Little Film Festival.<\/p>\n<p>Chaque semaine, plusieurs temps forts sont pr\u00e9vus avec des avant-premi\u00e8res,&#8230;<\/p>\n","protected":false},"excerpt":{"rendered":"Pour bien d\u00e9marrer l\u2019\u00e9t\u00e9, la f\u00eate du cin\u00e9ma revient du 29\u00a0juin au 2\u00a0juillet \u00e0 l\u2019initiative de la F\u00e9d\u00e9ration&hellip;\n","protected":false},"author":2,"featured_media":199127,"comment_status":"","ping_status":"","sticky":false,"template":"","format":"standard","meta":{"footnotes":""},"categories":[9653],"tags":[1111,11,2430,650,1687,7539,1777,674,1011,27,12,25,9669,9670,4001],"class_list":{"0":"post-199126","1":"post","2":"type-post","3":"status-publish","4":"format-standard","5":"has-post-thumbnail","7":"category-saint-etienne","8":"tag-actu","9":"tag-actualites","10":"tag-auvergne-rhone-alpes","11":"tag-cinema","12":"tag-culture-loisirs","13":"tag-edition-loire-sud","14":"tag-eu","15":"tag-europe","16":"tag-fr","17":"tag-france","18":"tag-news","19":"tag-republique-francaise","20":"tag-saint-chamond","21":"tag-saint-chamond-ville","22":"tag-saint-etienne"},"share_on_mastodon":{"url":"https:\/\/pubeurope.com\/@fr\/114734758853672378","error":""},"_links":{"self":[{"href":"https:\/\/www.europesays.com\/fr\/wp-json\/wp\/v2\/posts\/199126","targetHints":{"allow":["GET"]}}],"collection":[{"href":"https:\/\/www.europesays.com\/fr\/wp-json\/wp\/v2\/posts"}],"about":[{"href":"https:\/\/www.europesays.com\/fr\/wp-json\/wp\/v2\/types\/post"}],"author":[{"embeddable":true,"href":"https:\/\/www.europesays.com\/fr\/wp-json\/wp\/v2\/users\/2"}],"replies":[{"embeddable":true,"href":"https:\/\/www.europesays.com\/fr\/wp-json\/wp\/v2\/comments?post=199126"}],"version-history":[{"count":0,"href":"https:\/\/www.europesays.com\/fr\/wp-json\/wp\/v2\/posts\/199126\/revisions"}],"wp:featuredmedia":[{"embeddable":true,"href":"https:\/\/www.europesays.com\/fr\/wp-json\/wp\/v2\/media\/199127"}],"wp:attachment":[{"href":"https:\/\/www.europesays.com\/fr\/wp-json\/wp\/v2\/media?parent=199126"}],"wp:term":[{"taxonomy":"category","embeddable":true,"href":"https:\/\/www.europesays.com\/fr\/wp-json\/wp\/v2\/categories?post=199126"},{"taxonomy":"post_tag","embeddable":true,"href":"https:\/\/www.europesays.com\/fr\/wp-json\/wp\/v2\/tags?post=199126"}],"curies":[{"name":"wp","href":"https:\/\/api.w.org\/{rel}","templated":true}]}}